{"id":309359,"date":"2021-03-09T10:51:22","date_gmt":"2021-03-09T07:51:22","guid":{"rendered":"http:\/\/arantv.az\/?p=309359"},"modified":"2021-03-09T10:51:22","modified_gmt":"2021-03-09T07:51:22","slug":"dami-ucan-m%c9%99kt%c9%99bd%c9%99-t%c9%99mir-isl%c9%99rin%c9%99-baslanildi","status":"publish","type":"post","link":"https:\/\/arantv.az\/?p=309359","title":{"rendered":"Dam\u0131 u\u00e7an m\u0259kt\u0259bd\u0259 t\u0259mir i\u015fl\u0259rin\u0259 ba\u015flan\u0131ld\u0131"},"content":{"rendered":"<blockquote><p><em><strong>Bak\u0131da g\u00fccl\u00fc k\u00fcl\u0259k s\u0259b\u0259bind\u0259n dam\u0131 u\u00e7an 278 sayl\u0131 m\u0259kt\u0259bd\u0259 t\u0259mir i\u015fl\u0259rin\u0259 ba\u015flan\u0131l\u0131b.<\/strong><\/em><\/p><\/blockquote>\n<p><strong>ARANTV.AZ<\/strong>\u00a0 bildirir ki, bu bar\u0259d\u0259\u00a0<a href=\"http:\/\/az.trend.az\/\" target=\"_blank\" rel=\"noopener\">Trend<\/a>-\u0259 m\u0259kt\u0259bin direktoru M\u0259lah\u0259t \u018fliyeva bildirib. Onun s\u00f6zl\u0259rin\u0259 g\u00f6r\u0259, hadis\u0259 mart\u0131n 7-si s\u0259h\u0259r saatlar\u0131nda ba\u015f verib, g\u00fccl\u00fc k\u00fcl\u0259k m\u0259kt\u0259bin bir korpusunun dam \u00f6rt\u00fcy\u00fcn\u00fc u\u00e7urub:<\/p>\n<p>&#8220;Hadis\u0259 ba\u015f ver\u0259nd\u0259n d\u0259rhal sonra T\u0259hsil Nazirliyi v\u0259 Bak\u0131 \u015e\u0259h\u0259ri \u00fczr\u0259 T\u0259hsil \u0130dar\u0259sin\u0259 m\u0259lumat verildi. M\u0259lumata d\u0259rhal reaksiya verildi, m\u00fct\u0259x\u0259ssisl\u0259r m\u0259kt\u0259bd\u0259 oldular, v\u0259ziyy\u0259tl\u0259 ba\u011fl\u0131 ilkin t\u0259hl\u00fck\u0259sizlik t\u0259dbirl\u0259ri g\u00f6r\u00fcld\u00fc. Haz\u0131rda m\u0259kt\u0259bin dam\u0131nda t\u0259mir i\u015fl\u0259rin\u0259 ba\u015flan\u0131l\u0131b, iki h\u0259ft\u0259 \u0259rzind\u0259 yekunla\u015faca\u011f\u0131 planla\u015fd\u0131r\u0131l\u0131r&#8221;.<\/p>\n","protected":false},"excerpt":{"rendered":"<p>Bak\u0131da g\u00fccl\u00fc k\u00fcl\u0259k s\u0259b\u0259bind\u0259n dam\u0131 u\u00e7an 278 sayl\u0131 m\u0259kt\u0259bd\u0259 t\u0259mir i\u015fl\u0259rin\u0259 ba\u015flan\u0131l\u0131b. ARANTV.AZ\u00a0 bildirir ki, bu bar\u0259d\u0259\u00a0Trend-\u0259 m\u0259kt\u0259bin direktoru M\u0259lah\u0259t \u018fliyeva bildirib. Onun s\u00f6zl\u0259rin\u0259 g\u00f6r\u0259, hadis\u0259 mart\u0131n 7-si s\u0259h\u0259r saatlar\u0131nda ba\u015f verib, g\u00fccl\u00fc k\u00fcl\u0259k m\u0259kt\u0259bin bir korpusunun dam \u00f6rt\u00fcy\u00fcn\u00fc u\u00e7urub: &#8220;Hadis\u0259 ba\u015f ver\u0259nd\u0259n d\u0259rhal sonra T\u0259hsil Nazirliyi v\u0259 Bak\u0131 \u015e\u0259h\u0259ri \u00fczr\u0259 T\u0259hsil \u0130dar\u0259sin\u0259 m\u0259lumat verildi. M\u0259lumata d\u0259rhal reaksiya verildi, m\u00fct\u0259x\u0259ssisl\u0259r m\u0259kt\u0259bd\u0259 oldular, v\u0259ziyy\u0259tl\u0259 ba\u011fl\u0131 ilkin t\u0259hl\u00fck\u0259sizlik t\u0259dbirl\u0259ri g\u00f6r\u00fcld\u00fc. Haz\u0131rda m\u0259kt\u0259bin dam\u0131nda t\u0259mir i\u015fl\u0259rin\u0259 ba\u015flan\u0131l\u0131b, iki h\u0259ft\u0259 \u0259rzind\u0259 yekunla\u015faca\u011f\u0131 planla\u015fd\u0131r\u0131l\u0131r&#8221;.<\/p>\n","protected":false},"author":2,"featured_media":309360,"comment_status":"closed","ping_status":"closed","sticky":false,"template":"","format":"standard","meta":{"om_disable_all_campaigns":false,"_monsterinsights_skip_tracking":false,"_monsterinsights_sitenote_active":false,"_monsterinsights_sitenote_note":"","_monsterinsights_sitenote_category":0},"categories":[26],"tags":[],"aioseo_notices":[],"gutentor_comment":0,"rttpg_featured_image_url":{"full":["https:\/\/arantv.az\/wp-content\/uploads\/2021\/03\/929139.jpg",800,600,false],"landscape":["https:\/\/arantv.az\/wp-content\/uploads\/2021\/03\/929139.jpg",800,600,false],"portraits":["https:\/\/arantv.az\/wp-content\/uploads\/2021\/03\/929139.jpg",800,600,false],"thumbnail":["https:\/\/arantv.az\/wp-content\/uploads\/2021\/03\/929139-150x150.jpg",150,150,true],"medium":["https:\/\/arantv.az\/wp-content\/uploads\/2021\/03\/929139-300x225.jpg",300,225,true],"large":["https:\/\/arantv.az\/wp-content\/uploads\/2021\/03\/929139.jpg",640,480,false],"1536x1536":["https:\/\/arantv.az\/wp-content\/uploads\/2021\/03\/929139.jpg",800,600,false],"2048x2048":["https:\/\/arantv.az\/wp-content\/uploads\/2021\/03\/929139.jpg",800,600,false],"post-thumbnail":["https:\/\/arantv.az\/wp-content\/uploads\/2021\/03\/929139-240x172.jpg",240,172,true],"advps-thumb-one":["https:\/\/arantv.az\/wp-content\/uploads\/2021\/03\/929139.jpg",800,600,false]},"rttpg_author":{"display_name":"V\u00fcsal Rafiqo\u011flu","author_link":"https:\/\/arantv.az\/?author=2"},"rttpg_comment":0,"rttpg_category":"<a href=\"https:\/\/arantv.az\/?cat=26\" rel=\"category\">Sosial<\/a>","rttpg_excerpt":"Bak\u0131da g\u00fccl\u00fc k\u00fcl\u0259k s\u0259b\u0259bind\u0259n dam\u0131 u\u00e7an 278 sayl\u0131 m\u0259kt\u0259bd\u0259 t\u0259mir i\u015fl\u0259rin\u0259 ba\u015flan\u0131l\u0131b. ARANTV.AZ\u00a0 bildirir ki, bu bar\u0259d\u0259\u00a0Trend-\u0259 m\u0259kt\u0259bin direktoru M\u0259lah\u0259t \u018fliyeva bildirib. Onun s\u00f6zl\u0259rin\u0259 g\u00f6r\u0259, hadis\u0259 mart\u0131n 7-si s\u0259h\u0259r saatlar\u0131nda ba\u015f verib, g\u00fccl\u00fc k\u00fcl\u0259k m\u0259kt\u0259bin bir korpusunun dam \u00f6rt\u00fcy\u00fcn\u00fc u\u00e7urub: &#8220;Hadis\u0259 ba\u015f ver\u0259nd\u0259n d\u0259rhal sonra T\u0259hsil Nazirliyi v\u0259 Bak\u0131 \u015e\u0259h\u0259ri \u00fczr\u0259 T\u0259hsil \u0130dar\u0259sin\u0259 m\u0259lumat verildi.&hellip;","_links":{"self":[{"href":"https:\/\/arantv.az\/index.php?rest_route=\/wp\/v2\/posts\/309359"}],"collection":[{"href":"https:\/\/arantv.az\/index.php?rest_route=\/wp\/v2\/posts"}],"about":[{"href":"https:\/\/arantv.az\/index.php?rest_route=\/wp\/v2\/types\/post"}],"author":[{"embeddable":true,"href":"https:\/\/arantv.az\/index.php?rest_route=\/wp\/v2\/users\/2"}],"replies":[{"embeddable":true,"href":"https:\/\/arantv.az\/index.php?rest_route=%2Fwp%2Fv2%2Fcomments&post=309359"}],"version-history":[{"count":0,"href":"https:\/\/arantv.az\/index.php?rest_route=\/wp\/v2\/posts\/309359\/revisions"}],"wp:featuredmedia":[{"embeddable":true,"href":"https:\/\/arantv.az\/index.php?rest_route=\/wp\/v2\/media\/309360"}],"wp:attachment":[{"href":"https:\/\/arantv.az\/index.php?rest_route=%2Fwp%2Fv2%2Fmedia&parent=309359"}],"wp:term":[{"taxonomy":"category","embeddable":true,"href":"https:\/\/arantv.az\/index.php?rest_route=%2Fwp%2Fv2%2Fcategories&post=309359"},{"taxonomy":"post_tag","embeddable":true,"href":"https:\/\/arantv.az\/index.php?rest_route=%2Fwp%2Fv2%2Ftags&post=309359"}],"curies":[{"name":"wp","href":"https:\/\/api.w.org\/{rel}","templated":true}]}}