{"id":310974,"date":"2021-03-11T10:13:22","date_gmt":"2021-03-11T07:13:22","guid":{"rendered":"http:\/\/arantv.az\/?p=310974"},"modified":"2021-03-11T10:13:22","modified_gmt":"2021-03-11T07:13:22","slug":"bakida-ogul-cayxanada-xadim%c9%99-isl%c9%99y%c9%99n-anasini-oldurdu","status":"publish","type":"post","link":"https:\/\/arantv.az\/?p=310974","title":{"rendered":"Bak\u0131da o\u011ful \u00e7ayxanada xadim\u0259 i\u015fl\u0259y\u0259n anas\u0131n\u0131 \u00f6ld\u00fcrd\u00fc"},"content":{"rendered":"<p>Mart\u0131n 10-da saat 09:00\u00a0rad\u0259l\u0259rind\u0259 Bak\u0131 \u015f\u0259h\u0259ri, X\u0259tai rayonu, Sabit Orucov k\u00fc\u00e7\u0259si 28 \u00fcnvan\u0131nda yerl\u0259\u015f\u0259n \u00e7ayxanada xadim\u0259 i\u015fl\u0259y\u0259n Bax\u015fiyeva Mahir\u0259 H\u00fcseyn q\u0131z\u0131n\u0131n \u00fcz\u0259rind\u0259 \u00e7oxsayl\u0131 k\u0259silmi\u015f-de\u015filmi\u015f x\u0259sar\u0259tl\u0259rl\u0259 zorak\u0131l\u0131q \u0259lam\u0259tl\u0259ri olan meyitinin a\u015fkar edilm\u0259si bar\u0259d\u0259 rayon prokurorlu\u011funa m\u0259lumat daxil olub.<\/p>\n<p>X\u0259tai rayon prokurorlu\u011fundan veril\u0259n m\u0259lumata g\u00f6r\u0259, cinay\u0259t prosessual qanunvericiliyinin t\u0259l\u0259bl\u0259rin\u0259 \u0259sas\u0259n, prokurorluq \u0259m\u0259kda\u015flar\u0131 t\u0259r\u0259find\u0259n m\u0259hk\u0259m\u0259-tibb ekspertinin i\u015ftirak\u0131 il\u0259 hadis\u0259 yerin\u0259 v\u0259 meyit\u0259 bax\u0131\u015f ke\u00e7irilib, dig\u0259r prosessual h\u0259r\u0259k\u0259tl\u0259r yerin\u0259 yetirilib.<\/p>\n<p>Apar\u0131lan ilkin ara\u015fd\u0131rmalarla z\u0259r\u0259r\u00e7\u0259kmi\u015fin o\u011flu 1990-c\u0131 il t\u0259v\u0259ll\u00fcdl\u00fc Bax\u015fiyev Zamin Af\u0259rin o\u011flunun \u015f\u0259xsi m\u00fcnasib\u0259tl\u0259r z\u0259minind\u0259 aralar\u0131nda yaranm\u0131\u015f m\u00fcbahis\u0259 zaman\u0131 b\u0131\u00e7aqla \u00e7oxsayl\u0131 x\u0259sar\u0259tl\u0259r yetir\u0259r\u0259k Mahir\u0259 Bax\u015fiyevan\u0131 q\u0259sd\u0259n \u00f6ld\u00fcrm\u0259sin\u0259 \u0259sasl\u0131 \u015f\u00fcbh\u0259l\u0259r m\u00fc\u0259yy\u0259n edilib.<\/p>\n<div id=\"AdviadNativeVideo0\" class=\"AdviadNativeVideo\"><\/div>\n<p>Faktla ba\u011fl\u0131 X\u0259tai rayon prokurorlu\u011funda Cinay\u0259t M\u0259c\u0259ll\u0259sinin 120.1-ci (q\u0259sd\u0259n adam \u00f6ld\u00fcrm\u0259) madd\u0259si il\u0259 cinay\u0259t i\u015fi ba\u015flan\u0131b.<\/p>\n<p>Zamin Bax\u015fiyev \u015f\u00fcbh\u0259li \u015f\u0259xs qismind\u0259 tutularaq istintaqa c\u0259lb edilib, cinay\u0259tin predmeti olan b\u0131\u00e7aq, h\u0259m\u00e7inin i\u015f \u00fc\u00e7\u00fcn \u0259h\u0259miyy\u0259t k\u0259sb ed\u0259n dig\u0259r maddi s\u00fcbutlar m\u00fcvafiq qaydada qabla\u015fd\u0131r\u0131laraq g\u00f6t\u00fcr\u00fcl\u00fcb.<\/p>\n<p>Haz\u0131rda cinay\u0259t i\u015fi \u00fczr\u0259 istintaq h\u0259r\u0259k\u0259tl\u0259ri davam etdirilir.<\/p>\n","protected":false},"excerpt":{"rendered":"<p>Mart\u0131n 10-da saat 09:00\u00a0rad\u0259l\u0259rind\u0259 Bak\u0131 \u015f\u0259h\u0259ri, X\u0259tai rayonu, Sabit Orucov k\u00fc\u00e7\u0259si 28 \u00fcnvan\u0131nda yerl\u0259\u015f\u0259n \u00e7ayxanada xadim\u0259 i\u015fl\u0259y\u0259n Bax\u015fiyeva Mahir\u0259 H\u00fcseyn q\u0131z\u0131n\u0131n \u00fcz\u0259rind\u0259 \u00e7oxsayl\u0131 k\u0259silmi\u015f-de\u015filmi\u015f x\u0259sar\u0259tl\u0259rl\u0259 zorak\u0131l\u0131q \u0259lam\u0259tl\u0259ri olan meyitinin a\u015fkar edilm\u0259si bar\u0259d\u0259 rayon prokurorlu\u011funa m\u0259lumat daxil olub. X\u0259tai rayon prokurorlu\u011fundan veril\u0259n m\u0259lumata g\u00f6r\u0259, cinay\u0259t prosessual qanunvericiliyinin t\u0259l\u0259bl\u0259rin\u0259 \u0259sas\u0259n, prokurorluq \u0259m\u0259kda\u015flar\u0131 t\u0259r\u0259find\u0259n m\u0259hk\u0259m\u0259-tibb ekspertinin i\u015ftirak\u0131 il\u0259 hadis\u0259 yerin\u0259 v\u0259 meyit\u0259 bax\u0131\u015f ke\u00e7irilib, dig\u0259r prosessual h\u0259r\u0259k\u0259tl\u0259r yerin\u0259 yetirilib. Apar\u0131lan ilkin ara\u015fd\u0131rmalarla z\u0259r\u0259r\u00e7\u0259kmi\u015fin o\u011flu 1990-c\u0131 il t\u0259v\u0259ll\u00fcdl\u00fc Bax\u015fiyev Zamin Af\u0259rin o\u011flunun \u015f\u0259xsi m\u00fcnasib\u0259tl\u0259r z\u0259minind\u0259 aralar\u0131nda yaranm\u0131\u015f m\u00fcbahis\u0259 zaman\u0131 b\u0131\u00e7aqla \u00e7oxsayl\u0131 x\u0259sar\u0259tl\u0259r yetir\u0259r\u0259k Mahir\u0259&hellip;<\/p>\n","protected":false},"author":2,"featured_media":310975,"comment_status":"closed","ping_status":"closed","sticky":false,"template":"","format":"standard","meta":{"om_disable_all_campaigns":false,"_monsterinsights_skip_tracking":false,"_monsterinsights_sitenote_active":false,"_monsterinsights_sitenote_note":"","_monsterinsights_sitenote_category":0},"categories":[3],"tags":[],"aioseo_notices":[],"gutentor_comment":0,"rttpg_featured_image_url":{"full":["https:\/\/arantv.az\/wp-content\/uploads\/2021\/03\/qa-1.jpg",620,413,false],"landscape":["https:\/\/arantv.az\/wp-content\/uploads\/2021\/03\/qa-1.jpg",620,413,false],"portraits":["https:\/\/arantv.az\/wp-content\/uploads\/2021\/03\/qa-1.jpg",620,413,false],"thumbnail":["https:\/\/arantv.az\/wp-content\/uploads\/2021\/03\/qa-1-150x150.jpg",150,150,true],"medium":["https:\/\/arantv.az\/wp-content\/uploads\/2021\/03\/qa-1-300x200.jpg",300,200,true],"large":["https:\/\/arantv.az\/wp-content\/uploads\/2021\/03\/qa-1.jpg",620,413,false],"1536x1536":["https:\/\/arantv.az\/wp-content\/uploads\/2021\/03\/qa-1.jpg",620,413,false],"2048x2048":["https:\/\/arantv.az\/wp-content\/uploads\/2021\/03\/qa-1.jpg",620,413,false],"post-thumbnail":["https:\/\/arantv.az\/wp-content\/uploads\/2021\/03\/qa-1-240x172.jpg",240,172,true],"advps-thumb-one":["https:\/\/arantv.az\/wp-content\/uploads\/2021\/03\/qa-1.jpg",620,413,false]},"rttpg_author":{"display_name":"V\u00fcsal Rafiqo\u011flu","author_link":"https:\/\/arantv.az\/?author=2"},"rttpg_comment":0,"rttpg_category":"<a href=\"https:\/\/arantv.az\/?cat=3\" rel=\"category\">Kriminal<\/a>","rttpg_excerpt":"Mart\u0131n 10-da saat 09:00\u00a0rad\u0259l\u0259rind\u0259 Bak\u0131 \u015f\u0259h\u0259ri, X\u0259tai rayonu, Sabit Orucov k\u00fc\u00e7\u0259si 28 \u00fcnvan\u0131nda yerl\u0259\u015f\u0259n \u00e7ayxanada xadim\u0259 i\u015fl\u0259y\u0259n Bax\u015fiyeva Mahir\u0259 H\u00fcseyn q\u0131z\u0131n\u0131n \u00fcz\u0259rind\u0259 \u00e7oxsayl\u0131 k\u0259silmi\u015f-de\u015filmi\u015f x\u0259sar\u0259tl\u0259rl\u0259 zorak\u0131l\u0131q \u0259lam\u0259tl\u0259ri olan meyitinin a\u015fkar edilm\u0259si bar\u0259d\u0259 rayon prokurorlu\u011funa m\u0259lumat daxil olub. X\u0259tai rayon prokurorlu\u011fundan veril\u0259n m\u0259lumata g\u00f6r\u0259, cinay\u0259t prosessual qanunvericiliyinin t\u0259l\u0259bl\u0259rin\u0259 \u0259sas\u0259n, prokurorluq \u0259m\u0259kda\u015flar\u0131 t\u0259r\u0259find\u0259n m\u0259hk\u0259m\u0259-tibb ekspertinin i\u015ftirak\u0131 il\u0259&hellip;","_links":{"self":[{"href":"https:\/\/arantv.az\/index.php?rest_route=\/wp\/v2\/posts\/310974"}],"collection":[{"href":"https:\/\/arantv.az\/index.php?rest_route=\/wp\/v2\/posts"}],"about":[{"href":"https:\/\/arantv.az\/index.php?rest_route=\/wp\/v2\/types\/post"}],"author":[{"embeddable":true,"href":"https:\/\/arantv.az\/index.php?rest_route=\/wp\/v2\/users\/2"}],"replies":[{"embeddable":true,"href":"https:\/\/arantv.az\/index.php?rest_route=%2Fwp%2Fv2%2Fcomments&post=310974"}],"version-history":[{"count":0,"href":"https:\/\/arantv.az\/index.php?rest_route=\/wp\/v2\/posts\/310974\/revisions"}],"wp:featuredmedia":[{"embeddable":true,"href":"https:\/\/arantv.az\/index.php?rest_route=\/wp\/v2\/media\/310975"}],"wp:attachment":[{"href":"https:\/\/arantv.az\/index.php?rest_route=%2Fwp%2Fv2%2Fmedia&parent=310974"}],"wp:term":[{"taxonomy":"category","embeddable":true,"href":"https:\/\/arantv.az\/index.php?rest_route=%2Fwp%2Fv2%2Fcategories&post=310974"},{"taxonomy":"post_tag","embeddable":true,"href":"https:\/\/arantv.az\/index.php?rest_route=%2Fwp%2Fv2%2Ftags&post=310974"}],"curies":[{"name":"wp","href":"https:\/\/api.w.org\/{rel}","templated":true}]}}