{"id":310982,"date":"2021-03-11T10:22:05","date_gmt":"2021-03-11T07:22:05","guid":{"rendered":"http:\/\/arantv.az\/?p=310982"},"modified":"2021-03-11T10:22:05","modified_gmt":"2021-03-11T07:22:05","slug":"k%c9%99nd-t%c9%99s%c9%99rrufatinda-calisanlarla-muqavil%c9%99l%c9%99r-nec%c9%99-baglanacaq-yeni-qayda","status":"publish","type":"post","link":"https:\/\/arantv.az\/?p=310982","title":{"rendered":"K\u0259nd t\u0259s\u0259rr\u00fcfat\u0131nda \u00e7al\u0131\u015fanlarla m\u00fcqavil\u0259l\u0259r nec\u0259 ba\u011flanacaq? &#8211; Yeni qayda"},"content":{"rendered":"<p>Az\u0259rbaycanda qeyri-formal m\u0259\u015f\u011fullu\u011fun m\u00fc\u0259yy\u0259n bir hiss\u0259si k\u0259nd t\u0259s\u0259rr\u00fcfat\u0131n\u0131n pay\u0131na d\u00fc\u015f\u00fcr. Bel\u0259ki, k\u0259nd t\u0259s\u0259rr\u00fcfat\u0131 sah\u0259sind\u0259 m\u00f6vs\u00fcmi i\u015fl\u0259r\u0259 c\u0259lb edil\u0259n insanlarla \u0259m\u0259k m\u00fcqavil\u0259l\u0259rinin ba\u011flanmas\u0131nda m\u00fc\u0259yy\u0259n probleml\u0259r var idi. Lakin \u018fm\u0259k M\u0259c\u0259ll\u0259sin\u0259 edil\u0259n son d\u0259yi\u015fiklikl\u0259r bu problemin aradan qald\u0131r\u0131lmas\u0131na y\u00f6n\u0259lib.<\/p>\n<p>M\u0259s\u0259l\u0259 il\u0259 ba\u011fl\u0131\u00a0<a href=\"https:\/\/az.trend.az\/\" target=\"_blank\" rel=\"noopener\">Trend<\/a>-\u0259\u00a0a\u00e7\u0131qlama ver\u0259n Milli M\u0259clisinin \u018fm\u0259k v\u0259 Sosial Siyas\u0259t Komit\u0259sinin \u00fczv\u00fc V\u00fcqar Bayramov bildirib ki, &#8220;\u018fm\u0259k M\u0259c\u0259ll\u0259sin\u0259&#8221; edil\u0259n d\u0259yi\u015fiklikl\u0259r k\u0259nd t\u0259s\u0259rr\u00fcfat\u0131nda m\u00f6vs\u00fcmi m\u00fcdd\u0259tli \u0259m\u0259k m\u00fcqavil\u0259l\u0259ri ba\u011flama\u011f\u0131 qada\u011fan etmir:<\/p>\n<p>&#8220;Bel\u0259 ki, s\u00f6z\u00fcged\u0259n m\u0259c\u0259ll\u0259nin 47-ci madd\u0259sin\u0259 uy\u011fun olaraq m\u00fcdd\u0259tli \u0259m\u0259k m\u00fcqavil\u0259sinin ba\u011flanmas\u0131 m\u00fcmk\u00fcnd\u00fcr. H\u0259min madd\u0259y\u0259 \u0259sas\u0259n, t\u0259bii v\u0259 iqlim \u015f\u0259raitin\u0259 v\u0259 ya i\u015fin x\u00fcsusiyy\u0259tin\u0259 g\u00f6r\u0259 il boyu g\u00f6r\u00fcl\u0259 bilm\u0259y\u0259n m\u00f6vs\u00fcm\u00fc i\u015fl\u0259rin yerin\u0259 yetirilm\u0259si zaman\u0131, el\u0259c\u0259 d\u0259 i\u015fin h\u0259cminin v\u0259 davamiyy\u0259tinin q\u0131sam\u00fcdd\u0259tli oldu\u011fu t\u0259mir-tikinti, qura\u015fd\u0131rma, yeni texnologiyan\u0131n t\u0259tbiqi v\u0259 m\u0259nims\u0259nilm\u0259si, t\u0259cr\u00fcb\u0259-s\u0131naq i\u015fl\u0259rinin apar\u0131lmas\u0131 v\u0259 bu q\u0259bild\u0259n olan dig\u0259r i\u015fl\u0259rin g\u00f6r\u00fcld\u00fcy\u00fc hallarda m\u00fcdd\u0259tli \u0259m\u0259k m\u00fcqavil\u0259l\u0259ri ba\u011flana bil\u0259r. Bu is\u0259 o dem\u0259kdir ki, k\u0259nd t\u0259s\u0259rr\u00fcfat\u0131nda da m\u00f6vs\u00fcmi i\u015fl\u0259rin yerin\u0259 yetirilm\u0259si zaman\u0131 bu n\u00f6v m\u00fcqavil\u0259l\u0259rd\u0259n istifad\u0259 oluna bil\u0259c\u0259k&#8221;.<\/p>\n<p>Deputat bildirib ki, m\u0259c\u0259ll\u0259y\u0259 \u0259sas\u0259n, i\u015f\u00e7inin \u015f\u0259xsi, ail\u0259-m\u0259i\u015f\u0259t v\u0259ziyy\u0259ti il\u0259 ba\u011fl\u0131 olan, o c\u00fcml\u0259d\u0259n i\u015fl\u0259m\u0259kl\u0259 yana\u015f\u0131 t\u0259hsil ald\u0131\u011f\u0131, m\u00fc\u0259yy\u0259n s\u0259b\u0259bd\u0259n m\u00fcvafiq ya\u015fay\u0131\u015f m\u0259nt\u0259q\u0259sind\u0259 m\u00fcv\u0259qq\u0259ti ya\u015fad\u0131\u011f\u0131, pensiya ya\u015f\u0131na \u00e7atd\u0131qda i\u015fl\u0259m\u0259k ist\u0259yi oldu\u011fu hallarda da m\u00fcdd\u0259tli \u0259m\u0259k m\u00fcqavil\u0259si ba\u011flan\u0131la bil\u0259r.V.Bayramovun s\u00f6zl\u0259rin\u0259 g\u00f6r\u0259, d\u0259yi\u015fiklikl\u0259 qanunvericiliy\u0259 \u0259m\u0259k m\u00fcnasib\u0259tl\u0259ri il\u0259 ba\u011fl\u0131 ayd\u0131n v\u0259 \u00f6l\u00e7\u00fcl\u0259 bil\u0259n meyarlar daxil edilir: &#8220;Eyni zamanda, d\u0259yi\u015fiklik \u0259m\u0259k m\u00fcnasib\u0259tl\u0259rinin m\u00fclki h\u00fcquqi m\u00fcqavil\u0259l\u0259rl\u0259 r\u0259smil\u0259\u015fdirilm\u0259sini yolverilm\u0259z hesab ets\u0259 d\u0259 bu, m\u00fcdd\u0259tli \u0259m\u0259k m\u00fcqavil\u0259l\u0259ri ba\u011flama\u011f\u0131 qada\u011fan etmir&#8221;.<\/p>\n","protected":false},"excerpt":{"rendered":"<p>Az\u0259rbaycanda qeyri-formal m\u0259\u015f\u011fullu\u011fun m\u00fc\u0259yy\u0259n bir hiss\u0259si k\u0259nd t\u0259s\u0259rr\u00fcfat\u0131n\u0131n pay\u0131na d\u00fc\u015f\u00fcr. Bel\u0259ki, k\u0259nd t\u0259s\u0259rr\u00fcfat\u0131 sah\u0259sind\u0259 m\u00f6vs\u00fcmi i\u015fl\u0259r\u0259 c\u0259lb edil\u0259n insanlarla \u0259m\u0259k m\u00fcqavil\u0259l\u0259rinin ba\u011flanmas\u0131nda m\u00fc\u0259yy\u0259n probleml\u0259r var idi. Lakin \u018fm\u0259k M\u0259c\u0259ll\u0259sin\u0259 edil\u0259n son d\u0259yi\u015fiklikl\u0259r bu problemin aradan qald\u0131r\u0131lmas\u0131na y\u00f6n\u0259lib. M\u0259s\u0259l\u0259 il\u0259 ba\u011fl\u0131\u00a0Trend-\u0259\u00a0a\u00e7\u0131qlama ver\u0259n Milli M\u0259clisinin \u018fm\u0259k v\u0259 Sosial Siyas\u0259t Komit\u0259sinin \u00fczv\u00fc V\u00fcqar Bayramov bildirib ki, &#8220;\u018fm\u0259k M\u0259c\u0259ll\u0259sin\u0259&#8221; edil\u0259n d\u0259yi\u015fiklikl\u0259r k\u0259nd t\u0259s\u0259rr\u00fcfat\u0131nda m\u00f6vs\u00fcmi m\u00fcdd\u0259tli \u0259m\u0259k m\u00fcqavil\u0259l\u0259ri ba\u011flama\u011f\u0131 qada\u011fan etmir: &#8220;Bel\u0259 ki, s\u00f6z\u00fcged\u0259n m\u0259c\u0259ll\u0259nin 47-ci madd\u0259sin\u0259 uy\u011fun olaraq m\u00fcdd\u0259tli \u0259m\u0259k m\u00fcqavil\u0259sinin ba\u011flanmas\u0131 m\u00fcmk\u00fcnd\u00fcr. H\u0259min madd\u0259y\u0259 \u0259sas\u0259n, t\u0259bii v\u0259 iqlim \u015f\u0259raitin\u0259 v\u0259 ya i\u015fin x\u00fcsusiyy\u0259tin\u0259&hellip;<\/p>\n","protected":false},"author":2,"featured_media":310983,"comment_status":"closed","ping_status":"closed","sticky":false,"template":"","format":"standard","meta":{"om_disable_all_campaigns":false,"_monsterinsights_skip_tracking":false,"_monsterinsights_sitenote_active":false,"_monsterinsights_sitenote_note":"","_monsterinsights_sitenote_category":0},"categories":[19],"tags":[],"aioseo_notices":[],"gutentor_comment":0,"rttpg_featured_image_url":{"full":["https:\/\/arantv.az\/wp-content\/uploads\/2021\/03\/929815.jpg",800,600,false],"landscape":["https:\/\/arantv.az\/wp-content\/uploads\/2021\/03\/929815.jpg",800,600,false],"portraits":["https:\/\/arantv.az\/wp-content\/uploads\/2021\/03\/929815.jpg",800,600,false],"thumbnail":["https:\/\/arantv.az\/wp-content\/uploads\/2021\/03\/929815-150x150.jpg",150,150,true],"medium":["https:\/\/arantv.az\/wp-content\/uploads\/2021\/03\/929815-300x225.jpg",300,225,true],"large":["https:\/\/arantv.az\/wp-content\/uploads\/2021\/03\/929815.jpg",640,480,false],"1536x1536":["https:\/\/arantv.az\/wp-content\/uploads\/2021\/03\/929815.jpg",800,600,false],"2048x2048":["https:\/\/arantv.az\/wp-content\/uploads\/2021\/03\/929815.jpg",800,600,false],"post-thumbnail":["https:\/\/arantv.az\/wp-content\/uploads\/2021\/03\/929815-240x172.jpg",240,172,true],"advps-thumb-one":["https:\/\/arantv.az\/wp-content\/uploads\/2021\/03\/929815.jpg",800,600,false]},"rttpg_author":{"display_name":"V\u00fcsal Rafiqo\u011flu","author_link":"https:\/\/arantv.az\/?author=2"},"rttpg_comment":0,"rttpg_category":"<a href=\"https:\/\/arantv.az\/?cat=19\" rel=\"category\">G\u00fcnd\u0259m<\/a>","rttpg_excerpt":"Az\u0259rbaycanda qeyri-formal m\u0259\u015f\u011fullu\u011fun m\u00fc\u0259yy\u0259n bir hiss\u0259si k\u0259nd t\u0259s\u0259rr\u00fcfat\u0131n\u0131n pay\u0131na d\u00fc\u015f\u00fcr. Bel\u0259ki, k\u0259nd t\u0259s\u0259rr\u00fcfat\u0131 sah\u0259sind\u0259 m\u00f6vs\u00fcmi i\u015fl\u0259r\u0259 c\u0259lb edil\u0259n insanlarla \u0259m\u0259k m\u00fcqavil\u0259l\u0259rinin ba\u011flanmas\u0131nda m\u00fc\u0259yy\u0259n probleml\u0259r var idi. Lakin \u018fm\u0259k M\u0259c\u0259ll\u0259sin\u0259 edil\u0259n son d\u0259yi\u015fiklikl\u0259r bu problemin aradan qald\u0131r\u0131lmas\u0131na y\u00f6n\u0259lib. M\u0259s\u0259l\u0259 il\u0259 ba\u011fl\u0131\u00a0Trend-\u0259\u00a0a\u00e7\u0131qlama ver\u0259n Milli M\u0259clisinin \u018fm\u0259k v\u0259 Sosial Siyas\u0259t Komit\u0259sinin \u00fczv\u00fc V\u00fcqar Bayramov bildirib ki, &#8220;\u018fm\u0259k M\u0259c\u0259ll\u0259sin\u0259&#8221;&hellip;","_links":{"self":[{"href":"https:\/\/arantv.az\/index.php?rest_route=\/wp\/v2\/posts\/310982"}],"collection":[{"href":"https:\/\/arantv.az\/index.php?rest_route=\/wp\/v2\/posts"}],"about":[{"href":"https:\/\/arantv.az\/index.php?rest_route=\/wp\/v2\/types\/post"}],"author":[{"embeddable":true,"href":"https:\/\/arantv.az\/index.php?rest_route=\/wp\/v2\/users\/2"}],"replies":[{"embeddable":true,"href":"https:\/\/arantv.az\/index.php?rest_route=%2Fwp%2Fv2%2Fcomments&post=310982"}],"version-history":[{"count":0,"href":"https:\/\/arantv.az\/index.php?rest_route=\/wp\/v2\/posts\/310982\/revisions"}],"wp:featuredmedia":[{"embeddable":true,"href":"https:\/\/arantv.az\/index.php?rest_route=\/wp\/v2\/media\/310983"}],"wp:attachment":[{"href":"https:\/\/arantv.az\/index.php?rest_route=%2Fwp%2Fv2%2Fmedia&parent=310982"}],"wp:term":[{"taxonomy":"category","embeddable":true,"href":"https:\/\/arantv.az\/index.php?rest_route=%2Fwp%2Fv2%2Fcategories&post=310982"},{"taxonomy":"post_tag","embeddable":true,"href":"https:\/\/arantv.az\/index.php?rest_route=%2Fwp%2Fv2%2Ftags&post=310982"}],"curies":[{"name":"wp","href":"https:\/\/api.w.org\/{rel}","templated":true}]}}