{"id":310986,"date":"2021-03-11T10:23:39","date_gmt":"2021-03-11T07:23:39","guid":{"rendered":"http:\/\/arantv.az\/?p=310986"},"modified":"2021-03-11T10:23:39","modified_gmt":"2021-03-11T07:23:39","slug":"rektor-yap-daki-v%c9%99zif%c9%99sini-itirdi","status":"publish","type":"post","link":"https:\/\/arantv.az\/?p=310986","title":{"rendered":"Rektor YAP-dak\u0131 v\u0259zif\u0259sini itirdi"},"content":{"rendered":"<p>Yeni Az\u0259rbaycan Partiyas\u0131n\u0131n (YAP) Qad\u0131nlar \u015euras\u0131 l\u0259\u011fv edilib.<\/p>\n<p>Bu bar\u0259d\u0259 Oxu.Az YAP-dan m\u0259lumat \u0259ld\u0259 edib. YAP-\u0131n yeni Nizamnam\u0259sin\u0259 \u0259sas\u0259n, art\u0131q partiyada Qad\u0131nlar \u015euras\u0131 olmayacaq.<\/p>\n<p>Partiyadan bildirilib ki, qurumda struktur d\u0259yi\u015fiklikl\u0259ri gedir, qad\u0131nlarla ba\u011fl\u0131, gender siyas\u0259ti il\u0259 \u0259laq\u0259dar yeni \u015f\u00f6b\u0259nin yarad\u0131lmas\u0131 n\u0259z\u0259rd\u0259 tutulur.<\/p>\n<p>\u201cAmma bu, m\u00fczakir\u0259 s\u0259viyy\u0259sind\u0259dir\u201d, &#8211; dey\u0259 partiyadan bildirilib.<\/p>\n<p>Xat\u0131rladaq ki, YAP Qad\u0131nlar \u015euras\u0131n\u0131n s\u0259dri Bak\u0131 Slavyan Universitetinin rektoru Nurlana \u018fliyeva idi.<\/p>\n<p>Qeyd ed\u0259k ki, mart\u0131n 5-d\u0259 YAP-\u0131n VII qurultay\u0131 ke\u00e7irilib. Qurultayda YAP \u0130dar\u0259 Hey\u0259tinin 40 n\u0259f\u0259rd\u0259n ibar\u0259t yeni t\u0259rkibi formala\u015f\u0131b. Siyasi \u015eura l\u0259\u011fv edilib v\u0259 onun \u0259v\u0259zin\u0259 Veteranlar \u015euras\u0131 yarad\u0131l\u0131b.<\/p>\n<p>Eyni zamanda YAP-\u0131n yeni Nizamnam\u0259si q\u0259bul edilib.<\/p>\n","protected":false},"excerpt":{"rendered":"<p>Yeni Az\u0259rbaycan Partiyas\u0131n\u0131n (YAP) Qad\u0131nlar \u015euras\u0131 l\u0259\u011fv edilib. Bu bar\u0259d\u0259 Oxu.Az YAP-dan m\u0259lumat \u0259ld\u0259 edib. YAP-\u0131n yeni Nizamnam\u0259sin\u0259 \u0259sas\u0259n, art\u0131q partiyada Qad\u0131nlar \u015euras\u0131 olmayacaq. Partiyadan bildirilib ki, qurumda struktur d\u0259yi\u015fiklikl\u0259ri gedir, qad\u0131nlarla ba\u011fl\u0131, gender siyas\u0259ti il\u0259 \u0259laq\u0259dar yeni \u015f\u00f6b\u0259nin yarad\u0131lmas\u0131 n\u0259z\u0259rd\u0259 tutulur. \u201cAmma bu, m\u00fczakir\u0259 s\u0259viyy\u0259sind\u0259dir\u201d, &#8211; dey\u0259 partiyadan bildirilib. Xat\u0131rladaq ki, YAP Qad\u0131nlar \u015euras\u0131n\u0131n s\u0259dri Bak\u0131 Slavyan Universitetinin rektoru Nurlana \u018fliyeva idi. Qeyd ed\u0259k ki, mart\u0131n 5-d\u0259 YAP-\u0131n VII qurultay\u0131 ke\u00e7irilib. Qurultayda YAP \u0130dar\u0259 Hey\u0259tinin 40 n\u0259f\u0259rd\u0259n ibar\u0259t yeni t\u0259rkibi formala\u015f\u0131b. Siyasi \u015eura l\u0259\u011fv edilib v\u0259 onun \u0259v\u0259zin\u0259 Veteranlar&hellip;<\/p>\n","protected":false},"author":2,"featured_media":310987,"comment_status":"closed","ping_status":"closed","sticky":false,"template":"","format":"standard","meta":{"om_disable_all_campaigns":false,"_monsterinsights_skip_tracking":false,"_monsterinsights_sitenote_active":false,"_monsterinsights_sitenote_note":"","_monsterinsights_sitenote_category":0},"categories":[4],"tags":[],"aioseo_notices":[],"gutentor_comment":0,"rttpg_featured_image_url":{"full":["https:\/\/arantv.az\/wp-content\/uploads\/2021\/03\/1479552015_nurlanaell.jpg",620,397,false],"landscape":["https:\/\/arantv.az\/wp-content\/uploads\/2021\/03\/1479552015_nurlanaell.jpg",620,397,false],"portraits":["https:\/\/arantv.az\/wp-content\/uploads\/2021\/03\/1479552015_nurlanaell.jpg",620,397,false],"thumbnail":["https:\/\/arantv.az\/wp-content\/uploads\/2021\/03\/1479552015_nurlanaell-150x150.jpg",150,150,true],"medium":["https:\/\/arantv.az\/wp-content\/uploads\/2021\/03\/1479552015_nurlanaell-300x192.jpg",300,192,true],"large":["https:\/\/arantv.az\/wp-content\/uploads\/2021\/03\/1479552015_nurlanaell.jpg",620,397,false],"1536x1536":["https:\/\/arantv.az\/wp-content\/uploads\/2021\/03\/1479552015_nurlanaell.jpg",620,397,false],"2048x2048":["https:\/\/arantv.az\/wp-content\/uploads\/2021\/03\/1479552015_nurlanaell.jpg",620,397,false],"post-thumbnail":["https:\/\/arantv.az\/wp-content\/uploads\/2021\/03\/1479552015_nurlanaell-240x172.jpg",240,172,true],"advps-thumb-one":["https:\/\/arantv.az\/wp-content\/uploads\/2021\/03\/1479552015_nurlanaell.jpg",620,397,false]},"rttpg_author":{"display_name":"V\u00fcsal Rafiqo\u011flu","author_link":"https:\/\/arantv.az\/?author=2"},"rttpg_comment":0,"rttpg_category":"<a href=\"https:\/\/arantv.az\/?cat=4\" rel=\"category\">Siyas\u0259t<\/a>","rttpg_excerpt":"Yeni Az\u0259rbaycan Partiyas\u0131n\u0131n (YAP) Qad\u0131nlar \u015euras\u0131 l\u0259\u011fv edilib. Bu bar\u0259d\u0259 Oxu.Az YAP-dan m\u0259lumat \u0259ld\u0259 edib. YAP-\u0131n yeni Nizamnam\u0259sin\u0259 \u0259sas\u0259n, art\u0131q partiyada Qad\u0131nlar \u015euras\u0131 olmayacaq. Partiyadan bildirilib ki, qurumda struktur d\u0259yi\u015fiklikl\u0259ri gedir, qad\u0131nlarla ba\u011fl\u0131, gender siyas\u0259ti il\u0259 \u0259laq\u0259dar yeni \u015f\u00f6b\u0259nin yarad\u0131lmas\u0131 n\u0259z\u0259rd\u0259 tutulur. \u201cAmma bu, m\u00fczakir\u0259 s\u0259viyy\u0259sind\u0259dir\u201d, &#8211; dey\u0259 partiyadan bildirilib. Xat\u0131rladaq ki, YAP Qad\u0131nlar \u015euras\u0131n\u0131n&hellip;","_links":{"self":[{"href":"https:\/\/arantv.az\/index.php?rest_route=\/wp\/v2\/posts\/310986"}],"collection":[{"href":"https:\/\/arantv.az\/index.php?rest_route=\/wp\/v2\/posts"}],"about":[{"href":"https:\/\/arantv.az\/index.php?rest_route=\/wp\/v2\/types\/post"}],"author":[{"embeddable":true,"href":"https:\/\/arantv.az\/index.php?rest_route=\/wp\/v2\/users\/2"}],"replies":[{"embeddable":true,"href":"https:\/\/arantv.az\/index.php?rest_route=%2Fwp%2Fv2%2Fcomments&post=310986"}],"version-history":[{"count":0,"href":"https:\/\/arantv.az\/index.php?rest_route=\/wp\/v2\/posts\/310986\/revisions"}],"wp:featuredmedia":[{"embeddable":true,"href":"https:\/\/arantv.az\/index.php?rest_route=\/wp\/v2\/media\/310987"}],"wp:attachment":[{"href":"https:\/\/arantv.az\/index.php?rest_route=%2Fwp%2Fv2%2Fmedia&parent=310986"}],"wp:term":[{"taxonomy":"category","embeddable":true,"href":"https:\/\/arantv.az\/index.php?rest_route=%2Fwp%2Fv2%2Fcategories&post=310986"},{"taxonomy":"post_tag","embeddable":true,"href":"https:\/\/arantv.az\/index.php?rest_route=%2Fwp%2Fv2%2Ftags&post=310986"}],"curies":[{"name":"wp","href":"https:\/\/api.w.org\/{rel}","templated":true}]}}