{"id":310993,"date":"2021-03-11T11:03:34","date_gmt":"2021-03-11T08:03:34","guid":{"rendered":"http:\/\/arantv.az\/?p=310993"},"modified":"2021-03-11T11:03:34","modified_gmt":"2021-03-11T08:03:34","slug":"mill%c9%99t-v%c9%99kili-%c9%99m%c9%99k-m%c9%99c%c9%99ll%c9%99sin%c9%99-edil%c9%99c%c9%99k-d%c9%99yisikliyi-s%c9%99rh-etdi","status":"publish","type":"post","link":"https:\/\/arantv.az\/?p=310993","title":{"rendered":"Mill\u0259t v\u0259kili \u018fm\u0259k M\u0259c\u0259ll\u0259sin\u0259 edil\u0259c\u0259k d\u0259yi\u015fikliyi \u015f\u0259rh etdi"},"content":{"rendered":"<p><span lang=\"EN-GB\">\u201c<\/span>\u018fm\u0259k M\u0259c\u0259ll\u0259sin\u0259 edil\u0259c\u0259k d\u0259yi\u015fiklikl\u0259r k\u0259nd t\u0259s\u0259rr\u00fcfat\u0131nda m\u00fcdd\u0259tli m\u00f6vs\u00fcmi \u0259m\u0259k m\u00fcqavil\u0259l\u0259rinin ba\u011flanmas\u0131n\u0131 qada\u011fan etmir<span lang=\"EN-GB\">\u201d<\/span>.<\/p>\n<p>Bu bar\u0259d\u0259\u00a0Milli M\u0259clisin \u0130qtisadi siyas\u0259t, s\u0259naye v\u0259 sahibkarl\u0131q komit\u0259sinin \u00fczv\u00fc olan deputat V\u00fcqar Bayramov m\u0259lumat verib.<\/p>\n<p>O bildirib ki, s\u00f6z\u00fcged\u0259n m\u0259c\u0259ll\u0259nin 47-ci madd\u0259sin\u0259 uy\u011fun olaraq m\u00fcdd\u0259tli \u0259m\u0259k m\u00fcqavil\u0259sinin ba\u011flanmas\u0131 m\u00fcmk\u00fcnd\u00fcr:<\/p>\n<p>\u201cH\u0259min madd\u0259y\u0259 \u0259sas\u0259n, t\u0259bii v\u0259 iqlim \u015f\u0259raitin\u0259 v\u0259 ya i\u015fin x\u00fcsusiyy\u0259tin\u0259 g\u00f6r\u0259 il boyu g\u00f6r\u00fcl\u0259 bilm\u0259y\u0259n m\u00f6vs\u00fcmi i\u015fl\u0259rin yerin\u0259 yetirilm\u0259si zaman\u0131, el\u0259c\u0259 d\u0259 i\u015fin h\u0259cminin v\u0259 davamiyy\u0259tinin q\u0131sam\u00fcdd\u0259tli oldu\u011fu t\u0259mir-tikinti, qura\u015fd\u0131rma, yeni texnologiyan\u0131n t\u0259tbiqi v\u0259 m\u0259nims\u0259nilm\u0259si, t\u0259cr\u00fcb\u0259-s\u0131naq i\u015fl\u0259rinin apar\u0131lmas\u0131 v\u0259 bu q\u0259bild\u0259n olan dig\u0259r i\u015fl\u0259rin g\u00f6r\u00fcld\u00fcy\u00fc hallarda m\u00fcdd\u0259tli \u0259m\u0259k m\u00fcqavil\u0259l\u0259ri ba\u011flana bil\u0259r. Bu is\u0259 o dem\u0259kdir ki, k\u0259nd t\u0259s\u0259rr\u00fcfat\u0131nda da m\u00f6vs\u00fcmi i\u015fl\u0259rin yerin\u0259 yetirilm\u0259si zaman\u0131 bu n\u00f6v m\u00fcqavil\u0259l\u0259rd\u0259n istifad\u0259 oluna bil\u0259c\u0259k\u201d.<\/p>\n<p>Mill\u0259t v\u0259kili \u0259lav\u0259 edib ki, m\u0259c\u0259ll\u0259y\u0259 \u0259sas\u0259n, i\u015f\u00e7inin \u015f\u0259xsi, ail\u0259-m\u0259i\u015f\u0259t v\u0259ziyy\u0259ti il\u0259 ba\u011fl\u0131 olan, o c\u00fcml\u0259d\u0259n, i\u015fl\u0259m\u0259kl\u0259 yana\u015f\u0131 t\u0259hsil ald\u0131\u011f\u0131, m\u00fc\u0259yy\u0259n s\u0259b\u0259bd\u0259n m\u00fcvafiq ya\u015fay\u0131\u015f m\u0259nt\u0259q\u0259sind\u0259 m\u00fcv\u0259qq\u0259ti ya\u015fad\u0131\u011f\u0131, pensiya ya\u015f\u0131na \u00e7atd\u0131qda i\u015fl\u0259m\u0259k ist\u0259yi oldu\u011fu hallarda da m\u00fcdd\u0259tli \u0259m\u0259k m\u00fcqavil\u0259si ba\u011flan\u0131la bil\u0259r:<\/p>\n<p>\u201cD\u0259yi\u015fiklikl\u0259 qanunvericiliy\u0259 \u0259m\u0259k m\u00fcnasib\u0259tl\u0259ri il\u0259 ba\u011fl\u0131 ayd\u0131n v\u0259 \u00f6l\u00e7\u00fcl\u0259bil\u0259n meyarlar daxil edilir. Eyni zamanda, d\u0259yi\u015fiklik \u0259m\u0259k m\u00fcnasib\u0259tl\u0259rinin m\u00fclki h\u00fcquqi m\u00fcqavil\u0259l\u0259rl\u0259 r\u0259smill\u0259\u015fdirilm\u0259sini yolverilm\u0259z hesab ets\u0259 d\u0259 bu hal m\u00fcdd\u0259tli \u0259m\u0259k m\u00fcqavil\u0259l\u0259rin ba\u011flanmas\u0131n\u0131 qada\u011fan etmir\u201d.<\/p>\n<p>V.Bayramov qeyd edib ki, d\u0259yi\u015fiklikl\u0259r Milli M\u0259clisinin son plenar iclas\u0131nda ikinci oxunu\u015fda q\u0259bul olunub.<\/p>\n","protected":false},"excerpt":{"rendered":"<p>\u201c\u018fm\u0259k M\u0259c\u0259ll\u0259sin\u0259 edil\u0259c\u0259k d\u0259yi\u015fiklikl\u0259r k\u0259nd t\u0259s\u0259rr\u00fcfat\u0131nda m\u00fcdd\u0259tli m\u00f6vs\u00fcmi \u0259m\u0259k m\u00fcqavil\u0259l\u0259rinin ba\u011flanmas\u0131n\u0131 qada\u011fan etmir\u201d. Bu bar\u0259d\u0259\u00a0Milli M\u0259clisin \u0130qtisadi siyas\u0259t, s\u0259naye v\u0259 sahibkarl\u0131q komit\u0259sinin \u00fczv\u00fc olan deputat V\u00fcqar Bayramov m\u0259lumat verib. O bildirib ki, s\u00f6z\u00fcged\u0259n m\u0259c\u0259ll\u0259nin 47-ci madd\u0259sin\u0259 uy\u011fun olaraq m\u00fcdd\u0259tli \u0259m\u0259k m\u00fcqavil\u0259sinin ba\u011flanmas\u0131 m\u00fcmk\u00fcnd\u00fcr: \u201cH\u0259min madd\u0259y\u0259 \u0259sas\u0259n, t\u0259bii v\u0259 iqlim \u015f\u0259raitin\u0259 v\u0259 ya i\u015fin x\u00fcsusiyy\u0259tin\u0259 g\u00f6r\u0259 il boyu g\u00f6r\u00fcl\u0259 bilm\u0259y\u0259n m\u00f6vs\u00fcmi i\u015fl\u0259rin yerin\u0259 yetirilm\u0259si zaman\u0131, el\u0259c\u0259 d\u0259 i\u015fin h\u0259cminin v\u0259 davamiyy\u0259tinin q\u0131sam\u00fcdd\u0259tli oldu\u011fu t\u0259mir-tikinti, qura\u015fd\u0131rma, yeni texnologiyan\u0131n t\u0259tbiqi v\u0259 m\u0259nims\u0259nilm\u0259si, t\u0259cr\u00fcb\u0259-s\u0131naq i\u015fl\u0259rinin apar\u0131lmas\u0131 v\u0259 bu q\u0259bild\u0259n olan dig\u0259r i\u015fl\u0259rin g\u00f6r\u00fcld\u00fcy\u00fc hallarda&hellip;<\/p>\n","protected":false},"author":2,"featured_media":201732,"comment_status":"closed","ping_status":"closed","sticky":false,"template":"","format":"standard","meta":{"om_disable_all_campaigns":false,"_monsterinsights_skip_tracking":false,"_monsterinsights_sitenote_active":false,"_monsterinsights_sitenote_note":"","_monsterinsights_sitenote_category":0},"categories":[19],"tags":[],"aioseo_notices":[],"gutentor_comment":0,"rttpg_featured_image_url":{"full":["https:\/\/arantv.az\/wp-content\/uploads\/2020\/08\/emek.jpg",512,342,false],"landscape":["https:\/\/arantv.az\/wp-content\/uploads\/2020\/08\/emek.jpg",512,342,false],"portraits":["https:\/\/arantv.az\/wp-content\/uploads\/2020\/08\/emek.jpg",512,342,false],"thumbnail":["https:\/\/arantv.az\/wp-content\/uploads\/2020\/08\/emek-150x150.jpg",150,150,true],"medium":["https:\/\/arantv.az\/wp-content\/uploads\/2020\/08\/emek-300x200.jpg",300,200,true],"large":["https:\/\/arantv.az\/wp-content\/uploads\/2020\/08\/emek.jpg",512,342,false],"1536x1536":["https:\/\/arantv.az\/wp-content\/uploads\/2020\/08\/emek.jpg",512,342,false],"2048x2048":["https:\/\/arantv.az\/wp-content\/uploads\/2020\/08\/emek.jpg",512,342,false],"post-thumbnail":["https:\/\/arantv.az\/wp-content\/uploads\/2020\/08\/emek-240x172.jpg",240,172,true],"advps-thumb-one":["https:\/\/arantv.az\/wp-content\/uploads\/2020\/08\/emek.jpg",512,342,false]},"rttpg_author":{"display_name":"V\u00fcsal Rafiqo\u011flu","author_link":"https:\/\/arantv.az\/?author=2"},"rttpg_comment":0,"rttpg_category":"<a href=\"https:\/\/arantv.az\/?cat=19\" rel=\"category\">G\u00fcnd\u0259m<\/a>","rttpg_excerpt":"\u201c\u018fm\u0259k M\u0259c\u0259ll\u0259sin\u0259 edil\u0259c\u0259k d\u0259yi\u015fiklikl\u0259r k\u0259nd t\u0259s\u0259rr\u00fcfat\u0131nda m\u00fcdd\u0259tli m\u00f6vs\u00fcmi \u0259m\u0259k m\u00fcqavil\u0259l\u0259rinin ba\u011flanmas\u0131n\u0131 qada\u011fan etmir\u201d. Bu bar\u0259d\u0259\u00a0Milli M\u0259clisin \u0130qtisadi siyas\u0259t, s\u0259naye v\u0259 sahibkarl\u0131q komit\u0259sinin \u00fczv\u00fc olan deputat V\u00fcqar Bayramov m\u0259lumat verib. O bildirib ki, s\u00f6z\u00fcged\u0259n m\u0259c\u0259ll\u0259nin 47-ci madd\u0259sin\u0259 uy\u011fun olaraq m\u00fcdd\u0259tli \u0259m\u0259k m\u00fcqavil\u0259sinin ba\u011flanmas\u0131 m\u00fcmk\u00fcnd\u00fcr: \u201cH\u0259min madd\u0259y\u0259 \u0259sas\u0259n, t\u0259bii v\u0259 iqlim \u015f\u0259raitin\u0259 v\u0259 ya i\u015fin x\u00fcsusiyy\u0259tin\u0259 g\u00f6r\u0259&hellip;","_links":{"self":[{"href":"https:\/\/arantv.az\/index.php?rest_route=\/wp\/v2\/posts\/310993"}],"collection":[{"href":"https:\/\/arantv.az\/index.php?rest_route=\/wp\/v2\/posts"}],"about":[{"href":"https:\/\/arantv.az\/index.php?rest_route=\/wp\/v2\/types\/post"}],"author":[{"embeddable":true,"href":"https:\/\/arantv.az\/index.php?rest_route=\/wp\/v2\/users\/2"}],"replies":[{"embeddable":true,"href":"https:\/\/arantv.az\/index.php?rest_route=%2Fwp%2Fv2%2Fcomments&post=310993"}],"version-history":[{"count":0,"href":"https:\/\/arantv.az\/index.php?rest_route=\/wp\/v2\/posts\/310993\/revisions"}],"wp:featuredmedia":[{"embeddable":true,"href":"https:\/\/arantv.az\/index.php?rest_route=\/wp\/v2\/media\/201732"}],"wp:attachment":[{"href":"https:\/\/arantv.az\/index.php?rest_route=%2Fwp%2Fv2%2Fmedia&parent=310993"}],"wp:term":[{"taxonomy":"category","embeddable":true,"href":"https:\/\/arantv.az\/index.php?rest_route=%2Fwp%2Fv2%2Fcategories&post=310993"},{"taxonomy":"post_tag","embeddable":true,"href":"https:\/\/arantv.az\/index.php?rest_route=%2Fwp%2Fv2%2Ftags&post=310993"}],"curies":[{"name":"wp","href":"https:\/\/api.w.org\/{rel}","templated":true}]}}