{"id":311017,"date":"2021-03-11T11:11:11","date_gmt":"2021-03-11T08:11:11","guid":{"rendered":"http:\/\/arantv.az\/?p=311017"},"modified":"2021-03-11T11:11:11","modified_gmt":"2021-03-11T08:11:11","slug":"%c9%99laq%c9%99l%c9%99ndirm%c9%99-q%c9%99rargahinin-ekoloji-m%c9%99s%c9%99l%c9%99l%c9%99r-uzr%c9%99-iclasi-kecirilib","status":"publish","type":"post","link":"https:\/\/arantv.az\/?p=311017","title":{"rendered":"\u018flaq\u0259l\u0259ndirm\u0259 Q\u0259rargah\u0131n\u0131n Ekoloji m\u0259s\u0259l\u0259l\u0259r \u00fczr\u0259 iclas\u0131 ke\u00e7irilib"},"content":{"rendered":"<p>Az\u0259rbaycan Respublikas\u0131n\u0131n i\u015f\u011faldan azad edilmi\u015f \u0259razil\u0259rind\u0259 m\u0259s\u0259l\u0259l\u0259rin m\u0259rk\u0259zl\u0259\u015fdirilmi\u015f qaydada h\u0259ll edilm\u0259si \u00fc\u00e7\u00fcn yarad\u0131lm\u0131\u015f \u018flaq\u0259l\u0259ndirm\u0259 Q\u0259rargah\u0131n\u0131n n\u0259zdind\u0259 f\u0259aliyy\u0259t g\u00f6st\u0259r\u0259n \u0130dar\u0259l\u0259raras\u0131 M\u0259rk\u0259zin Ekoloji m\u0259s\u0259l\u0259l\u0259r \u00fczr\u0259 \u0130\u015f\u00e7i Qrupun n\u00f6vb\u0259ti iclas\u0131 ke\u00e7irilib.<\/p>\n<p><strong>ARANTV.AZ<\/strong>\u00a0\u00a0<a href=\"https:\/\/az.trend.az\/\" target=\"_blank\" rel=\"noopener\">Trend<\/a>-\u0259 istinad\u0259n bildirir ki,\u00a0azad edilmi\u015f torpaqlarda ekoloji m\u0259s\u0259l\u0259l\u0259rin t\u0259\u015fkili i\u015fl\u0259rinin \u0259laq\u0259l\u0259ndirilm\u0259si m\u0259qs\u0259dil\u0259 aidiyy\u0259ti d\u00f6vl\u0259t orqanlar\u0131n\u0131n n\u00fcmay\u0259nd\u0259l\u0259rinin c\u0259lb olundu\u011fu Ekoloji m\u0259s\u0259l\u0259l\u0259r \u00fczr\u0259 \u0130\u015f\u00e7i Qrup i\u015f\u011faldan azad olunan \u0259razil\u0259rd\u0259 \u0259traf m\u00fchit\u0259 v\u0259 t\u0259bii s\u0259rv\u0259tl\u0259r\u0259 vurulan z\u0259r\u0259rin ilkin qiym\u0259tl\u0259ndirilm\u0259si, bioloji m\u00fcxt\u0259lifliyin b\u0259rpas\u0131, su ehtiyatlar\u0131n\u0131n idar\u0259 edilm\u0259si, \u0259traf m\u00fchitin monitorinqinin apar\u0131lmas\u0131, hidrometeoroloji \u015f\u0259b\u0259k\u0259nin b\u0259rpas\u0131, m\u00f6vcud mineral xammal resurslar\u0131n\u0131n monitorinqi v\u0259 ehtiyatlar\u0131n\u0131n yenid\u0259n qiym\u0259tl\u0259ndirilm\u0259si, m\u00fcvafiq tematik v\u0259 topoqrafik x\u0259rit\u0259l\u0259rin haz\u0131rlanmas\u0131, faktiki \u0259kin alt\u0131nda olan \u0259razil\u0259rin m\u00fc\u0259yy\u0259nl\u0259\u015fdirilm\u0259si, deqradasiya olunmu\u015f torpaqlar\u0131n b\u0259rpas\u0131, k\u0259nd t\u0259s\u0259rr\u00fcfat\u0131 sah\u0259l\u0259ri \u00fc\u00e7\u00fcn m\u00fcvafiq resurslar\u0131n planla\u015fd\u0131r\u0131lmas\u0131, i\u015f\u011faldan azad edilmi\u015f \u0259razil\u0259rd\u0259 \u0259rzaq v\u0259 qida t\u0259hl\u00fck\u0259sizliyi m\u0259s\u0259l\u0259l\u0259rinin t\u0259min edilm\u0259si \u00fcz\u0259rind\u0259 i\u015fl\u0259yir.<\/p>\n<p>Aidiyy\u0259ti qurumlar t\u0259r\u0259find\u0259n Qrupun sah\u0259vi t\u0259dbirl\u0259r plan\u0131n\u0131n icras\u0131na ba\u015flan\u0131l\u0131b. Bel\u0259 ki, ekoloji v\u0259ziyy\u0259tin qiym\u0259tl\u0259ndirilm\u0259si \u00fc\u00e7\u00fcn i\u015f\u011faldan azad edilmi\u015f rayonlarda kompleks monitorinql\u0259r apar\u0131l\u0131r v\u0259 transs\u0259rh\u0259d \u00e7aylara n\u0259zar\u0259t edilir.<\/p>\n<p>Z\u0259ngilan rayonunda yerl\u0259\u015f\u0259n B\u0259sit\u00e7ay D\u00f6vl\u0259t T\u0259bi\u0259t Qoru\u011funda qiym\u0259tl\u0259ndirm\u0259 v\u0259 b\u0259rpa i\u015fl\u0259rinin planla\u015fd\u0131r\u0131lmas\u0131 \u00fc\u00e7\u00fcn Az\u0259rbaycan Milli Elml\u0259r Akademiyas\u0131n\u0131n m\u00fct\u0259x\u0259ssisl\u0259rinin i\u015ftirak\u0131 il\u0259 \u0259razid\u0259 monitorinql\u0259r apar\u0131l\u0131r.<\/p>\n<p>\u0130\u015f\u011faldan azad olunmu\u015f \u0259razil\u0259rd\u0259 radioloji v\u0259 radioekoloji v\u0259ziyy\u0259tin \u00f6yr\u0259nilm\u0259si m\u0259qs\u0259dil\u0259 aidiyy\u0259ti d\u00f6vl\u0259t orqanlar\u0131 il\u0259 birg\u0259 plan-proqram haz\u0131rlanm\u0131\u015f v\u0259 sah\u0259vi plana \u0259lav\u0259 olunmu\u015fdur.<\/p>\n<p>K\u0259lb\u0259c\u0259r rayonu \u0259razisind\u0259 m\u00f6vcud olan termal-mineral su yataqlar\u0131n\u0131n v\u0259ziyy\u0259tinin qiym\u0259tl\u0259ndirilm\u0259si m\u0259qs\u0259dil\u0259 hidrokimy\u0259vi monitorinq i\u015fl\u0259ri apar\u0131lm\u0131\u015f v\u0259 monitorinq n\u0259tic\u0259l\u0259ri i\u015f\u011faldan \u0259vv\u0259lki d\u00f6vr\u00fcn m\u0259lumatlar\u0131 n\u0259z\u0259r\u0259 al\u0131nmaqla t\u0259hlil olunmu\u015fdur.<\/p>\n<p>A\u011fdam, F\u00fczuli, C\u0259bray\u0131l v\u0259 Z\u0259ngilan rayonlar\u0131nda filiz v\u0259 qeyri-filiz, in\u015faat materiallar\u0131 yataqlar\u0131nda geoloji-axtar\u0131\u015f v\u0259 qiym\u0259tl\u0259ndirm\u0259 i\u015fl\u0259ri, K\u0259lb\u0259c\u0259r v\u0259 \u015eu\u015fa rayonlar\u0131nda yeralt\u0131 \u015firin su v\u0259 termal-mineral sular\u0131n monitorinq v\u0259 qiym\u0259tl\u0259ndirm\u0259 i\u015fl\u0259ri \u00fczr\u0259 layih\u0259l\u0259r haz\u0131rlanm\u0131\u015f v\u0259 haz\u0131rda sah\u0259 i\u015fl\u0259ri planla\u015fd\u0131r\u0131l\u0131r.<\/p>\n<p>Qaraba\u011f iqtisadi rayonu \u00fczr\u0259 13 filiz yata\u011f\u0131n\u0131n fond m\u0259lumatlar\u0131 \u0259sas\u0131nda x\u0259rit\u0259l\u0259ri haz\u0131rlanm\u0131\u015fd\u0131r.<\/p>\n<p>\u0130\u015f\u011faldan azad olunmu\u015f rayonlar\u0131n topoqrafik x\u0259rit\u0259l\u0259rin haz\u0131rlanmas\u0131 i\u015fl\u0259ri davam etdirilir.<\/p>\n<p>\u0130\u015f\u011faldan azad edilmi\u015f \u0259razil\u0259rin b\u0259rpa olunan enerji m\u0259nb\u0259l\u0259ri potensial\u0131n\u0131n \u00f6l\u00e7\u00fclm\u0259si m\u0259q\u0259sdil\u0259 Energetika Nazirliyi yan\u0131nda B\u0259rpa Olunan Enerji M\u0259nb\u0259l\u0259ri D\u00f6vl\u0259t Agentliyinin \u0259m\u0259kda\u015flar\u0131 t\u0259r\u0259find\u0259n F\u00fczuli, C\u0259bray\u0131l, Z\u0259ngilan, Qubadl\u0131 v\u0259 La\u00e7\u0131n rayonlar\u0131nda potensial g\u00fcn\u0259\u015f enerjisi \u0259razil\u0259rin\u0259 bax\u0131\u015f ke\u00e7irilmi\u015f v\u0259 Z\u0259ngilan rayonunda \u00f6l\u00e7m\u0259-m\u00fc\u015fahid\u0259 stansiyas\u0131 qura\u015fd\u0131r\u0131lm\u0131\u015fd\u0131r.<\/p>\n<p>Hidroenerji potensial\u0131ndan s\u0259m\u0259r\u0259li istifad\u0259 il\u0259 ba\u011fl\u0131 \u0130\u015f\u00e7i Qrupun aidiyy\u0259ti qurumlar\u0131 t\u0259r\u0259find\u0259n m\u00fcvafiq i\u015fl\u0259r apar\u0131l\u0131r.<\/p>\n<p>Regionda bal\u0131q\u00e7\u0131l\u0131\u011f\u0131n inki\u015faf etdirilm\u0259si m\u0259qs\u0259dil\u0259 bal\u0131q\u00e7\u0131l\u0131q t\u0259s\u0259rr\u00fcfatlar\u0131n\u0131n yarad\u0131lmas\u0131 \u00fc\u00e7\u00fcn m\u00fcnasib \u0259razil\u0259rin m\u00fc\u0259yy\u0259n edilm\u0259si, h\u0259m\u00e7inin m\u00f6vcud olmu\u015f v\u0259 da\u011f\u0131d\u0131lm\u0131\u015f t\u0259s\u0259rr\u00fcfatlar\u0131n b\u0259rpas\u0131 \u00fc\u00e7\u00fcn i\u015fl\u0259r apar\u0131l\u0131r.<\/p>\n<p>Sah\u0259vi T\u0259dbirl\u0259r Plan\u0131na uygun olaraq i\u015f\u011faldan azad edilmi\u015f \u0259razil\u0259rd\u0259 h\u0259rbi \u0259m\u0259liyyatlar n\u0259tic\u0259sind\u0259 torpaqlarda ba\u015f vermi\u015f deqradasiyan\u0131n peyk t\u0259svirl\u0259ri \u0259sas\u0131nda ilkin qiym\u0259tl\u0259ndirilm\u0259si v\u0259 x\u0259rit\u0259l\u0259\u015fdirilm\u0259si i\u015fl\u0259ri apar\u0131l\u0131r. Deqradasiya olunmu\u015f torpaqlar\u0131n b\u0259rpas\u0131 \u00fc\u00e7\u00fcn qrupun aidiyy\u0259ti elmi institutlar\u0131 t\u0259r\u0259find\u0259n qiym\u0259tl\u0259ndirm\u0259 i\u015fl\u0259ri apar\u0131l\u0131r. \u0130\u015f\u011faldan azad edilmi\u015f rayonlarda k\u0259nd t\u0259s\u0259rr\u00fcfat\u0131 f\u0259aliyy\u0259tinin b\u0259rpas\u0131 v\u0259 t\u0259\u015fkili m\u0259qs\u0259dil\u0259 peyk t\u0259svirl\u0259ri \u0259sas\u0131nda potensial \u0259kin sah\u0259l\u0259ri m\u00fc\u0259yy\u0259n olunmu\u015f v\u0259 x\u0259rit\u0259l\u0259\u015fdirilmi\u015fdir.<\/p>\n<p>Qrup f\u0259aliyy\u0259tini \u0130dar\u0259l\u0259raras\u0131 M\u0259rk\u0259zin dig\u0259r \u0130\u015f\u00e7i Qruplar\u0131 il\u0259 s\u0131x \u0259laq\u0259 v\u0259 m\u0259lumat m\u00fcbadil\u0259si format\u0131nda h\u0259yata ke\u00e7irm\u0259kd\u0259dir.<\/p>\n<p>Az\u0259rbaycan Respublikas\u0131 Prezidentinin 2020-ci il 24 noyabr tarixli S\u0259r\u0259ncam\u0131 il\u0259 yarad\u0131lm\u0131\u015f \u018flaq\u0259l\u0259ndirm\u0259 Q\u0259rargah\u0131na Prezident Administrasiyas\u0131n\u0131n r\u0259hb\u0259ri Samir Nuriyev r\u0259hb\u0259rlik edir.<\/p>\n","protected":false},"excerpt":{"rendered":"<p>Az\u0259rbaycan Respublikas\u0131n\u0131n i\u015f\u011faldan azad edilmi\u015f \u0259razil\u0259rind\u0259 m\u0259s\u0259l\u0259l\u0259rin m\u0259rk\u0259zl\u0259\u015fdirilmi\u015f qaydada h\u0259ll edilm\u0259si \u00fc\u00e7\u00fcn yarad\u0131lm\u0131\u015f \u018flaq\u0259l\u0259ndirm\u0259 Q\u0259rargah\u0131n\u0131n n\u0259zdind\u0259 f\u0259aliyy\u0259t g\u00f6st\u0259r\u0259n \u0130dar\u0259l\u0259raras\u0131 M\u0259rk\u0259zin Ekoloji m\u0259s\u0259l\u0259l\u0259r \u00fczr\u0259 \u0130\u015f\u00e7i Qrupun n\u00f6vb\u0259ti iclas\u0131 ke\u00e7irilib. ARANTV.AZ\u00a0\u00a0Trend-\u0259 istinad\u0259n bildirir ki,\u00a0azad edilmi\u015f torpaqlarda ekoloji m\u0259s\u0259l\u0259l\u0259rin t\u0259\u015fkili i\u015fl\u0259rinin \u0259laq\u0259l\u0259ndirilm\u0259si m\u0259qs\u0259dil\u0259 aidiyy\u0259ti d\u00f6vl\u0259t orqanlar\u0131n\u0131n n\u00fcmay\u0259nd\u0259l\u0259rinin c\u0259lb olundu\u011fu Ekoloji m\u0259s\u0259l\u0259l\u0259r \u00fczr\u0259 \u0130\u015f\u00e7i Qrup i\u015f\u011faldan azad olunan \u0259razil\u0259rd\u0259 \u0259traf m\u00fchit\u0259 v\u0259 t\u0259bii s\u0259rv\u0259tl\u0259r\u0259 vurulan z\u0259r\u0259rin ilkin qiym\u0259tl\u0259ndirilm\u0259si, bioloji m\u00fcxt\u0259lifliyin b\u0259rpas\u0131, su ehtiyatlar\u0131n\u0131n idar\u0259 edilm\u0259si, \u0259traf m\u00fchitin monitorinqinin apar\u0131lmas\u0131, hidrometeoroloji \u015f\u0259b\u0259k\u0259nin b\u0259rpas\u0131, m\u00f6vcud mineral xammal resurslar\u0131n\u0131n monitorinqi v\u0259 ehtiyatlar\u0131n\u0131n yenid\u0259n qiym\u0259tl\u0259ndirilm\u0259si, m\u00fcvafiq tematik v\u0259&hellip;<\/p>\n","protected":false},"author":2,"featured_media":311018,"comment_status":"closed","ping_status":"closed","sticky":false,"template":"","format":"standard","meta":{"om_disable_all_campaigns":false,"_monsterinsights_skip_tracking":false,"_monsterinsights_sitenote_active":false,"_monsterinsights_sitenote_note":"","_monsterinsights_sitenote_category":0},"categories":[26],"tags":[],"aioseo_notices":[],"gutentor_comment":0,"rttpg_featured_image_url":{"full":["https:\/\/arantv.az\/wp-content\/uploads\/2021\/03\/929862.jpg",800,600,false],"landscape":["https:\/\/arantv.az\/wp-content\/uploads\/2021\/03\/929862.jpg",800,600,false],"portraits":["https:\/\/arantv.az\/wp-content\/uploads\/2021\/03\/929862.jpg",800,600,false],"thumbnail":["https:\/\/arantv.az\/wp-content\/uploads\/2021\/03\/929862-150x150.jpg",150,150,true],"medium":["https:\/\/arantv.az\/wp-content\/uploads\/2021\/03\/929862-300x225.jpg",300,225,true],"large":["https:\/\/arantv.az\/wp-content\/uploads\/2021\/03\/929862.jpg",640,480,false],"1536x1536":["https:\/\/arantv.az\/wp-content\/uploads\/2021\/03\/929862.jpg",800,600,false],"2048x2048":["https:\/\/arantv.az\/wp-content\/uploads\/2021\/03\/929862.jpg",800,600,false],"post-thumbnail":["https:\/\/arantv.az\/wp-content\/uploads\/2021\/03\/929862-240x172.jpg",240,172,true],"advps-thumb-one":["https:\/\/arantv.az\/wp-content\/uploads\/2021\/03\/929862.jpg",800,600,false]},"rttpg_author":{"display_name":"V\u00fcsal Rafiqo\u011flu","author_link":"https:\/\/arantv.az\/?author=2"},"rttpg_comment":0,"rttpg_category":"<a href=\"https:\/\/arantv.az\/?cat=26\" rel=\"category\">Sosial<\/a>","rttpg_excerpt":"Az\u0259rbaycan Respublikas\u0131n\u0131n i\u015f\u011faldan azad edilmi\u015f \u0259razil\u0259rind\u0259 m\u0259s\u0259l\u0259l\u0259rin m\u0259rk\u0259zl\u0259\u015fdirilmi\u015f qaydada h\u0259ll edilm\u0259si \u00fc\u00e7\u00fcn yarad\u0131lm\u0131\u015f \u018flaq\u0259l\u0259ndirm\u0259 Q\u0259rargah\u0131n\u0131n n\u0259zdind\u0259 f\u0259aliyy\u0259t g\u00f6st\u0259r\u0259n \u0130dar\u0259l\u0259raras\u0131 M\u0259rk\u0259zin Ekoloji m\u0259s\u0259l\u0259l\u0259r \u00fczr\u0259 \u0130\u015f\u00e7i Qrupun n\u00f6vb\u0259ti iclas\u0131 ke\u00e7irilib. ARANTV.AZ\u00a0\u00a0Trend-\u0259 istinad\u0259n bildirir ki,\u00a0azad edilmi\u015f torpaqlarda ekoloji m\u0259s\u0259l\u0259l\u0259rin t\u0259\u015fkili i\u015fl\u0259rinin \u0259laq\u0259l\u0259ndirilm\u0259si m\u0259qs\u0259dil\u0259 aidiyy\u0259ti d\u00f6vl\u0259t orqanlar\u0131n\u0131n n\u00fcmay\u0259nd\u0259l\u0259rinin c\u0259lb olundu\u011fu Ekoloji m\u0259s\u0259l\u0259l\u0259r \u00fczr\u0259 \u0130\u015f\u00e7i Qrup i\u015f\u011faldan azad olunan \u0259razil\u0259rd\u0259&hellip;","_links":{"self":[{"href":"https:\/\/arantv.az\/index.php?rest_route=\/wp\/v2\/posts\/311017"}],"collection":[{"href":"https:\/\/arantv.az\/index.php?rest_route=\/wp\/v2\/posts"}],"about":[{"href":"https:\/\/arantv.az\/index.php?rest_route=\/wp\/v2\/types\/post"}],"author":[{"embeddable":true,"href":"https:\/\/arantv.az\/index.php?rest_route=\/wp\/v2\/users\/2"}],"replies":[{"embeddable":true,"href":"https:\/\/arantv.az\/index.php?rest_route=%2Fwp%2Fv2%2Fcomments&post=311017"}],"version-history":[{"count":0,"href":"https:\/\/arantv.az\/index.php?rest_route=\/wp\/v2\/posts\/311017\/revisions"}],"wp:featuredmedia":[{"embeddable":true,"href":"https:\/\/arantv.az\/index.php?rest_route=\/wp\/v2\/media\/311018"}],"wp:attachment":[{"href":"https:\/\/arantv.az\/index.php?rest_route=%2Fwp%2Fv2%2Fmedia&parent=311017"}],"wp:term":[{"taxonomy":"category","embeddable":true,"href":"https:\/\/arantv.az\/index.php?rest_route=%2Fwp%2Fv2%2Fcategories&post=311017"},{"taxonomy":"post_tag","embeddable":true,"href":"https:\/\/arantv.az\/index.php?rest_route=%2Fwp%2Fv2%2Ftags&post=311017"}],"curies":[{"name":"wp","href":"https:\/\/api.w.org\/{rel}","templated":true}]}}