{"id":311025,"date":"2021-03-11T11:13:52","date_gmt":"2021-03-11T08:13:52","guid":{"rendered":"http:\/\/arantv.az\/?p=311025"},"modified":"2021-03-11T11:13:52","modified_gmt":"2021-03-11T08:13:52","slug":"muzdlu-erm%c9%99ni-qadin-snayper-livana-qaytarildi","status":"publish","type":"post","link":"https:\/\/arantv.az\/?p=311025","title":{"rendered":"Muzdlu erm\u0259ni qad\u0131n snayper Livana qaytar\u0131ld\u0131"},"content":{"rendered":"<p>Az\u0259rbaycanda \u0259sirlikd\u0259 olan Livan v\u0259 Erm\u0259nistan v\u0259t\u0259nda\u015f\u0131, snayper Maral Nacaryan Beyruta qaytar\u0131l\u0131b.<\/p>\n<p><strong>ARANTV.AZ<\/strong>\u00a0 qafqazinfo-ya istinad\u0259n x\u0259b\u0259r verir ki, bu bar\u0259d\u0259 &#8220;\u00c7i\u00e7\u0259kl\u0259n\u0259n Erm\u0259nistan&#8221; partiyas\u0131ndan olan deputat Naira Zohrabyan \u00f6z feysbuk hesab\u0131nda m\u0259lumat verib.<\/p>\n<p>&#8220;Maral Nacaryan bir ne\u00e7\u0259 d\u0259qiq\u0259 \u0259vv\u0259l Beyrutdak\u0131 evin\u0259 \u00e7atd\u0131&#8221;,- dey\u0259 o qeyd edib.<\/p>\n<p>Xat\u0131rladaq ki, \u00f6t\u0259n ay Beyn\u0259lxalq Q\u0131rm\u0131z\u0131 Xa\u00e7 Komit\u0259sinin \u0259m\u0259kda\u015flar\u0131n\u0131n Az\u0259rbaycanda \u0259sirlikd\u0259 olan Livan v\u0259 Erm\u0259nistan v\u0259t\u0259nda\u015f\u0131, snayper Maral Nacaryanla g\u00f6r\u00fc\u015fd\u00fcy\u00fcn\u0259 dair m\u0259lumat yay\u0131lm\u0131\u015fd\u0131.<\/p>\n","protected":false},"excerpt":{"rendered":"<p>Az\u0259rbaycanda \u0259sirlikd\u0259 olan Livan v\u0259 Erm\u0259nistan v\u0259t\u0259nda\u015f\u0131, snayper Maral Nacaryan Beyruta qaytar\u0131l\u0131b. ARANTV.AZ\u00a0 qafqazinfo-ya istinad\u0259n x\u0259b\u0259r verir ki, bu bar\u0259d\u0259 &#8220;\u00c7i\u00e7\u0259kl\u0259n\u0259n Erm\u0259nistan&#8221; partiyas\u0131ndan olan deputat Naira Zohrabyan \u00f6z feysbuk hesab\u0131nda m\u0259lumat verib. &#8220;Maral Nacaryan bir ne\u00e7\u0259 d\u0259qiq\u0259 \u0259vv\u0259l Beyrutdak\u0131 evin\u0259 \u00e7atd\u0131&#8221;,- dey\u0259 o qeyd edib. Xat\u0131rladaq ki, \u00f6t\u0259n ay Beyn\u0259lxalq Q\u0131rm\u0131z\u0131 Xa\u00e7 Komit\u0259sinin \u0259m\u0259kda\u015flar\u0131n\u0131n Az\u0259rbaycanda \u0259sirlikd\u0259 olan Livan v\u0259 Erm\u0259nistan v\u0259t\u0259nda\u015f\u0131, snayper Maral Nacaryanla g\u00f6r\u00fc\u015fd\u00fcy\u00fcn\u0259 dair m\u0259lumat yay\u0131lm\u0131\u015fd\u0131.<\/p>\n","protected":false},"author":2,"featured_media":311026,"comment_status":"closed","ping_status":"closed","sticky":false,"template":"","format":"standard","meta":{"om_disable_all_campaigns":false,"_monsterinsights_skip_tracking":false,"_monsterinsights_sitenote_active":false,"_monsterinsights_sitenote_note":"","_monsterinsights_sitenote_category":0},"categories":[7],"tags":[],"aioseo_notices":[],"gutentor_comment":0,"rttpg_featured_image_url":{"full":["https:\/\/arantv.az\/wp-content\/uploads\/2021\/03\/929818.jpg",800,600,false],"landscape":["https:\/\/arantv.az\/wp-content\/uploads\/2021\/03\/929818.jpg",800,600,false],"portraits":["https:\/\/arantv.az\/wp-content\/uploads\/2021\/03\/929818.jpg",800,600,false],"thumbnail":["https:\/\/arantv.az\/wp-content\/uploads\/2021\/03\/929818-150x150.jpg",150,150,true],"medium":["https:\/\/arantv.az\/wp-content\/uploads\/2021\/03\/929818-300x225.jpg",300,225,true],"large":["https:\/\/arantv.az\/wp-content\/uploads\/2021\/03\/929818.jpg",640,480,false],"1536x1536":["https:\/\/arantv.az\/wp-content\/uploads\/2021\/03\/929818.jpg",800,600,false],"2048x2048":["https:\/\/arantv.az\/wp-content\/uploads\/2021\/03\/929818.jpg",800,600,false],"post-thumbnail":["https:\/\/arantv.az\/wp-content\/uploads\/2021\/03\/929818-240x172.jpg",240,172,true],"advps-thumb-one":["https:\/\/arantv.az\/wp-content\/uploads\/2021\/03\/929818.jpg",800,600,false]},"rttpg_author":{"display_name":"V\u00fcsal Rafiqo\u011flu","author_link":"https:\/\/arantv.az\/?author=2"},"rttpg_comment":0,"rttpg_category":"<a href=\"https:\/\/arantv.az\/?cat=7\" rel=\"category\">D\u00fcnya<\/a>","rttpg_excerpt":"Az\u0259rbaycanda \u0259sirlikd\u0259 olan Livan v\u0259 Erm\u0259nistan v\u0259t\u0259nda\u015f\u0131, snayper Maral Nacaryan Beyruta qaytar\u0131l\u0131b. ARANTV.AZ\u00a0 qafqazinfo-ya istinad\u0259n x\u0259b\u0259r verir ki, bu bar\u0259d\u0259 &#8220;\u00c7i\u00e7\u0259kl\u0259n\u0259n Erm\u0259nistan&#8221; partiyas\u0131ndan olan deputat Naira Zohrabyan \u00f6z feysbuk hesab\u0131nda m\u0259lumat verib. &#8220;Maral Nacaryan bir ne\u00e7\u0259 d\u0259qiq\u0259 \u0259vv\u0259l Beyrutdak\u0131 evin\u0259 \u00e7atd\u0131&#8221;,- dey\u0259 o qeyd edib. Xat\u0131rladaq ki, \u00f6t\u0259n ay Beyn\u0259lxalq Q\u0131rm\u0131z\u0131 Xa\u00e7 Komit\u0259sinin \u0259m\u0259kda\u015flar\u0131n\u0131n Az\u0259rbaycanda&hellip;","_links":{"self":[{"href":"https:\/\/arantv.az\/index.php?rest_route=\/wp\/v2\/posts\/311025"}],"collection":[{"href":"https:\/\/arantv.az\/index.php?rest_route=\/wp\/v2\/posts"}],"about":[{"href":"https:\/\/arantv.az\/index.php?rest_route=\/wp\/v2\/types\/post"}],"author":[{"embeddable":true,"href":"https:\/\/arantv.az\/index.php?rest_route=\/wp\/v2\/users\/2"}],"replies":[{"embeddable":true,"href":"https:\/\/arantv.az\/index.php?rest_route=%2Fwp%2Fv2%2Fcomments&post=311025"}],"version-history":[{"count":0,"href":"https:\/\/arantv.az\/index.php?rest_route=\/wp\/v2\/posts\/311025\/revisions"}],"wp:featuredmedia":[{"embeddable":true,"href":"https:\/\/arantv.az\/index.php?rest_route=\/wp\/v2\/media\/311026"}],"wp:attachment":[{"href":"https:\/\/arantv.az\/index.php?rest_route=%2Fwp%2Fv2%2Fmedia&parent=311025"}],"wp:term":[{"taxonomy":"category","embeddable":true,"href":"https:\/\/arantv.az\/index.php?rest_route=%2Fwp%2Fv2%2Fcategories&post=311025"},{"taxonomy":"post_tag","embeddable":true,"href":"https:\/\/arantv.az\/index.php?rest_route=%2Fwp%2Fv2%2Ftags&post=311025"}],"curies":[{"name":"wp","href":"https:\/\/api.w.org\/{rel}","templated":true}]}}