{"id":311033,"date":"2021-03-11T11:15:57","date_gmt":"2021-03-11T08:15:57","guid":{"rendered":"http:\/\/arantv.az\/?p=311033"},"modified":"2021-03-11T11:15:57","modified_gmt":"2021-03-11T08:15:57","slug":"az%c9%99rbaycan-v%c9%99t%c9%99n-muharib%c9%99sind%c9%99ki-tarixi-q%c9%99l%c9%99b%c9%99si-milli-h%c9%99mr%c9%99yliyin-daha-da-gucl%c9%99nm%c9%99sind%c9%99-muhum-rol-oynadi","status":"publish","type":"post","link":"https:\/\/arantv.az\/?p=311033","title":{"rendered":"Az\u0259rbaycan V\u0259t\u0259n m\u00fcharib\u0259sind\u0259ki tarixi Q\u0259l\u0259b\u0259si milli h\u0259mr\u0259yliyin daha da g\u00fccl\u0259nm\u0259sind\u0259 m\u00fch\u00fcm rol oynad\u0131"},"content":{"rendered":"<p><em>M\u00fcq\u0259dd\u0259s V\u0259t\u0259n m\u00fcharib\u0259si zaman\u0131 xaricd\u0259 ya\u015fayan soyda\u015flar\u0131m\u0131z\u0131n<br \/>\nd\u00fc\u015fm\u0259nin v\u0259 anti-Az\u0259rbaycan dair\u0259l\u0259rin m\u0259krli t\u0259xribatlar\u0131na qar\u015f\u0131 c\u0259sar\u0259tli etirazlar\u0131,<br \/>\nAz\u0259rbaycan h\u0259qiq\u0259tl\u0259rinin d\u00fcnya ictimaiyy\u0259tin\u0259 \u00e7atd\u0131r\u0131lmas\u0131 i\u015find\u0259 f\u0259dakar xidm\u0259tl\u0259ri Q\u0259l\u0259b\u0259miz\u0259 layiqli t\u00f6hf\u0259 olmu\u015fdur.<\/em><\/p>\n<p><strong>\u0130lham \u018fliyev,<\/strong><br \/>\n<em>Az\u0259rbaycan Respublikas\u0131n\u0131n Prezidenti<\/em><\/p>\n<p>Otuz il \u0259vv\u0259l &#8211; Az\u0259rbaycan Respublikas\u0131 1991-ci il oktyabr\u0131n 18-d\u0259 d\u00f6vl\u0259t m\u00fcst\u0259qilliyini b\u0259rpa etdikd\u0259n sonra, d\u00f6vl\u0259t\u00e7iliyini inki\u015faf etdir\u0259r\u0259k m\u00f6hk\u0259ml\u0259ndirm\u0259k \u00fc\u00e7\u00fcn tarixi f\u00fcrs\u0259t \u0259ld\u0259 etdi. Lakin \u00f6lk\u0259miz Erm\u0259nistan\u0131n \u0259sass\u0131z \u0259razi iddialar\u0131, el\u0259c\u0259 d\u0259 h\u0259rbi t\u0259cav\u00fcz\u00fc il\u0259 qar\u015f\u0131la\u015fd\u0131 v\u0259 n\u0259tic\u0259d\u0259 torpaqlar\u0131m\u0131z i\u015f\u011fal alt\u0131na d\u00fc\u015fd\u00fc. H\u0259min d\u00f6vrd\u0259 \u00f6lk\u0259 \u00e7\u0259tin v\u0259ziyy\u0259td\u0259 idi, ordu formala\u015fmam\u0131\u015fd\u0131, hans\u0131 istiqam\u0259td\u0259 add\u0131mlar at\u0131laca\u011f\u0131 bilinmirdi. \u00d6lk\u0259d\u0259 sabitlik yox idi, xaos, hakimiyy\u0259tsizlik h\u00f6km s\u00fcr\u00fcrd\u00fc. Bu bax\u0131mdan, Erm\u0259nistan\u0131n h\u0259rbi t\u0259cav\u00fcz\u00fcn\u00fcn qar\u015f\u0131s\u0131n\u0131 almaq, onun a\u011f\u0131r n\u0259tic\u0259l\u0259rini aradan qald\u0131rmaq, d\u00f6vl\u0259timizin \u0259razi b\u00fct\u00f6vl\u00fcy\u00fcn\u00fc v\u0259 t\u0259hl\u00fck\u0259sizliyini t\u0259min etm\u0259k, d\u00fcnyaya siyasi v\u0259 iqtisadi bax\u0131mdan inteqrasiya olunmaq z\u0259rur\u0259ti d\u00fc\u015f\u00fcn\u00fclm\u00fc\u015f, ard\u0131c\u0131l v\u0259 milli maraqlar\u0131n qorunmas\u0131na \u0259saslanan xarici siyas\u0259t t\u0259l\u0259b edirdi.<\/p>\n<p><strong>ARANTV.AZ x\u0259b\u0259r verir ki, bu fikirl\u0259ri\u00a0AZ\u018fRTAC-a a\u00e7\u0131qlamas\u0131nda Az\u0259rbaycan Respublikas\u0131n\u0131n Prezidenti yan\u0131nda D\u00f6vl\u0259t \u0130dar\u0259\u00e7ilik Akademiyas\u0131n\u0131n professoru, siyasi elml\u0259r doktoru El\u00e7in \u018fhm\u0259dov bildirib.<\/strong><\/p>\n<p>1993-c\u00fc ilin ikinci yar\u0131s\u0131nda \u00fcmummilli lider Heyd\u0259r \u018fliyevin yenid\u0259n hakimiyy\u0259t\u0259 qay\u0131d\u0131\u015f\u0131 Az\u0259rbaycanda m\u00fcst\u0259qil d\u00f6vl\u0259t\u00e7ilik ideyalar\u0131n\u0131n b\u0259rq\u0259rar olmas\u0131na \u015f\u0259rait yaratd\u0131. Ulu \u00f6nd\u0259r m\u0259hz xalq\u0131m\u0131z\u0131n milli d\u0259y\u0259rl\u0259rin\u0259, ad\u0259t-\u0259n\u0259n\u0259l\u0259rin\u0259, tarixi soyk\u00f6k\u00fcn\u0259, x\u00fcsusil\u0259, d\u00f6vl\u0259t\u00e7ilik prinsipl\u0259rin\u0259 sadiq qalaraq Az\u0259rbaycan\u0131n ideoloji f\u0259aliyy\u0259t strategiyas\u0131n\u0131 da m\u0259hz bu amill\u0259r \u00fcz\u0259rind\u0259 qurdu. \u00dcmummilli lider son d\u0259r\u0259c\u0259 t\u0259cr\u00fcb\u0259li d\u00f6vl\u0259t ba\u015f\u00e7\u0131s\u0131 v\u0259 g\u00f6rk\u0259mli siyasi xadim kimi bu \u00e7\u0259tin v\u0259 m\u00fcr\u0259kk\u0259b v\u0259zif\u0259l\u0259rin \u00f6hd\u0259sind\u0259n m\u00fcv\u0259ff\u0259qiyy\u0259tl\u0259 g\u0259lm\u0259k bacar\u0131\u011f\u0131 n\u00fcmayi\u015f etdirdi. \u00d6lk\u0259mizin sistemli \u015f\u0259kild\u0259 d\u00fcnya birliyin\u0259 inteqrasiya olunmas\u0131nda ikit\u0259r\u0259fli v\u0259 \u00e7oxt\u0259r\u0259fli siyasi m\u00fcnasib\u0259tl\u0259rin geni\u015fl\u0259nm\u0259si istiqam\u0259tind\u0259 at\u0131lan add\u0131mlar m\u00fch\u00fcm \u0259h\u0259miyy\u0259t k\u0259sb edir. Bununla yana\u015f\u0131, h\u0259min d\u00f6vrd\u0259 yenid\u0259n siyasi hakimiyy\u0259t\u0259 qay\u0131dan Heyd\u0259r \u018fliyevin ilk s\u0259sl\u0259ndirdiyi \u201cXalq\u0131n, V\u0259t\u0259nin taleyi h\u0259r bir insan\u0131n taleyin\u0259 \u00e7evrilm\u0259lidir!\u201d, yaxud \u201cV\u0259t\u0259n birdir v\u0259 ham\u0131 bu V\u0259t\u0259n \u00fc\u00e7\u00fcn \u00e7al\u0131\u015fmal\u0131d\u0131r!\u201d \u00e7a\u011f\u0131r\u0131\u015f\u0131 bu sah\u0259d\u0259ki f\u0259aliyy\u0259tin \u0259sas g\u00f6st\u0259ricisi hesab oluna bil\u0259r.<\/p>\n<p>Az\u0259rbaycan\u00e7\u0131l\u0131q ideyas\u0131n\u0131n, milli birliyin v\u0259 h\u0259mr\u0259yliyin m\u00f6hk\u0259ml\u0259ndirilm\u0259si \u00fc\u00e7\u00fcn d\u00fcnyaya s\u0259p\u0259l\u0259nmi\u015f soyda\u015flar\u0131m\u0131z\u0131n V\u0259t\u0259nl\u0259 \u0259laq\u0259l\u0259rinin, x\u00fcsusil\u0259, \u00f6lk\u0259mizin b\u00fct\u00fcn m\u0259s\u0259l\u0259l\u0259rd\u0259 milli maraqlar\u0131n\u0131n v\u0259 tarix\u0259n formala\u015fm\u0131\u015f m\u0259n\u0259vi d\u0259y\u0259rl\u0259rinin qorunmas\u0131 m\u0259qs\u0259dil\u0259 diaspor quruculu\u011fu sah\u0259sind\u0259 bir s\u0131ra m\u00fch\u00fcm add\u0131mlar at\u0131ld\u0131. Bu bax\u0131mdan, Ulu \u00d6nd\u0259rin 2001-ci il noyabr\u0131n 9-10-da Bak\u0131 \u015f\u0259h\u0259rind\u0259 D\u00fcnya Az\u0259rbaycanlar\u0131n\u0131n I Qurultay\u0131n\u0131n ke\u00e7irilm\u0259si haqq\u0131nda 23 may 2001-ci il tarixli s\u0259r\u0259ncam\u0131 diaspor quruculu\u011fu sah\u0259sind\u0259 h\u0259lledici m\u0259rh\u0259l\u0259 oldu. Bu f\u0259aliyy\u0259tin n\u0259 q\u0259d\u0259r ciddi v\u0259 geni\u015fmiqyasl\u0131 oldu\u011funu \u201cXaricd\u0259 ya\u015fayan az\u0259rbaycanl\u0131larla ba\u011fl\u0131 d\u00f6vl\u0259t siyas\u0259ti haqq\u0131nda\u201d Az\u0259rbaycan Respublikas\u0131 Qanununun q\u00fcvv\u0259y\u0259 minm\u0259si bir daha t\u0259sbit etdi. M\u00fcdrik \u015f\u0259xsiyy\u0259tin 2002-ci il dekabr\u0131n 27-d\u0259 imzalad\u0131\u011f\u0131 f\u0259rman diaspor siyas\u0259tinin h\u0259yata ke\u00e7irilm\u0259si il\u0259 \u0259laq\u0259dar d\u00f6vl\u0259t orqanlar\u0131n\u0131n f\u0259aliyy\u0259tinin \u0259saslar\u0131n\u0131 m\u00fc\u0259yy\u0259n etdi. Qanunda Az\u0259rbaycan diasporu il\u0259 ba\u011fl\u0131 t\u0259sbit olunmu\u015f madd\u0259l\u0259rin s\u0259m\u0259r\u0259liliyinin art\u0131r\u0131lmas\u0131, diasporumuzun t\u0259\u015fkilatlanmas\u0131, d\u00fcnya az\u0259rbaycanl\u0131lar\u0131n\u0131n birliyinin yaranmas\u0131, d\u00f6vl\u0259timizin bu sah\u0259d\u0259 apard\u0131\u011f\u0131 siyas\u0259tin t\u0259bli\u011fin\u0259 nail olmaq kimi konkret m\u0259qs\u0259d v\u0259 v\u0259zif\u0259l\u0259r yer al\u0131r. Bir q\u0259d\u0259r \u0259vv\u0259l is\u0259 \u2013 2002-ci il iyulun 5-d\u0259 \u00fcmummilli lider Heyd\u0259r \u018fliyev \u201cXaricd\u0259 Ya\u015fayan Az\u0259rbaycanl\u0131larla \u0130\u015f \u00fczr\u0259 D\u00f6vl\u0259t Komit\u0259sinin yarad\u0131lmas\u0131 haqq\u0131nda\u201d imzalad\u0131\u011f\u0131 f\u0259rman Az\u0259rbaycan diasporunun f\u0259aliyy\u0259tinin m\u00fct\u0259\u015f\u0259kkil qaydada \u0259laq\u0259l\u0259ndirilm\u0259si, d\u00fcnya az\u0259rbaycanl\u0131lar\u0131n\u0131n siyasi v\u0259 ideoloji birliyinin t\u0259minat\u0131 bax\u0131m\u0131ndan m\u00fcst\u0259sna \u0259h\u0259miyy\u0259t k\u0259sb ed\u0259n m\u00fch\u00fcm tarixi s\u0259n\u0259d olmu\u015fdur. 2008-ci il noyabr\u0131n 19-da is\u0259 Prezident \u0130lham \u018fliyevin s\u0259r\u0259ncam\u0131 il\u0259 Xarici \u00d6lk\u0259l\u0259rd\u0259 Ya\u015fayan Az\u0259rbaycanl\u0131larla \u0130\u015f \u00fczr\u0259 D\u00f6vl\u0259t Komit\u0259sinin \u0259sas\u0131nda Diasporla \u0130\u015f \u00fczr\u0259 D\u00f6vl\u0259t Komit\u0259si yarad\u0131ld\u0131.<\/p>\n<p>Bu bax\u0131mdan, diaspor quruculu\u011fu i\u015find\u0259 yax\u0131ndan k\u00f6m\u0259klik g\u00f6st\u0259r\u0259n v\u0259 xaricd\u0259 ya\u015fayan soyda\u015flar\u0131m\u0131z\u0131n milli-m\u0259n\u0259vi d\u0259y\u0259rl\u0259r, milli h\u0259mr\u0259ylik v\u0259 az\u0259rbaycan\u00e7\u0131l\u0131q ideyas\u0131 prinsipl\u0259ri kontekstind\u0259 formala\u015fmas\u0131na \u00e7al\u0131\u015fan \u00fcmummilli lider Heyd\u0259r \u018fliyevin diaspor m\u0259s\u0259l\u0259l\u0259rin\u0259 x\u00fcsusi diqq\u0259t yetirm\u0259si v\u0259 bu sah\u0259d\u0259 vahid d\u00f6vl\u0259t siyas\u0259tinin h\u0259yata ke\u00e7irilm\u0259si h\u0259mv\u0259t\u0259nl\u0259rimizin t\u0259\u015fkilatlanmas\u0131 prosesini s\u00fcr\u0259tl\u0259ndirdi.<\/p>\n<p>Bu g\u00fcn ideoloji d\u0259y\u0259rl\u0259r, \u0259sas\u0131 \u00fcmummilli lider Heyd\u0259r \u018fliyev t\u0259r\u0259find\u0259n qoyulmu\u015f az\u0259rbaycan\u00e7\u0131l\u0131q ideyas\u0131n\u0131n r\u0259hb\u0259r tutdu\u011fu \u0259sas prinsipl\u0259r Prezident \u0130lham \u018fliyev t\u0259r\u0259find\u0259n qorunur v\u0259 u\u011furla inki\u015faf etdirilir. 2016-c\u0131 il iyunun 3-d\u0259 Bak\u0131da d\u00f6vl\u0259t ba\u015f\u00e7\u0131s\u0131n\u0131n t\u0259\u015f\u0259bb\u00fcs\u00fc il\u0259 ke\u00e7iril\u0259n D\u00fcnya Az\u0259rbaycanl\u0131lar\u0131n\u0131n IV Qurultay\u0131nda 49 \u00f6lk\u0259d\u0259n 500-d\u0259n \u00e7ox diaspor n\u00fcmay\u0259nd\u0259si v\u0259 qonaq i\u015ftirak edirdi. Az\u0259rbaycan Prezidenti \u0130lham \u018fliyev Az\u0259rbaycan, x\u00fcsusil\u0259, Qaraba\u011f h\u0259qiq\u0259tl\u0259rinin d\u00fcnyaya \u00e7atd\u0131r\u0131lmas\u0131 m\u0259s\u0259l\u0259sin\u0259 diqq\u0259ti daha \u00e7ox c\u0259lb ed\u0259r\u0259k IV Qurultaydak\u0131 \u00e7\u0131x\u0131\u015f\u0131nda diqq\u0259t\u0259 \u00e7atd\u0131rd\u0131 ki, Az\u0259rbaycan h\u0259qiq\u0259tl\u0259rini m\u00fcxt\u0259lif \u00f6lk\u0259l\u0259r\u0259 \u00e7atd\u0131rmaq \u00fc\u00e7\u00fcn laz\u0131mi t\u0259dbirl\u0259rin g\u00f6r\u00fclm\u0259si haqq\u0131nda m\u00fczakir\u0259l\u0259r apar\u0131lmal\u0131, proqram t\u0259rtib edilm\u0259lidir: \u201c\u018fg\u0259r Az\u0259rbaycan d\u00f6vl\u0259ti bu i\u015fd\u0259 h\u0259r hans\u0131 bir formada \u00f6z d\u0259st\u0259yini ver\u0259 bil\u0259rs\u0259, biz buna haz\u0131r\u0131q. \u018fsas odur ki, biz bunu planl\u0131 \u015f\u0259kild\u0259 icra ed\u0259k. Bu, Az\u0259rbaycan\u0131n diaspor t\u0259\u015fkilatlar\u0131 olan b\u00fct\u00fcn \u00f6lk\u0259l\u0259rd\u0259 b\u0259lk\u0259 d\u0259 birinci m\u0259s\u0259l\u0259 olmal\u0131d\u0131r. Az\u0259rbaycan h\u0259qiq\u0259tl\u0259ri haqq\u0131nda \u0259lb\u0259tt\u0259 ki, d\u00fcnya ictimaiyy\u0259tin\u0259 geni\u015f informasiya verilm\u0259lidir. Biz d\u00f6vl\u0259t olaraq bunu etm\u0259y\u0259 \u00e7al\u0131\u015f\u0131r\u0131q. Ancaq diaspor t\u0259\u015fkilatlar\u0131ndan da \u00e7ox \u015fey as\u0131l\u0131d\u0131r. X\u00fcsusil\u0259, biz bunu Erm\u0259nistan-Az\u0259rbaycan m\u00fcnaqi\u015f\u0259sinin h\u0259lli il\u0259 ba\u011fl\u0131 informasiya t\u0259minat\u0131nda g\u00f6r\u00fcr\u00fck\u201d.<\/p>\n<p>Qeyd etm\u0259k laz\u0131md\u0131r ki, Az\u0259rbaycan Respublikas\u0131n\u0131n Birinci vitse-prezidenti Mehriban xan\u0131m \u018fliyevan\u0131n Qaraba\u011f h\u0259qiq\u0259tl\u0259rinin d\u00fcnyaya \u00e7atd\u0131r\u0131lmas\u0131 istiqam\u0259tind\u0259 g\u00f6rd\u00fcy\u00fc i\u015fl\u0259r olduqca t\u0259qdir\u0259layiqdir. Bel\u0259 ki, Mehriban \u018fliyevan\u0131n r\u0259hb\u0259rlik etdiyi Heyd\u0259r \u018fliyev Fondu b\u0259\u015f\u0259riyy\u0259tin \u0259n b\u00f6y\u00fck faci\u0259l\u0259rind\u0259n olan Xocal\u0131 soyq\u0131r\u0131m\u0131 haqq\u0131nda faktlar\u0131n d\u00fcnyaya \u00e7atd\u0131r\u0131lmas\u0131 istiqam\u0259tind\u0259 sistemli v\u0259 ard\u0131c\u0131l f\u0259aliyy\u0259t h\u0259yata ke\u00e7irir. Xocal\u0131 soyq\u0131r\u0131m\u0131n\u0131n tan\u0131d\u0131lmas\u0131 v\u0259 soyq\u0131r\u0131m\u0131na siyasi qiym\u0259t verilm\u0259si istiqam\u0259tind\u0259 g\u00f6r\u00fcl\u0259n i\u015fl\u0259r art\u0131q daha ciddi n\u0259tic\u0259l\u0259r verir v\u0259 bu proses geni\u015fl\u0259nm\u0259kd\u0259 davam edir.<\/p>\n<p>Az\u0259rbaycan\u0131n d\u00fcnya birliyind\u0259 t\u0259bli\u011f edilm\u0259si, x\u00fcsusil\u0259 Qaraba\u011f h\u0259qiq\u0259tl\u0259rinin tam t\u0259f\u0259rr\u00fcat\u0131 il\u0259 d\u00fcnya birliyin\u0259 obyektiv \u015f\u0259kild\u0259 \u00e7atd\u0131r\u0131lmas\u0131 i\u015find\u0259 Heyd\u0259r \u018fliyev Fondunun rolu \u00e7ox y\u00fcks\u0259k qiym\u0259tl\u0259ndirilir. Fondun Erm\u0259nistan-Az\u0259rbaycan m\u00fcnaqi\u015f\u0259si il\u0259 ba\u011fl\u0131 h\u0259qiq\u0259tl\u0259rin d\u00fcnya miqyas\u0131nda t\u0259bli\u011fi m\u0259qs\u0259dil\u0259 m\u00fcxt\u0259lif dill\u0259rd\u0259 n\u0259\u015fr etdirdiyi kitablar\u0131n \u0259h\u0259miyy\u0259ti d\u0259 x\u00fcsusi qeyd olunmal\u0131d\u0131r. Son 17 ild\u0259 beyn\u0259lxalq ictimaiyy\u0259t\u0259 \u00fcnvanlanan \u201cQaraba\u011f h\u0259qiq\u0259tl\u0259ri\u201d toplusu \u201cQaraba\u011f\u0131n tarixi haqq\u0131nda m\u0259lumat\u201d, &#8220;Qaraba\u011f m\u00fcnaqi\u015f\u0259sinin ba\u015flanmas\u0131\u201d, \u201cXocal\u0131 soyq\u0131r\u0131m\u0131\u201d, \u201cAz\u0259rbaycana qar\u015f\u0131 erm\u0259ni t\u0259cav\u00fcz\u00fcn\u00fcn n\u0259tic\u0259l\u0259ri\u201d, \u201cErm\u0259ni terror t\u0259\u015fkilatlar\u0131n\u0131n Az\u0259rbaycana qar\u015f\u0131 f\u0259aliyy\u0259ti\u201d kitab\u00e7alar\u0131ndan ibar\u0259tdir. Real faktlara, tutarl\u0131 s\u00fcbutlara, fotos\u0259n\u0259dl\u0259r\u0259 istinadla apar\u0131lan bu t\u0259bli\u011fat kampaniyas\u0131 on minl\u0259rl\u0259 avropal\u0131ya Qaraba\u011f h\u0259qiq\u0259tl\u0259ri, Xocal\u0131 soyq\u0131r\u0131m\u0131, Erm\u0259nistan\u0131n \u00f6lk\u0259miz\u0259 qar\u015f\u0131 h\u0259yata ke\u00e7irdiyi t\u0259cav\u00fczkar i\u015f\u011fal\u00e7\u0131l\u0131q siyas\u0259ti haqq\u0131nda \u0259sl h\u0259qiq\u0259tl\u0259ri \u00e7atd\u0131rd\u0131.<\/p>\n<p>2008-ci ild\u0259 Heyd\u0259r \u018fliyev Fondunun vitse-prezidenti Leyla xan\u0131m \u018fliyevan\u0131n t\u0259\u015f\u0259bb\u00fcs\u00fc il\u0259 \u201cXocal\u0131ya \u0259dal\u0259t!\u201d kampaniyas\u0131 t\u0259sis edildi, f\u0259aliyy\u0259tin\u0259 is\u0259 2009-cu ilin fevral\u0131ndan start verildi. Haz\u0131rda faci\u0259nin m\u0259n\u0259vi v\u0259 siyasi-h\u00fcquqi s\u0259viyy\u0259d\u0259 tan\u0131nmas\u0131na y\u00f6n\u0259lmi\u015f v\u0259 d\u00fcnyan\u0131n m\u00fcxt\u0259lif \u00f6lk\u0259l\u0259rind\u0259 y\u00fczl\u0259rl\u0259 k\u00f6n\u00fcll\u00fcn\u00fcn i\u015ftirak\u0131 il\u0259 u\u011furla davam etdiril\u0259n \u201cXocal\u0131ya \u0259dal\u0259t!\u201d beyn\u0259lxalq informasiya v\u0259 t\u0259\u015fviqat kampaniyas\u0131 da bu i\u015f\u0259 \u00f6z t\u00f6hf\u0259sini verm\u0259kd\u0259dir. 2009-cu ilin iyulunda is\u0259 \u0130slam \u018fm\u0259kda\u015fl\u0131q T\u0259\u015fkilat\u0131 G\u0259ncl\u0259r Forumu il\u0259 ICESCO aras\u0131nda imzalanm\u0131\u015f anla\u015fma n\u0259tic\u0259sind\u0259 Xocal\u0131 faci\u0259si haqq\u0131nda m\u0259lumat\u0131n \u0130\u018fT \u00f6lk\u0259l\u0259rinin tarix d\u0259rslikl\u0259rin\u0259 sal\u0131nmas\u0131 bar\u0259d\u0259 raz\u0131l\u0131q \u0259ld\u0259 edildi.<\/p>\n<p>Son ill\u0259rd\u0259 Xocal\u0131 soyq\u0131r\u0131m\u0131n\u0131n tan\u0131d\u0131lmas\u0131 v\u0259 q\u0259tliama siyasi qiym\u0259t verilm\u0259si istiqam\u0259tind\u0259 g\u00f6r\u00fcl\u0259n i\u015fl\u0259r daha ciddi n\u0259tic\u0259l\u0259r verm\u0259kd\u0259dir. Art\u0131q AB\u015e-\u0131n 25-d\u0259n \u00e7ox \u015ftat\u0131 v\u0259 15-\u0259 q\u0259d\u0259r \u00f6lk\u0259nin qanunverici orqanlar\u0131 Xocal\u0131 faci\u0259sini soyq\u0131r\u0131m\u0131 akt\u0131 v\u0259 insanl\u0131\u011fa qar\u015f\u0131 cinay\u0259t kimi tan\u0131nmas\u0131 bar\u0259d\u0259 q\u0259tnam\u0259 q\u0259bul etmi\u015fdir. Haz\u0131rda Xocal\u0131 faci\u0259sinin d\u00fcnya d\u00f6vl\u0259tl\u0259ri t\u0259r\u0259find\u0259n soyq\u0131r\u0131m\u0131 kimi tan\u0131nmas\u0131, q\u0259tliama ayr\u0131-ayr\u0131 \u00f6lk\u0259l\u0259rin qanunverici orqanlar\u0131 t\u0259r\u0259find\u0259n obyektiv qiym\u0259t verilm\u0259si tarixi z\u0259rur\u0259t olaraq qalmaqdad\u0131r.<\/p>\n<p>Az\u0259rbaycan\u0131n xarici siyas\u0259tinin \u0259sas prioritetl\u0259rind\u0259n biri kimi m\u00fc\u0259yy\u0259nl\u0259\u015fdirilmi\u015f Erm\u0259nistan-Az\u0259rbaycan m\u00fcnaqi\u015f\u0259si il\u0259 ba\u011fl\u0131 h\u0259qiq\u0259tl\u0259rin beyn\u0259lxalq ictimaiyy\u0259t\u0259 \u00e7atd\u0131r\u0131lmas\u0131 istiqam\u0259tind\u0259 davaml\u0131 olaraq m\u00fch\u00fcm add\u0131mlar at\u0131l\u0131r. Heyd\u0259r \u018fliyev Fondunun d\u0259st\u0259yi il\u0259 2016-c\u0131 il fevral\u0131n 18-d\u0259 Bel\u00e7ika Krall\u0131\u011f\u0131n\u0131n Vaterlo \u015f\u0259h\u0259rind\u0259 g\u00f6rk\u0259mli Az\u0259rbaycan \u015fair\u0259si Xur\u015fidbanu Nat\u0259van\u0131n abid\u0259sinin a\u00e7\u0131l\u0131\u015f\u0131 olmu\u015f v\u0259 abid\u0259nin \u00f6z\u00fcl\u00fcnd\u0259 Xur\u015fidbanu Nat\u0259van\u0131n Qaraba\u011f \u015fahzad\u0259si olmas\u0131 bar\u0259d\u0259 m\u0259lumat var.<\/p>\n<p>Az\u0259rbaycan Prezidenti \u0130lham \u018fliyev v\u0259 Birinci vitse-prezident xan\u0131m Mehriban \u018fliyeva 2017-ci ilin fevral ay\u0131nda Bel\u00e7ikaya i\u015fg\u00fczar s\u0259f\u0259ri \u00e7\u0259r\u00e7iv\u0259sind\u0259 Xur\u015fidbanu Nat\u0259van\u0131n abid\u0259sini ziyar\u0259t etmi\u015fl\u0259r. Qeyd etm\u0259k laz\u0131md\u0131r ki, 2020-ci ilin mart ay\u0131nda erm\u0259nil\u0259r t\u0259r\u0259find\u0259n vandalizm\u0259 m\u0259ruz qalm\u0131\u015f Xur\u015fidbanu Nat\u0259van\u0131n abid\u0259si Vaterlo \u015f\u0259h\u0259rinin m\u00fchafiz\u0259 edil\u0259n tarixi abid\u0259l\u0259r siyah\u0131s\u0131na daxildir. 2020-ci ild\u0259 Bel\u00e7ikan\u0131n Vaterlo \u015f\u0259h\u0259rind\u0259 Az\u0259rbaycan\u0131n g\u00f6rk\u0259mli \u015fair\u0259si, Qaraba\u011f \u015fahzad\u0259si Xur\u015fidbanu Nat\u0259van\u0131n tam b\u0259rpa edilmi\u015f abid\u0259sinin yenid\u0259n a\u00e7\u0131l\u0131\u015f\u0131 oldu.<\/p>\n<p>X\u00fcsusil\u0259 qeyd etm\u0259k laz\u0131md\u0131r ki, son ill\u0259rd\u0259 Heyd\u0259r \u018fliyev Fondunun d\u0259st\u0259yi v\u0259 Fondun prezidenti Mehriban \u018fliyevan\u0131n t\u0259\u015f\u0259bb\u00fcs\u00fc il\u0259 art\u0131q bir s\u0131ra \u00f6lk\u0259l\u0259rd\u0259 Az\u0259rbaycan evl\u0259ri v\u0259 \u201cQaraba\u011f\u201d adl\u0131 Az\u0259rbaycan m\u0259kt\u0259bl\u0259ri f\u0259aliyy\u0259t\u0259 ba\u015flay\u0131b.<\/p>\n<p>Haz\u0131rda xarici \u00f6lk\u0259l\u0259rd\u0259 ya\u015fayan az\u0259rbaycanl\u0131lar\u0131n t\u0259\u015fkilatlanmas\u0131 prosesind\u0259 Prezident \u0130lham \u018fliyevin tap\u015f\u0131r\u0131q v\u0259 t\u00f6vsiy\u0259l\u0259ri, d\u00f6vl\u0259t siyas\u0259tinin prinsipl\u0259ri, Az\u0259rbaycan\u0131n milli maraqlar\u0131 r\u0259hb\u0259r tutulmu\u015f, bu prosesi keyfiyy\u0259tc\u0259 yeni m\u00fcst\u0259viy\u0259 \u00e7\u0131xarmaq m\u0259qs\u0259dil\u0259 diaspor quruculu\u011fu sah\u0259sind\u0259 nailiyy\u0259tl\u0259ri il\u0259 tan\u0131nm\u0131\u015f dig\u0259r xalqlar\u0131n t\u0259cr\u00fcb\u0259sind\u0259n faydalanmaqla, tarixi v\u0259 regional faktorlarla yana\u015f\u0131, m\u00f6vcud siyasi reall\u0131qlar, eyni zamanda, t\u0259sis edil\u0259n icmalar\u0131n f\u0259aliyy\u0259t perspektivl\u0259rini n\u0259z\u0259r\u0259 almaqla Diasporla \u0130\u015f \u00fczr\u0259 D\u00f6vl\u0259t Komit\u0259si daha geni\u015f f\u0259aliyy\u0259t g\u00f6st\u0259rir. He\u00e7 \u015f\u00fcbh\u0259siz ki, komit\u0259nin t\u0259\u015fkilatland\u0131rma, t\u0259bli\u011fat v\u0259 maarif\u00e7ilik meyarlar\u0131na s\u00f6yk\u0259n\u0259n \u00fcmumi strategiyas\u0131 d\u00fcnya az\u0259rbaycanl\u0131lar\u0131n\u0131 yeni platformalarda birl\u0259\u015fdirir. Bu bax\u0131mdan, h\u0259r bir diaspor t\u0259\u015fkilat\u0131n\u0131n qar\u015f\u0131s\u0131na qoydu\u011fu \u0259sas m\u0259qs\u0259d \u00f6lk\u0259mizin milli maraqlar\u0131n\u0131 beyn\u0259lxalq m\u00fcnasib\u0259tl\u0259r sistemind\u0259 uca tutmaq, ictimai, siyasi v\u0259 m\u0259d\u0259ni sah\u0259l\u0259rd\u0259 t\u0259bli\u011f etm\u0259k, geni\u015f \u0259laq\u0259l\u0259r yaratmaqla d\u00fc\u015f\u00fcn\u00fclm\u00fc\u015f ideoloji f\u0259aliyy\u0259t strategiyas\u0131n\u0131 realla\u015fd\u0131rmaq v\u0259 konkret n\u0259tic\u0259l\u0259r qazanmaqd\u0131r. D\u00f6vl\u0259t Komit\u0259sinin n\u0259zdind\u0259 yarad\u0131lm\u0131\u015f Az\u0259rbaycan Diasporuna D\u0259st\u0259k Fondunun m\u0259qs\u0259di d\u00fcnyadak\u0131 diaspor t\u0259\u015fkilatlar\u0131m\u0131za maliyy\u0259 d\u0259st\u0259yi g\u00f6st\u0259rm\u0259kdir. Bununla yana\u015f\u0131, xarici \u00f6lk\u0259l\u0259rd\u0259 diasporun t\u0259\u015fkilatlanmas\u0131na xidm\u0259t ed\u0259n 12 Koordinasiya \u015euras\u0131 yarad\u0131lm\u0131\u015fd\u0131r ki, bunlar da \u00fcmumilikd\u0259, 26 \u00f6lk\u0259ni \u0259hat\u0259 edir. AB\u015e v\u0259 T\u00fcrkiy\u0259d\u0259 \u015furalar\u0131n t\u0259sis edilm\u0259si m\u0259qs\u0259dil\u0259 i\u015f\u00e7i qrupu yarad\u0131lm\u0131\u015f v\u0259 bu istiqam\u0259tind\u0259 f\u0259aliyy\u0259t \u201cStrateji Yol X\u0259rit\u0259si\u201dn\u0259 uy\u011fun \u015f\u0259kild\u0259 davam etdirilir.<\/p>\n<p>Qeyd etm\u0259k vacibdir ki, son ill\u0259rd\u0259 xarici \u00f6lk\u0259l\u0259rd\u0259 f\u0259aliyy\u0259t g\u00f6st\u0259r\u0259n Az\u0259rbaycan v\u0259 t\u00fcrk diaspor t\u0259\u015fkilatlar\u0131 aras\u0131nda \u0259m\u0259kda\u015fl\u0131\u011f\u0131n inki\u015faf etdirilm\u0259si istiqam\u0259tind\u0259 h\u0259m d\u00f6vl\u0259t, h\u0259m d\u0259 qeyri-h\u00f6kum\u0259t t\u0259\u015fkilatlar\u0131 s\u0259viyy\u0259sind\u0259 bir s\u0131ra m\u00fch\u00fcm t\u0259dbirl\u0259r g\u00f6r\u00fclm\u00fc\u015f, Az\u0259rbaycan icmalar\u0131na t\u00fcrk diasporunun t\u0259\u015fkilat\u00e7\u0131l\u0131\u011f\u0131 il\u0259 ke\u00e7iril\u0259n t\u0259dbirl\u0259rd\u0259 f\u0259al i\u015ftirak etm\u0259k t\u00f6vsiy\u0259 olunub. Ke\u00e7iril\u0259n t\u0259dbirl\u0259rin daha da u\u011furlu al\u0131nmas\u0131nda v\u0259 diasporlar aras\u0131nda m\u00fcnasib\u0259tl\u0259rin uzunm\u00fcdd\u0259tli qurulmas\u0131nda Az\u0259rbaycan v\u0259 T\u00fcrkiy\u0259nin d\u00f6vl\u0259t ba\u015f\u00e7\u0131lar\u0131n\u0131n da bu istiqam\u0259td\u0259 ictimai-siyasi f\u0259aliyy\u0259tl\u0259ri il\u0259 h\u0259r zaman vahid platformadan \u00e7\u0131x\u0131\u015f etm\u0259si diqq\u0259ti c\u0259lb edir. \u201cAz\u0259rbaycan v\u0259 T\u00fcrk diaspor t\u0259\u015fkilatlar\u0131n\u0131n birg\u0259 f\u0259aliyy\u0259t strategiyas\u0131\u201dnda n\u0259z\u0259rd\u0259 tutulmu\u015f v\u0259zif\u0259l\u0259rin h\u0259yata ke\u00e7irilm\u0259si istiqam\u0259tind\u0259 s\u0259yl\u0259rin g\u00fccl\u0259ndirilm\u0259si, diasporlar\u0131m\u0131z aras\u0131nda \u0259laq\u0259l\u0259rin get-ged\u0259 m\u00f6hk\u0259ml\u0259nm\u0259si, x\u00fcsusil\u0259, vahid platformadan \u00e7\u0131x\u0131\u015f etm\u0259si h\u0259r iki d\u00f6vl\u0259tin daim bir-birinin yan\u0131nda olmas\u0131n\u0131n bariz n\u00fcmun\u0259sidir. Biz buna Erm\u0259nistan\u0131n Az\u0259rbaycana qar\u015f\u0131 sentyabr\u0131n 27-d\u0259n ba\u015flayan h\u0259rbi t\u0259cav\u00fcz\u00fcn\u0259 cavab olaraq \u00f6lk\u0259 Prezidentinin r\u0259hb\u0259rliyi il\u0259 r\u0259\u015fad\u0259tli Az\u0259rbaycan Ordusunun i\u015f\u011fal alt\u0131nda olan torpaqlar\u0131m\u0131z\u0131 azad etm\u0259k \u00fc\u00e7\u00fcn geni\u015fmiqyasl\u0131 \u0259ks-h\u00fccum \u0259m\u0259liyyatlar\u0131 zaman\u0131, x\u00fcsusil\u0259, 44 g\u00fcnl\u00fck V\u0259t\u0259n m\u00fcharib\u0259sinin getdiyi g\u00fcnl\u0259rd\u0259 Az\u0259rbaycan v\u0259 t\u00fcrk diaspor t\u0259\u015fkilatlar\u0131n\u0131n birg\u0259 f\u0259aliyy\u0259tl\u0259rind\u0259, h\u0259m\u00e7inin d\u00fcnya informasiya m\u0259kan\u0131na operativ v\u0259 obyektiv m\u0259lumatlar\u0131n \u00e7atd\u0131r\u0131lmas\u0131nda da \u015fahid olduq.<\/p>\n<p>Prezident, Silahl\u0131 Q\u00fcvv\u0259l\u0259rin Ali Ba\u015f Komandan\u0131 \u0130lham \u018fliyevin r\u0259hb\u0259rliyi il\u0259 q\u0259hr\u0259man ordumuz sentyabr\u0131n 27-d\u0259n Erm\u0259nistan\u0131n h\u0259rbi t\u0259cav\u00fcz\u00fcn\u0259 cavab olaraq, i\u015f\u011fal alt\u0131nda olan torpaqlar\u0131m\u0131z\u0131 azad etm\u0259k \u00fc\u00e7\u00fcn geni\u015fmiqyasl\u0131 \u0259ks-h\u00fccum \u0259m\u0259liyyatlar\u0131 h\u0259yata ke\u00e7irdiyi g\u00fcnl\u0259rd\u0259, xalq\u0131m\u0131z b\u00fct\u00fcnl\u00fckl\u0259, m\u00fcz\u0259ff\u0259r Ali Ba\u015f Komandan\u0131n \u0259traf\u0131nda s\u0259f\u0259rb\u0259r oldu. Az\u0259rbaycan torpaqlar\u0131n\u0131n h\u0259r qar\u0131\u015f\u0131n\u0131n azad edilm\u0259si u\u011frunda ged\u0259n d\u00f6y\u00fc\u015fl\u0259r, q\u00fcdr\u0259tli ordumuzun \u015fanl\u0131 tarix yazaraq d\u00fc\u015fm\u0259n \u00fcz\u0259rind\u0259ki sars\u0131d\u0131c\u0131 z\u0259rb\u0259l\u0259ri, el\u0259c\u0259 d\u0259 bir s\u0131ra m\u00fch\u00fcm \u0259h\u0259miyy\u0259tli \u015f\u0259h\u0259rl\u0259rimizin, ya\u015fay\u0131\u015f m\u0259nt\u0259q\u0259l\u0259rimizin, h\u0259m\u00e7inin m\u00fcxt\u0259lif istiqam\u0259tl\u0259rd\u0259 strateji y\u00fcks\u0259klikl\u0259rin i\u015f\u011fal\u00e7\u0131lardan azad edilm\u0259si xalq\u0131m\u0131zda, o c\u00fcml\u0259d\u0259n d\u00fcnyada ya\u015fayan b\u00fct\u00fcn az\u0259rbaycanl\u0131larda b\u00f6y\u00fck inam v\u0259 ruh y\u00fcks\u0259kliyi yaratd\u0131.<\/p>\n<p>N\u0259tic\u0259d\u0259, r\u0259\u015fad\u0259tli Az\u0259rbaycan Ordusu 28 ild\u0259n art\u0131q i\u015f\u011fal alt\u0131nda olan torpaqlar\u0131m\u0131z\u0131 azad etm\u0259k \u00fc\u00e7\u00fcn geni\u015fmiqyasl\u0131 \u0259ks-h\u00fccum \u0259m\u0259liyyatlar\u0131 h\u0259yata ke\u00e7irilm\u0259kl\u0259 yana\u015f\u0131, d\u00fc\u015fm\u0259nin bu ill\u0259r \u0259rzind\u0259 yaratd\u0131\u011f\u0131 \u201cyenilm\u0259zlik\u201d mifologiyas\u0131n\u0131 darmada\u011f\u0131n etdi. Bununla yana\u015f\u0131, d\u00f6vl\u0259timizin ba\u015f\u00e7\u0131s\u0131n\u0131n xarici k\u00fctl\u0259vi informasiya vasit\u0259l\u0259rin\u0259 verdiyi \u00e7oxsayl\u0131 m\u00fcsahib\u0259l\u0259ri Erm\u0259nistan\u0131n Az\u0259rbaycana qar\u015f\u0131 h\u0259rbi t\u0259cav\u00fcz\u00fc, davam ed\u0259n h\u0259rbi \u0259m\u0259liyyatlarla ba\u011fl\u0131 tarix\u0259, beyn\u0259lxalq h\u00fcquqa v\u0259 \u0259dal\u0259t\u0259 \u0259saslanaraq, tutarl\u0131 arqumentl\u0259r \u00fcz\u0259rind\u0259 qurulan ayd\u0131n, m\u0259ntiqli fikirl\u0259ri, \u00f6lk\u0259mizin haql\u0131 m\u00f6vqeyinin d\u00fcnya ictimaiyy\u0259tin\u0259 \u00e7atd\u0131r\u0131lmas\u0131nda m\u00fcst\u0259sna rol oynad\u0131. H\u0259m\u00e7inin bu m\u00fcsahib\u0259l\u0259r informasiya m\u0259kan\u0131nda da d\u00fc\u015fm\u0259nin yalan \u00fcz\u0259rind\u0259 qurulmu\u015f t\u0259bli\u011fat ma\u015f\u0131n\u0131na a\u011f\u0131r z\u0259rb\u0259 vurdu v\u0259 Erm\u0259nistan\u0131n t\u0259cav\u00fczkar siyas\u0259tinin, el\u0259c\u0259 d\u0259 onun himay\u0259darlar\u0131n\u0131n if\u015fa olunmas\u0131 il\u0259 n\u0259tic\u0259l\u0259ndi.<\/p>\n<p>Prezident \u0130lham \u018fliyevin V\u0259t\u0259n m\u00fcharib\u0259sinin gedi\u015find\u0259 xarici k\u00fctl\u0259vi informasiya vasit\u0259l\u0259rin\u0259 verdiyi \u00e7oxsayl\u0131 m\u00fcsahib\u0259l\u0259ri v\u0259 xalqa m\u00fcraci\u0259tl\u0259ri b\u00fct\u00fcn d\u00fcnyada ya\u015fayan az\u0259rbaycanl\u0131lar\u0131 \u00f6lk\u0259mizin milli maraqlar\u0131, birlik v\u0259 h\u0259mr\u0259yliyi istiqam\u0259tind\u0259 birl\u0259\u015fdirici amil\u0259 \u00e7evrildi. Bu bax\u0131mdan, d\u00fcnyan\u0131n m\u00fcxt\u0259lif \u00f6lk\u0259l\u0259rind\u0259 ya\u015fayan minl\u0259rl\u0259 soyda\u015f\u0131m\u0131z 44 g\u00fcn \u0259rzind\u0259 Az\u0259rbaycan Ordusunun q\u0259l\u0259b\u0259l\u0259ri v\u0259 i\u015f\u011fal olunmu\u015f torpaqlar\u0131m\u0131z\u0131n azad edilm\u0259si m\u00fcnasib\u0259ti il\u0259 Prezident, Silahl\u0131 Q\u00fcvv\u0259l\u0259rin Ali Ba\u015f Komandan\u0131 \u0130lham \u018fliyev\u0259 \u00fcnvanlad\u0131qlar\u0131 m\u0259ktublarda Az\u0259rbaycan d\u00f6vl\u0259tin\u0259, xalq\u0131na v\u0259 Prezidentin\u0259 d\u0259st\u0259k ifad\u0259 olunmu\u015f, d\u00fcnyan\u0131n hans\u0131 \u00f6lk\u0259sind\u0259 ya\u015famas\u0131ndan as\u0131l\u0131 olmayaraq, h\u0259r bir az\u0259rbaycanl\u0131 i\u015f\u011fal\u00e7\u0131 Erm\u0259nistan ordusuna qar\u015f\u0131 bu haqq m\u00fcbariz\u0259mizd\u0259 \u00f6lk\u0259mizin yan\u0131nda oldu\u011funu v\u0259 ordumuzun qazand\u0131\u011f\u0131 q\u0259l\u0259b\u0259l\u0259rd\u0259n q\u00fcrur hissi ke\u00e7irdiyini, ehtiyac yaranarsa, h\u0259m \u00f6n c\u0259bh\u0259d\u0259, h\u0259m d\u0259 arxa c\u0259bh\u0259d\u0259 V\u0259t\u0259nin m\u00fcdafi\u0259sin\u0259 haz\u0131r olduqlar\u0131n\u0131 bildirdil\u0259r.<\/p>\n<p>\u00d6lk\u0259mizin \u0130kinci Qaraba\u011f m\u00fcharib\u0259sind\u0259ki tarixi \u0259dal\u0259tin z\u0259f\u0259r \u00e7almas\u0131nda h\u0259r bir soyda\u015f\u0131m\u0131z \u0259lind\u0259n g\u0259l\u0259ni \u0259sirg\u0259m\u0259d\u0259n ya\u015fad\u0131qlar\u0131 \u00f6lk\u0259l\u0259rd\u0259 Az\u0259rbaycan\u0131n haqq s\u0259sinin \u00e7atd\u0131r\u0131lmas\u0131 istiqam\u0259tind\u0259 yorulmadan f\u0259aliyy\u0259t g\u00f6st\u0259rdi. Xalq\u0131m\u0131z \u00fc\u00e7\u00fcn bel\u0259 bir h\u0259ssas d\u00f6n\u0259md\u0259 Diasporla \u0130\u015f \u00fczr\u0259 D\u00f6vl\u0259t Komit\u0259si v\u0259 xaricd\u0259 ya\u015fayan az\u0259rbaycanl\u0131lar \u00fcz\u0259ril\u0259rin\u0259 d\u00fc\u015f\u0259n ikiqat m\u0259suliyy\u0259ti d\u0259rk ed\u0259r\u0259k, v\u0259zif\u0259 borclar\u0131n\u0131 b\u00f6y\u00fck f\u0259xar\u0259t v\u0259 q\u00fcrurla yerin\u0259 yetirmi\u015f, m\u0259qs\u0259dy\u00f6nl\u00fc f\u0259aliyy\u0259tl\u0259 Az\u0259rbaycan reall\u0131qlar\u0131n\u0131n d\u00fcnyaya \u00e7atd\u0131r\u0131lmas\u0131 istiqam\u0259tind\u0259 \u015fanl\u0131 Q\u0259l\u0259b\u0259mizi f\u0259xrl\u0259 ya\u015fad\u0131qlar\u0131 \u00f6lk\u0259l\u0259rin k\u00fctl\u0259vi informasiya vasit\u0259l\u0259rind\u0259 m\u00fcxt\u0259lif dill\u0259rd\u0259 b\u00fct\u00fcn d\u00fcnyaya yayma\u011fa \u00e7al\u0131\u015f\u0131blar.<\/p>\n<p>Eyni zamanda, m\u00fcxt\u0259lif \u00f6lk\u0259l\u0259rd\u0259 f\u0259aliyy\u0259t g\u00f6st\u0259r\u0259n koordinasiya \u015furalar\u0131 t\u0259r\u0259find\u0259n m\u00fcxt\u0259lif \u00f6lk\u0259l\u0259rin prezidentl\u0259ri, parlament \u00fczvl\u0259ri, BMT, Avropa Parlamenti, Avropa \u015euras\u0131 v\u0259 dig\u0259r beyn\u0259lxalq t\u0259\u015fkilatlara, d\u00fcnyada tan\u0131nm\u0131\u015f siyas\u0259t\u00e7il\u0259r, beyn\u0259lxalq media n\u00fcmay\u0259nd\u0259l\u0259ri, ayr\u0131-ayr\u0131 \u00f6lk\u0259l\u0259rin parlamentl\u0259ri v\u0259 tan\u0131nm\u0131\u015f ictimai-siyasi xadiml\u0259rin\u0259 Erm\u0259nistan\u0131n t\u0259xribatlar\u0131, i\u015f\u011fal\u00e7\u0131l\u0131q siyas\u0259ti, terror\u00e7uluq f\u0259aliyy\u0259ti haqq\u0131nda m\u00fcxt\u0259lif dill\u0259rd\u0259 \u0259trafl\u0131 m\u0259lumatlar\u0131 \u00f6z\u00fcnd\u0259 \u0259ks etdir\u0259n be\u015f min\u0259 yax\u0131n m\u0259ktub elektron po\u00e7t vasit\u0259si il\u0259 g\u00f6nd\u0259rilmi\u015fdir. Bununla yana\u015f\u0131, xaricd\u0259 ya\u015fayan soyda\u015flar\u0131m\u0131z t\u0259r\u0259find\u0259n Az\u0259rbaycan Ordusuna v\u0259 \u015f\u0259hid ail\u0259l\u0259rin\u0259 d\u0259st\u0259kl\u0259 ba\u011fl\u0131 \u00e7oxsayl\u0131 m\u00fcraci\u0259tl\u0259ri n\u0259z\u0259r\u0259 alaraq Diasporla \u0130\u015f \u00fczr\u0259 D\u00f6vl\u0259t Komit\u0259si t\u0259r\u0259find\u0259n m\u00fcvafiq maarifl\u0259ndirm\u0259, t\u0259\u015fkilati v\u0259 t\u0259bli\u011fat i\u015fl\u0259ri g\u00f6r\u00fcl\u00fcb.<\/p>\n<p>Bununla yana\u015f\u0131, az\u0259rbaycanl\u0131lar\u0131n ya\u015fad\u0131\u011f\u0131 \u00f6lk\u0259l\u0259rin ictimai-siyasi h\u0259yat\u0131nda f\u0259al i\u015ftirak\u0131n\u0131n t\u0259min olunmas\u0131 m\u0259qs\u0259dil\u0259 m\u00fcvafiq t\u0259dbirl\u0259rin g\u00f6r\u00fclm\u0259si, habel\u0259 bu prosesin ideoloji \u0259saslar\u0131n\u0131 m\u00fc\u0259yy\u0259nl\u0259\u015fdir\u0259n s\u0259n\u0259dl\u0259rin haz\u0131rlanmas\u0131 v\u0259 t\u0259bli\u011fat sah\u0259sind\u0259 istifad\u0259 edil\u0259r\u0259k Az\u0259rbaycan xalq\u0131na qar\u015f\u0131 t\u00f6r\u0259dilmi\u015f terror v\u0259 soyq\u0131r\u0131m\u0131 aktlar\u0131 il\u0259 ba\u011fl\u0131 h\u0259qiq\u0259tl\u0259rin d\u00fcnya ictimaiyy\u0259tin\u0259 \u00e7atd\u0131r\u0131lmas\u0131n\u0131 t\u0259min etm\u0259k m\u0259qs\u0259dil\u0259 etiraz aksiyalar\u0131n\u0131n, foto v\u0259 r\u0259sm s\u0259rgil\u0259rinin, elmi-praktik konfranslar\u0131n t\u0259\u015fkili i\u015finin davam etdirilm\u0259si, bu bar\u0259d\u0259 filml\u0259rin xarici televiziyalarda n\u00fcmayi\u015fin\u0259 nail olunmas\u0131 d\u00f6vl\u0259timizin bu istiqam\u0259td\u0259 apard\u0131\u011f\u0131 siyas\u0259t\u0259 m\u00fch\u00fcm t\u00f6hf\u0259dir. Bu bax\u0131mdan, \u00fcmumavropa Qaraba\u011f mitinql\u0259rinin ke\u00e7irilm\u0259si xaricd\u0259 ya\u015fayan az\u0259rbaycanl\u0131lar\u0131 \u00f6lk\u0259mizin milli maraqlar\u0131n\u0131n qorunmas\u0131, x\u00fcsusil\u0259, Az\u0259rbaycan h\u0259qiq\u0259tl\u0259rinin d\u00fcnyaya \u00e7atd\u0131r\u0131lmas\u0131 istiqam\u0259tind\u0259 birl\u0259\u015fdirm\u0259si m\u00fch\u00fcm add\u0131mlard\u0131r.<\/p>\n<p>X\u00fcsusil\u0259 Prezident \u0130lham \u018fliyevin 2019-cu il oktyabr\u0131n 3-d\u0259 \u201cValday\u201d Beyn\u0259lxalq Diskussiya Klubunun XVI illik toplant\u0131s\u0131 kimi m\u00fch\u00fcm beyn\u0259lxalq platformada q\u0259tiyy\u0259tl\u0259 s\u00f6yl\u0259diyi \u201cQaraba\u011f Az\u0259rbaycand\u0131r v\u0259 nida i\u015far\u0259si\u201d devizi bir ild\u0259n sonra, x\u00fcsusil\u0259, 44 g\u00fcn \u0259rzind\u0259 reall\u0131\u011fa \u00e7evrildi v\u0259 xalq\u0131m\u0131za b\u00f6y\u00fck sevinc ya\u015fatd\u0131. Xaricd\u0259 ya\u015fayan az\u0259rbaycanl\u0131lar da r\u0259\u015fad\u0259tli Az\u0259rbaycan Ordusunun \u0259z\u0259li torpaqlar\u0131m\u0131z\u0131n i\u015f\u011faldan azad edilm\u0259si u\u011frunda misilsiz q\u0259hr\u0259manl\u0131\u011f\u0131 haqq\u0131nda d\u00fcnya medias\u0131nda, el\u0259c\u0259 d\u0259 Erm\u0259nistan\u0131n Az\u0259rbaycan torpaqlar\u0131nda t\u00f6r\u0259tdiyi vandalizm aktlar\u0131, maddi-m\u0259d\u0259niyy\u0259t n\u00fcmun\u0259l\u0259rimizin da\u011f\u0131d\u0131lmas\u0131 haqq\u0131nda ya\u015fad\u0131qlar\u0131 \u00f6lk\u0259l\u0259rin ictimaiyy\u0259tin\u0259 d\u0259qiq m\u0259lumatlarla \u00e7atd\u0131r\u0131lmas\u0131 istiqam\u0259tind\u0259 f\u0259aliyy\u0259tini geni\u015fl\u0259ndirm\u0259kd\u0259dir.<\/p>\n<p>Az\u0259rbaycan Respublikas\u0131n\u0131n Prezidenti \u0130lham \u018fliyevin fevral\u0131n 26-da Xocal\u0131 soyq\u0131r\u0131m\u0131n\u0131n 29-cu an\u0131m g\u00fcn\u00fcnd\u0259 30-dan \u00e7ox yerli v\u0259 xarici media n\u00fcmay\u0259nd\u0259l\u0259ri \u00fc\u00e7\u00fcn tarixi m\u0259tbuat konfrans\u0131nda 4 saatdan art\u0131q Az\u0259rbaycan h\u0259qiq\u0259tl\u0259rinin d\u00fcnyaya \u00e7atd\u0131r\u0131lmas\u0131 \u00fc\u00e7\u00fcn 50-y\u0259 yax\u0131n suala konkret faktlarla cavablar\u0131 informasiya sava\u015f\u0131nda da \u0259h\u0259miyy\u0259tli rol oynad\u0131. Bu bax\u0131mdan, bir s\u0131ra apar\u0131c\u0131 beyn\u0259lxalq K\u0130V-l\u0259r\u0259 m\u00fcsahib\u0259l\u0259rind\u0259 Prezident \u0130lham \u018fliyevin prinsipial m\u00f6vqeyi, s\u0259sl\u0259ndirdiyi tutarl\u0131 d\u0259lill\u0259r v\u0259 \u0259sasl\u0131 fikirl\u0259r Az\u0259rbaycan\u0131n bu haql\u0131 m\u00fcbariz\u0259sin\u0259 d\u0259st\u0259k ver\u0259n bir s\u0131ra \u00f6lk\u0259l\u0259rin, n\u00fcfuzlu xadiml\u0259rin, beyn\u0259lxalq ekspert v\u0259 siyas\u0259t\u00e7il\u0259rin say\u0131n\u0131 daha da art\u0131r\u0131b, Erm\u0259nistan\u0131n t\u0259cav\u00fczkar siyas\u0259tinin if\u015fa olunmas\u0131 prosesini geni\u015fl\u0259ndir\u0259r\u0259k informasiya m\u00fcharib\u0259sind\u0259 d\u0259 tarixi \u0259dal\u0259tin z\u0259f\u0259r \u00e7ald\u0131\u011f\u0131n\u0131 g\u00f6st\u0259rdi. Prezident \u0130lham \u018fliyevin h\u0259m V\u0259t\u0259n m\u00fcharib\u0259sinin gedi\u015fi d\u00f6vr\u00fcnd\u0259, h\u0259m d\u0259 fevral\u0131n 26-da ke\u00e7iril\u0259n geni\u015f m\u0259tbuat konfrans\u0131nda tarix\u0259, beyn\u0259lxalq h\u00fcquqa v\u0259 \u0259dal\u0259t\u0259 \u0259saslanan m\u0259ntiqli fikirl\u0259ri d\u00fcnyan\u0131n apar\u0131c\u0131 K\u0130V-l\u0259rinin g\u00fcnd\u0259mind\u0259, \u0259sas x\u0259b\u0259r ba\u015fl\u0131qlar\u0131nda yay\u0131laraq Az\u0259rbaycan h\u0259qiq\u0259tl\u0259ri b\u00fct\u00fcn d\u00fcnyaya \u00e7atd\u0131r\u0131ld\u0131.<\/p>\n<p>Az\u0259rbaycan\u0131n V\u0259t\u0259n m\u00fcharib\u0259sinin gedi\u015find\u0259 oldu\u011fu kimi, sonrak\u0131 d\u00f6vrd\u0259 d\u0259, o c\u00fcml\u0259d\u0259n 2021-ci ild\u0259 Xocal\u0131 soyq\u0131r\u0131m\u0131n\u0131n 29-cu ild\u00f6n\u00fcm\u00fc il\u0259 \u0259laq\u0259dar b\u00fct\u00fcn d\u00fcnyada ya\u015fayan az\u0259rbaycanl\u0131lar\u0131n m\u00fcxt\u0259lif formatlarda an\u0131m t\u0259dbirl\u0259ri daha geni\u015f miqyas ald\u0131. X\u00fcsusil\u0259, AB\u015e, T\u00fcrkiy\u0259, B\u00f6y\u00fck Britaniya, Bolqar\u0131stan, Yaponiya, Pakistan, Niderland, Finlandiya, Avstraliya, \u0130sve\u00e7r\u0259, Pol\u015fa, Bel\u00e7ika, \u0130sve\u00e7, Ukrayna, \u0130spaniya, Almaniya, G\u00fcrc\u00fcstan, Macar\u0131stan, Estoniya, Avstriyan\u0131n bir s\u0131ra \u015f\u0259h\u0259rl\u0259rind\u0259 aksiya, s\u0259rgi v\u0259 s. t\u0259bli\u011fat xarakterli t\u0259dbirl\u0259r, el\u0259c\u0259 d\u0259 xarici \u00f6lk\u0259l\u0259rin K\u0130V-l\u0259rind\u0259 m\u00fcxt\u0259lif dill\u0259rd\u0259 \u00e7oxsayl\u0131 m\u00fcsahib\u0259 v\u0259 m\u0259qal\u0259l\u0259ri qeyd etm\u0259k vacibdir.<\/p>\n<p>Az\u0259rbaycan\u00e7\u0131l\u0131q ideyas\u0131 \u0259traf\u0131nda milli h\u0259mr\u0259yliyin daha da g\u00fccl\u0259nm\u0259sind\u0259, x\u00fcsusil\u0259, Qaraba\u011f h\u0259qiq\u0259tl\u0259rinin v\u0259 V\u0259t\u0259n m\u00fcharib\u0259sind\u0259 d\u00fc\u015fm\u0259n \u00fcz\u0259rind\u0259 \u0259ld\u0259 etdiyimiz q\u0259l\u0259b\u0259mizin qazan\u0131lmas\u0131 istiqam\u0259tind\u0259 f\u0259aliyy\u0259tl\u0259rin\u0259 g\u00f6r\u0259 bir qrup soyda\u015f\u0131m\u0131z t\u0259ltif olunmu\u015fdur ki, bu da d\u00f6vl\u0259timizin Az\u0259rbaycan diasporuna diqq\u0259t v\u0259 qay\u011f\u0131s\u0131n\u0131n bariz n\u00fcmun\u0259sidir. D\u00f6vl\u0259t ba\u015f\u00e7\u0131m\u0131z bildirmi\u015fdir: \u201cArt\u0131q bu g\u00fcn d\u00fcnyada m\u00f6vcud olan v\u0259 f\u0259alla\u015fan Az\u0259rbaycan icmalar\u0131 \u00f6lk\u0259miz\u0259 d\u0259 d\u0259st\u0259kdir. Biz d\u0259 onlar\u0131 d\u0259st\u0259kl\u0259yirik. D\u0259f\u0259l\u0259rl\u0259 demi\u015f\u0259m ki, b\u00fct\u00fcn Az\u0259rbaycan v\u0259t\u0259nda\u015flar\u0131, xaricd\u0259 ya\u015fayan az\u0259rbaycanl\u0131lar bilirl\u0259r ki, onlar\u0131n arxas\u0131nda g\u00fccl\u00fc Az\u0259rbaycan d\u00f6vl\u0259ti dayan\u0131r\u201d.<\/p>\n<p>Bu bax\u0131mdan qeyd etm\u0259k laz\u0131md\u0131r ki, Az\u0259rbaycan Prezidentinin prinsipial m\u00f6vqeyi, s\u0259sl\u0259ndirdiyi tutarl\u0131 d\u0259lill\u0259r v\u0259 \u0259sasl\u0131 fikirl\u0259r d\u00f6y\u00fc\u015f meydan\u0131nda r\u0259\u015fad\u0259tli ordumuzun \u0259ld\u0259 etdiyi q\u0259l\u0259b\u0259l\u0259r diplomatiya meydan\u0131nda da u\u011furlara \u00e7evrildi v\u0259 \u00f6lk\u0259mizin \u0130kinci Qaraba\u011f m\u00fcharib\u0259sind\u0259ki h\u0259rbi-diplomatik Q\u0259l\u0259b\u0259sini \u015f\u0259rtl\u0259ndirdi. Prezident \u0130lham \u018fliyevin erm\u0259ni yalanlar\u0131n\u0131n d\u00fcnya miqyas\u0131nda if\u015fas\u0131 istiqam\u0259tind\u0259 f\u0259aliyy\u0259ti informasiya m\u00fcharib\u0259sind\u0259 d\u0259 Az\u0259rbaycan\u0131n haql\u0131 m\u00f6vqel\u0259rini \u0259h\u0259miyy\u0259tli d\u0259r\u0259c\u0259d\u0259 g\u00fccl\u0259ndirdi. Bu, Az\u0259rbaycan diasporunun ziyal\u0131lar\u0131 v\u0259 \u0259n \u0259sas\u0131 is\u0259 q\u0259lbi daim V\u0259t\u0259nl\u0259 d\u00f6y\u00fcn\u0259n soyda\u015flar\u0131m\u0131z\u0131 informasiya m\u00fcharib\u0259si istiqam\u0259tind\u0259 d\u00fc\u015fm\u0259n \u00fcz\u0259rind\u0259 \u0259ld\u0259 etdiyimiz q\u0259l\u0259b\u0259nin qazan\u0131lmas\u0131nda daha da ruhland\u0131rd\u0131 v\u0259 az\u0259rbaycan\u00e7\u0131l\u0131q ideyas\u0131 \u0259traf\u0131nda milli h\u0259mr\u0259yliyin daha da g\u00fccl\u0259nm\u0259sind\u0259 m\u00fcst\u0259sna rol oynad\u0131.<\/p>\n<p>Prezident \u0130lham \u018fliyevin qeyd etdiyi kimi biz d\u00f6y\u00fc\u015f meydan\u0131nda da, informasiya m\u0259kan\u0131nda da, siyasi m\u00fcst\u0259vid\u0259 d\u0259 q\u0259l\u0259b\u0259 qazand\u0131q. D\u00f6vl\u0259timizin ba\u015f\u00e7\u0131s\u0131 birm\u0259nal\u0131 olaraq bildirib ki, Az\u0259rbaycan\u0131n i\u015fi haqq i\u015fidir v\u0259 Qaraba\u011f Az\u0259rbaycand\u0131r!<\/p>\n","protected":false},"excerpt":{"rendered":"<p>M\u00fcq\u0259dd\u0259s V\u0259t\u0259n m\u00fcharib\u0259si zaman\u0131 xaricd\u0259 ya\u015fayan soyda\u015flar\u0131m\u0131z\u0131n d\u00fc\u015fm\u0259nin v\u0259 anti-Az\u0259rbaycan dair\u0259l\u0259rin m\u0259krli t\u0259xribatlar\u0131na qar\u015f\u0131 c\u0259sar\u0259tli etirazlar\u0131, Az\u0259rbaycan h\u0259qiq\u0259tl\u0259rinin d\u00fcnya ictimaiyy\u0259tin\u0259 \u00e7atd\u0131r\u0131lmas\u0131 i\u015find\u0259 f\u0259dakar xidm\u0259tl\u0259ri Q\u0259l\u0259b\u0259miz\u0259 layiqli t\u00f6hf\u0259 olmu\u015fdur. \u0130lham \u018fliyev, Az\u0259rbaycan Respublikas\u0131n\u0131n Prezidenti Otuz il \u0259vv\u0259l &#8211; Az\u0259rbaycan Respublikas\u0131 1991-ci il oktyabr\u0131n 18-d\u0259 d\u00f6vl\u0259t m\u00fcst\u0259qilliyini b\u0259rpa etdikd\u0259n sonra, d\u00f6vl\u0259t\u00e7iliyini inki\u015faf etdir\u0259r\u0259k m\u00f6hk\u0259ml\u0259ndirm\u0259k \u00fc\u00e7\u00fcn tarixi f\u00fcrs\u0259t \u0259ld\u0259 etdi. Lakin \u00f6lk\u0259miz Erm\u0259nistan\u0131n \u0259sass\u0131z \u0259razi iddialar\u0131, el\u0259c\u0259 d\u0259 h\u0259rbi t\u0259cav\u00fcz\u00fc il\u0259 qar\u015f\u0131la\u015fd\u0131 v\u0259 n\u0259tic\u0259d\u0259 torpaqlar\u0131m\u0131z i\u015f\u011fal alt\u0131na d\u00fc\u015fd\u00fc. H\u0259min d\u00f6vrd\u0259 \u00f6lk\u0259 \u00e7\u0259tin v\u0259ziyy\u0259td\u0259 idi, ordu formala\u015fmam\u0131\u015fd\u0131, hans\u0131 istiqam\u0259td\u0259 add\u0131mlar at\u0131laca\u011f\u0131 bilinmirdi. \u00d6lk\u0259d\u0259 sabitlik&hellip;<\/p>\n","protected":false},"author":2,"featured_media":311034,"comment_status":"closed","ping_status":"closed","sticky":false,"template":"","format":"standard","meta":{"om_disable_all_campaigns":false,"_monsterinsights_skip_tracking":false,"_monsterinsights_sitenote_active":false,"_monsterinsights_sitenote_note":"","_monsterinsights_sitenote_category":0},"categories":[4],"tags":[],"aioseo_notices":[],"gutentor_comment":0,"rttpg_featured_image_url":{"full":["https:\/\/arantv.az\/wp-content\/uploads\/2021\/03\/4c7a167b16154499985811565241067662.jpg",975,540,false],"landscape":["https:\/\/arantv.az\/wp-content\/uploads\/2021\/03\/4c7a167b16154499985811565241067662.jpg",975,540,false],"portraits":["https:\/\/arantv.az\/wp-content\/uploads\/2021\/03\/4c7a167b16154499985811565241067662.jpg",975,540,false],"thumbnail":["https:\/\/arantv.az\/wp-content\/uploads\/2021\/03\/4c7a167b16154499985811565241067662-150x150.jpg",150,150,true],"medium":["https:\/\/arantv.az\/wp-content\/uploads\/2021\/03\/4c7a167b16154499985811565241067662-300x166.jpg",300,166,true],"large":["https:\/\/arantv.az\/wp-content\/uploads\/2021\/03\/4c7a167b16154499985811565241067662.jpg",640,354,false],"1536x1536":["https:\/\/arantv.az\/wp-content\/uploads\/2021\/03\/4c7a167b16154499985811565241067662.jpg",975,540,false],"2048x2048":["https:\/\/arantv.az\/wp-content\/uploads\/2021\/03\/4c7a167b16154499985811565241067662.jpg",975,540,false],"post-thumbnail":["https:\/\/arantv.az\/wp-content\/uploads\/2021\/03\/4c7a167b16154499985811565241067662-240x172.jpg",240,172,true],"advps-thumb-one":["https:\/\/arantv.az\/wp-content\/uploads\/2021\/03\/4c7a167b16154499985811565241067662.jpg",975,540,false]},"rttpg_author":{"display_name":"V\u00fcsal Rafiqo\u011flu","author_link":"https:\/\/arantv.az\/?author=2"},"rttpg_comment":0,"rttpg_category":"<a href=\"https:\/\/arantv.az\/?cat=4\" rel=\"category\">Siyas\u0259t<\/a>","rttpg_excerpt":"M\u00fcq\u0259dd\u0259s V\u0259t\u0259n m\u00fcharib\u0259si zaman\u0131 xaricd\u0259 ya\u015fayan soyda\u015flar\u0131m\u0131z\u0131n d\u00fc\u015fm\u0259nin v\u0259 anti-Az\u0259rbaycan dair\u0259l\u0259rin m\u0259krli t\u0259xribatlar\u0131na qar\u015f\u0131 c\u0259sar\u0259tli etirazlar\u0131, Az\u0259rbaycan h\u0259qiq\u0259tl\u0259rinin d\u00fcnya ictimaiyy\u0259tin\u0259 \u00e7atd\u0131r\u0131lmas\u0131 i\u015find\u0259 f\u0259dakar xidm\u0259tl\u0259ri Q\u0259l\u0259b\u0259miz\u0259 layiqli t\u00f6hf\u0259 olmu\u015fdur. \u0130lham \u018fliyev, Az\u0259rbaycan Respublikas\u0131n\u0131n Prezidenti Otuz il \u0259vv\u0259l &#8211; Az\u0259rbaycan Respublikas\u0131 1991-ci il oktyabr\u0131n 18-d\u0259 d\u00f6vl\u0259t m\u00fcst\u0259qilliyini b\u0259rpa etdikd\u0259n sonra, d\u00f6vl\u0259t\u00e7iliyini inki\u015faf etdir\u0259r\u0259k m\u00f6hk\u0259ml\u0259ndirm\u0259k \u00fc\u00e7\u00fcn tarixi f\u00fcrs\u0259t&hellip;","_links":{"self":[{"href":"https:\/\/arantv.az\/index.php?rest_route=\/wp\/v2\/posts\/311033"}],"collection":[{"href":"https:\/\/arantv.az\/index.php?rest_route=\/wp\/v2\/posts"}],"about":[{"href":"https:\/\/arantv.az\/index.php?rest_route=\/wp\/v2\/types\/post"}],"author":[{"embeddable":true,"href":"https:\/\/arantv.az\/index.php?rest_route=\/wp\/v2\/users\/2"}],"replies":[{"embeddable":true,"href":"https:\/\/arantv.az\/index.php?rest_route=%2Fwp%2Fv2%2Fcomments&post=311033"}],"version-history":[{"count":0,"href":"https:\/\/arantv.az\/index.php?rest_route=\/wp\/v2\/posts\/311033\/revisions"}],"wp:featuredmedia":[{"embeddable":true,"href":"https:\/\/arantv.az\/index.php?rest_route=\/wp\/v2\/media\/311034"}],"wp:attachment":[{"href":"https:\/\/arantv.az\/index.php?rest_route=%2Fwp%2Fv2%2Fmedia&parent=311033"}],"wp:term":[{"taxonomy":"category","embeddable":true,"href":"https:\/\/arantv.az\/index.php?rest_route=%2Fwp%2Fv2%2Fcategories&post=311033"},{"taxonomy":"post_tag","embeddable":true,"href":"https:\/\/arantv.az\/index.php?rest_route=%2Fwp%2Fv2%2Ftags&post=311033"}],"curies":[{"name":"wp","href":"https:\/\/api.w.org\/{rel}","templated":true}]}}