{"id":311037,"date":"2021-03-11T11:16:42","date_gmt":"2021-03-11T08:16:42","guid":{"rendered":"http:\/\/arantv.az\/?p=311037"},"modified":"2021-03-11T11:16:42","modified_gmt":"2021-03-11T08:16:42","slug":"protez-goz-kocurul%c9%99n-qazi-indi-ozumu-yaxsi-hiss-edir%c9%99m","status":"publish","type":"post","link":"https:\/\/arantv.az\/?p=311037","title":{"rendered":"Protez g\u00f6z k\u00f6\u00e7\u00fcr\u00fcl\u0259n qazi: \u0130ndi \u00f6z\u00fcm\u00fc yax\u015f\u0131 hiss edir\u0259m"},"content":{"rendered":"<p>\u0130kinci Qaraba\u011f d\u00f6y\u00fc\u015fl\u0259rind\u0259 yaralanan Nural\u0131 Abdullayev \u0130sraild\u0259n g\u0259l\u0259n humanitar tibbi hey\u0259tin protez g\u00f6z taxd\u0131\u011f\u0131 ilk x\u0259st\u0259l\u0259rd\u0259n biridir. O, \u0130srail h\u0259kiml\u0259ri v\u0259 &#8220;YA\u015eAT&#8221; Fondunun birg\u0259 s\u0259yl\u0259ri say\u0259sind\u0259 normal h\u0259yat\u0131na qay\u0131d\u0131b.<\/p>\n<p><strong>ARANTV.AZ<\/strong> x\u0259b\u0259r verir ki, bu bar\u0259d\u0259 \u0130srailin Az\u0259rbaycandak\u0131 s\u0259firliyinin \u201cFacebook\u201d s\u0259hif\u0259sind\u0259 payla\u015f\u0131m edilib.<\/p>\n<p>N.Abdullayev bildirib ki, indi \u00f6z\u00fcn\u00fc yax\u015f\u0131 hiss edir: &#8220;G\u00f6z\u00fcmd\u0259n q\u0259lp\u0259 yaras\u0131 alm\u0131\u015fd\u0131m, g\u00f6z qapa\u011f\u0131 \u0259m\u0259liyyat olunub. \u0130sraild\u0259n g\u0259l\u0259n h\u0259kiml\u0259r m\u00fcayin\u0259 etdil\u0259r, g\u00f6z\u00fcm\u0259 implant qoydular. \u0130ndi \u00f6z\u00fcm\u00fc \u00e7ox normal hiss edir\u0259m. Yax\u015f\u0131yam, a\u011fr\u0131lar\u0131m yoxdur. Sad\u0259c\u0259 olaraq g\u00f6z qapa\u011f\u0131m ba\u011flanm\u0131r, amma h\u0259kiml\u0259r bildirdil\u0259r ki, m\u00fc\u0259yy\u0259n bir vaxtdan sonra ba\u011flanacaq.&#8221;<\/p>\n<p>Qeyd ed\u0259k ki, \u201cYAS\u0327AT\u201d Fondunun t\u0259s\u0327\u0259bbu\u0308su\u0308, I\u0307srailin Az\u0259rbaycandak\u0131 s\u0259firliyinin v\u0259 Akademik Z\u0259rif\u0259 \u018fliyeva ad\u0131na Milli Oftalmologiya M\u0259rk\u0259zinin t\u0259s\u0327kilati d\u0259st\u0259yi il\u0259 I\u0307sraild\u0259n tibbi-humanitar yard\u0131m m\u0259qs\u0259dil\u0259 Az\u0259rbaycana g\u0259l\u0259n oftalmoloqlardan ibar\u0259t nu\u0308may\u0259nd\u0259 hey\u0259ti q\u0131sa m\u00fcdd\u0259t \u0259rzind\u0259 150-d\u0259n \u00e7ox qazini m\u00fcayin\u0259 edib.<\/p>\n","protected":false},"excerpt":{"rendered":"<p>\u0130kinci Qaraba\u011f d\u00f6y\u00fc\u015fl\u0259rind\u0259 yaralanan Nural\u0131 Abdullayev \u0130sraild\u0259n g\u0259l\u0259n humanitar tibbi hey\u0259tin protez g\u00f6z taxd\u0131\u011f\u0131 ilk x\u0259st\u0259l\u0259rd\u0259n biridir. O, \u0130srail h\u0259kiml\u0259ri v\u0259 &#8220;YA\u015eAT&#8221; Fondunun birg\u0259 s\u0259yl\u0259ri say\u0259sind\u0259 normal h\u0259yat\u0131na qay\u0131d\u0131b. ARANTV.AZ x\u0259b\u0259r verir ki, bu bar\u0259d\u0259 \u0130srailin Az\u0259rbaycandak\u0131 s\u0259firliyinin \u201cFacebook\u201d s\u0259hif\u0259sind\u0259 payla\u015f\u0131m edilib. N.Abdullayev bildirib ki, indi \u00f6z\u00fcn\u00fc yax\u015f\u0131 hiss edir: &#8220;G\u00f6z\u00fcmd\u0259n q\u0259lp\u0259 yaras\u0131 alm\u0131\u015fd\u0131m, g\u00f6z qapa\u011f\u0131 \u0259m\u0259liyyat olunub. \u0130sraild\u0259n g\u0259l\u0259n h\u0259kiml\u0259r m\u00fcayin\u0259 etdil\u0259r, g\u00f6z\u00fcm\u0259 implant qoydular. \u0130ndi \u00f6z\u00fcm\u00fc \u00e7ox normal hiss edir\u0259m. Yax\u015f\u0131yam, a\u011fr\u0131lar\u0131m yoxdur. Sad\u0259c\u0259 olaraq g\u00f6z qapa\u011f\u0131m ba\u011flanm\u0131r, amma h\u0259kiml\u0259r bildirdil\u0259r ki, m\u00fc\u0259yy\u0259n bir vaxtdan sonra ba\u011flanacaq.&#8221; Qeyd&hellip;<\/p>\n","protected":false},"author":2,"featured_media":311038,"comment_status":"closed","ping_status":"closed","sticky":false,"template":"","format":"standard","meta":{"om_disable_all_campaigns":false,"_monsterinsights_skip_tracking":false,"_monsterinsights_sitenote_active":false,"_monsterinsights_sitenote_note":"","_monsterinsights_sitenote_category":0},"categories":[26],"tags":[],"aioseo_notices":[],"gutentor_comment":0,"rttpg_featured_image_url":{"full":["https:\/\/arantv.az\/wp-content\/uploads\/2021\/03\/e42ad93f161545011863138973810158851.jpg",975,540,false],"landscape":["https:\/\/arantv.az\/wp-content\/uploads\/2021\/03\/e42ad93f161545011863138973810158851.jpg",975,540,false],"portraits":["https:\/\/arantv.az\/wp-content\/uploads\/2021\/03\/e42ad93f161545011863138973810158851.jpg",975,540,false],"thumbnail":["https:\/\/arantv.az\/wp-content\/uploads\/2021\/03\/e42ad93f161545011863138973810158851-150x150.jpg",150,150,true],"medium":["https:\/\/arantv.az\/wp-content\/uploads\/2021\/03\/e42ad93f161545011863138973810158851-300x166.jpg",300,166,true],"large":["https:\/\/arantv.az\/wp-content\/uploads\/2021\/03\/e42ad93f161545011863138973810158851.jpg",640,354,false],"1536x1536":["https:\/\/arantv.az\/wp-content\/uploads\/2021\/03\/e42ad93f161545011863138973810158851.jpg",975,540,false],"2048x2048":["https:\/\/arantv.az\/wp-content\/uploads\/2021\/03\/e42ad93f161545011863138973810158851.jpg",975,540,false],"post-thumbnail":["https:\/\/arantv.az\/wp-content\/uploads\/2021\/03\/e42ad93f161545011863138973810158851-240x172.jpg",240,172,true],"advps-thumb-one":["https:\/\/arantv.az\/wp-content\/uploads\/2021\/03\/e42ad93f161545011863138973810158851.jpg",975,540,false]},"rttpg_author":{"display_name":"V\u00fcsal Rafiqo\u011flu","author_link":"https:\/\/arantv.az\/?author=2"},"rttpg_comment":0,"rttpg_category":"<a href=\"https:\/\/arantv.az\/?cat=26\" rel=\"category\">Sosial<\/a>","rttpg_excerpt":"\u0130kinci Qaraba\u011f d\u00f6y\u00fc\u015fl\u0259rind\u0259 yaralanan Nural\u0131 Abdullayev \u0130sraild\u0259n g\u0259l\u0259n humanitar tibbi hey\u0259tin protez g\u00f6z taxd\u0131\u011f\u0131 ilk x\u0259st\u0259l\u0259rd\u0259n biridir. O, \u0130srail h\u0259kiml\u0259ri v\u0259 &#8220;YA\u015eAT&#8221; Fondunun birg\u0259 s\u0259yl\u0259ri say\u0259sind\u0259 normal h\u0259yat\u0131na qay\u0131d\u0131b. ARANTV.AZ x\u0259b\u0259r verir ki, bu bar\u0259d\u0259 \u0130srailin Az\u0259rbaycandak\u0131 s\u0259firliyinin \u201cFacebook\u201d s\u0259hif\u0259sind\u0259 payla\u015f\u0131m edilib. N.Abdullayev bildirib ki, indi \u00f6z\u00fcn\u00fc yax\u015f\u0131 hiss edir: &#8220;G\u00f6z\u00fcmd\u0259n q\u0259lp\u0259 yaras\u0131 alm\u0131\u015fd\u0131m, g\u00f6z&hellip;","_links":{"self":[{"href":"https:\/\/arantv.az\/index.php?rest_route=\/wp\/v2\/posts\/311037"}],"collection":[{"href":"https:\/\/arantv.az\/index.php?rest_route=\/wp\/v2\/posts"}],"about":[{"href":"https:\/\/arantv.az\/index.php?rest_route=\/wp\/v2\/types\/post"}],"author":[{"embeddable":true,"href":"https:\/\/arantv.az\/index.php?rest_route=\/wp\/v2\/users\/2"}],"replies":[{"embeddable":true,"href":"https:\/\/arantv.az\/index.php?rest_route=%2Fwp%2Fv2%2Fcomments&post=311037"}],"version-history":[{"count":0,"href":"https:\/\/arantv.az\/index.php?rest_route=\/wp\/v2\/posts\/311037\/revisions"}],"wp:featuredmedia":[{"embeddable":true,"href":"https:\/\/arantv.az\/index.php?rest_route=\/wp\/v2\/media\/311038"}],"wp:attachment":[{"href":"https:\/\/arantv.az\/index.php?rest_route=%2Fwp%2Fv2%2Fmedia&parent=311037"}],"wp:term":[{"taxonomy":"category","embeddable":true,"href":"https:\/\/arantv.az\/index.php?rest_route=%2Fwp%2Fv2%2Fcategories&post=311037"},{"taxonomy":"post_tag","embeddable":true,"href":"https:\/\/arantv.az\/index.php?rest_route=%2Fwp%2Fv2%2Ftags&post=311037"}],"curies":[{"name":"wp","href":"https:\/\/api.w.org\/{rel}","templated":true}]}}