{"id":311041,"date":"2021-03-11T11:18:26","date_gmt":"2021-03-11T08:18:26","guid":{"rendered":"http:\/\/arantv.az\/?p=311041"},"modified":"2021-03-11T11:18:26","modified_gmt":"2021-03-11T08:18:26","slug":"siginacaqda-yasayan-sakinl%c9%99rin-sayi-aciqlandi-foto","status":"publish","type":"post","link":"https:\/\/arantv.az\/?p=311041","title":{"rendered":"S\u0131\u011f\u0131nacaqda ya\u015fayan sakinl\u0259rin say\u0131 A\u00c7IQLANDI &#8211; FOTO"},"content":{"rendered":"<p>\u018fm\u0259k v\u0259 \u018fhalinin Sosial M\u00fcdafi\u0259si Nazirliyinin tabeliyind\u0259ki Sosial Xidm\u0259tl\u0259r Agentliyinin h\u0259ssas qruplar\u0131ndan olan insanlar \u00fc\u00e7\u00fcn S\u0131\u011f\u0131nacaq v\u0259 Reabilitasiya m\u00fc\u0259ssis\u0259sind\u0259 olan sakinl\u0259rin say\u0131 b\u0259lli oldu.<\/p>\n<p>Bu bar\u0259d\u0259 agentlik m\u0259lumat yay\u0131b.<\/p>\n<div id=\"AdviadNativeVideo0\" class=\"AdviadNativeVideo\"><\/div>\n<p>Bildirilib ki, h\u0259ssas \u0259hali qruplar\u0131ndan olan \u015f\u0259xsl\u0259r \u00fc\u00e7\u00fcn S\u0131\u011f\u0131nacaq v\u0259 Sosial Reabilitasiya M\u00fc\u0259ssis\u0259sind\u0259 haz\u0131rda 75 sakin ya\u015fay\u0131r.<\/p>\n<p>18 ya\u015fdan yuxar\u0131 sakinl\u0259rin say\u0131 64, u\u015faqlar\u0131n say\u0131 is\u0259 11 n\u0259f\u0259rdir.<\/p>\n<div class=\"gallery\">\n<div class=\"gallery-i\"><img src=\"https:\/\/cdn.oxu.az\/uploads\/W1siZiIsIjIwMjEvMDMvMTEvMTEvMDgvMDUvMDRlNzE4OTktNDVmMi00OTAyLWJmMjQtZjFlYzc4NzMwZTE1L3Nvc2lhbCBzZWtpbC5qcGciXSxbInAiLCJlbmNvZGUiLCJqcGciLCItcXVhbGl0eSA4MCJdLFsicCIsInRodW1iIiwiNTkweDU5MFx1MDAzZSJdXQ?sha=3f7dbcd97ed96e37\" alt=\"\" \/><\/div>\n<\/div>\n","protected":false},"excerpt":{"rendered":"<p>\u018fm\u0259k v\u0259 \u018fhalinin Sosial M\u00fcdafi\u0259si Nazirliyinin tabeliyind\u0259ki Sosial Xidm\u0259tl\u0259r Agentliyinin h\u0259ssas qruplar\u0131ndan olan insanlar \u00fc\u00e7\u00fcn S\u0131\u011f\u0131nacaq v\u0259 Reabilitasiya m\u00fc\u0259ssis\u0259sind\u0259 olan sakinl\u0259rin say\u0131 b\u0259lli oldu. Bu bar\u0259d\u0259 agentlik m\u0259lumat yay\u0131b. Bildirilib ki, h\u0259ssas \u0259hali qruplar\u0131ndan olan \u015f\u0259xsl\u0259r \u00fc\u00e7\u00fcn S\u0131\u011f\u0131nacaq v\u0259 Sosial Reabilitasiya M\u00fc\u0259ssis\u0259sind\u0259 haz\u0131rda 75 sakin ya\u015fay\u0131r. 18 ya\u015fdan yuxar\u0131 sakinl\u0259rin say\u0131 64, u\u015faqlar\u0131n say\u0131 is\u0259 11 n\u0259f\u0259rdir.<\/p>\n","protected":false},"author":2,"featured_media":311042,"comment_status":"closed","ping_status":"closed","sticky":false,"template":"","format":"standard","meta":{"om_disable_all_campaigns":false,"_monsterinsights_skip_tracking":false,"_monsterinsights_sitenote_active":false,"_monsterinsights_sitenote_note":"","_monsterinsights_sitenote_category":0},"categories":[26],"tags":[],"aioseo_notices":[],"gutentor_comment":0,"rttpg_featured_image_url":{"full":["https:\/\/arantv.az\/wp-content\/uploads\/2021\/03\/1885323_620x410.jpg",620,410,false],"landscape":["https:\/\/arantv.az\/wp-content\/uploads\/2021\/03\/1885323_620x410.jpg",620,410,false],"portraits":["https:\/\/arantv.az\/wp-content\/uploads\/2021\/03\/1885323_620x410.jpg",620,410,false],"thumbnail":["https:\/\/arantv.az\/wp-content\/uploads\/2021\/03\/1885323_620x410-150x150.jpg",150,150,true],"medium":["https:\/\/arantv.az\/wp-content\/uploads\/2021\/03\/1885323_620x410-300x198.jpg",300,198,true],"large":["https:\/\/arantv.az\/wp-content\/uploads\/2021\/03\/1885323_620x410.jpg",620,410,false],"1536x1536":["https:\/\/arantv.az\/wp-content\/uploads\/2021\/03\/1885323_620x410.jpg",620,410,false],"2048x2048":["https:\/\/arantv.az\/wp-content\/uploads\/2021\/03\/1885323_620x410.jpg",620,410,false],"post-thumbnail":["https:\/\/arantv.az\/wp-content\/uploads\/2021\/03\/1885323_620x410-240x172.jpg",240,172,true],"advps-thumb-one":["https:\/\/arantv.az\/wp-content\/uploads\/2021\/03\/1885323_620x410.jpg",620,410,false]},"rttpg_author":{"display_name":"V\u00fcsal Rafiqo\u011flu","author_link":"https:\/\/arantv.az\/?author=2"},"rttpg_comment":0,"rttpg_category":"<a href=\"https:\/\/arantv.az\/?cat=26\" rel=\"category\">Sosial<\/a>","rttpg_excerpt":"\u018fm\u0259k v\u0259 \u018fhalinin Sosial M\u00fcdafi\u0259si Nazirliyinin tabeliyind\u0259ki Sosial Xidm\u0259tl\u0259r Agentliyinin h\u0259ssas qruplar\u0131ndan olan insanlar \u00fc\u00e7\u00fcn S\u0131\u011f\u0131nacaq v\u0259 Reabilitasiya m\u00fc\u0259ssis\u0259sind\u0259 olan sakinl\u0259rin say\u0131 b\u0259lli oldu. Bu bar\u0259d\u0259 agentlik m\u0259lumat yay\u0131b. Bildirilib ki, h\u0259ssas \u0259hali qruplar\u0131ndan olan \u015f\u0259xsl\u0259r \u00fc\u00e7\u00fcn S\u0131\u011f\u0131nacaq v\u0259 Sosial Reabilitasiya M\u00fc\u0259ssis\u0259sind\u0259 haz\u0131rda 75 sakin ya\u015fay\u0131r. 18 ya\u015fdan yuxar\u0131 sakinl\u0259rin say\u0131 64, u\u015faqlar\u0131n say\u0131 is\u0259&hellip;","_links":{"self":[{"href":"https:\/\/arantv.az\/index.php?rest_route=\/wp\/v2\/posts\/311041"}],"collection":[{"href":"https:\/\/arantv.az\/index.php?rest_route=\/wp\/v2\/posts"}],"about":[{"href":"https:\/\/arantv.az\/index.php?rest_route=\/wp\/v2\/types\/post"}],"author":[{"embeddable":true,"href":"https:\/\/arantv.az\/index.php?rest_route=\/wp\/v2\/users\/2"}],"replies":[{"embeddable":true,"href":"https:\/\/arantv.az\/index.php?rest_route=%2Fwp%2Fv2%2Fcomments&post=311041"}],"version-history":[{"count":0,"href":"https:\/\/arantv.az\/index.php?rest_route=\/wp\/v2\/posts\/311041\/revisions"}],"wp:featuredmedia":[{"embeddable":true,"href":"https:\/\/arantv.az\/index.php?rest_route=\/wp\/v2\/media\/311042"}],"wp:attachment":[{"href":"https:\/\/arantv.az\/index.php?rest_route=%2Fwp%2Fv2%2Fmedia&parent=311041"}],"wp:term":[{"taxonomy":"category","embeddable":true,"href":"https:\/\/arantv.az\/index.php?rest_route=%2Fwp%2Fv2%2Fcategories&post=311041"},{"taxonomy":"post_tag","embeddable":true,"href":"https:\/\/arantv.az\/index.php?rest_route=%2Fwp%2Fv2%2Ftags&post=311041"}],"curies":[{"name":"wp","href":"https:\/\/api.w.org\/{rel}","templated":true}]}}