{"id":311141,"date":"2021-03-11T13:35:31","date_gmt":"2021-03-11T10:35:31","guid":{"rendered":"http:\/\/arantv.az\/?p=311141"},"modified":"2021-03-11T13:35:31","modified_gmt":"2021-03-11T10:35:31","slug":"buta-bizim-milliliymizin-gost%c9%99ricisidir","status":"publish","type":"post","link":"https:\/\/arantv.az\/?p=311141","title":{"rendered":"Buta bizim milliliymizin  g\u00f6st\u0259ricisidir"},"content":{"rendered":"<p><img loading=\"lazy\" class=\"alignnone size-medium wp-image-311149\" src=\"https:\/\/arantv.az\/wp-content\/uploads\/2021\/03\/4e7510cf-aecc-42bd-afd0-6cbce850acb0-300x254.jpg\" alt=\"\" width=\"300\" height=\"254\" \/><\/p>\n<p>Buta &#8211; Az\u0259rbaycan\u0131n \u00e7ox tan\u0131nm\u0131\u015f ni\u015fan\u0259sidir. ke\u00e7mi\u015fimizd\u0259n bu g\u00fcn\u00fcm\u00fcz\u0259 g\u0259lib \u00e7atan \u00e7ox sirli t\u0259r\u0259fl\u0259ri var. Butan\u0131n sirri aras\u0131nda Bak\u0131n\u0131n \u0259n m\u00f6ht\u0259\u015f\u0259m v\u0259 sirli memarl\u0131q abid\u0259si olan Q\u0131z Qalas\u0131 da gizl\u0259nir. D\u00fcnyada 6 r\u0259q\u0259mini xat\u0131rladan \u00fc\u00e7 tikili vard\u0131r: Bunlardan biri Misird\u0259, dig\u0259ri Mesopatomiyada, dig\u0259ri is\u0259 Bak\u0131da yerl\u0259\u015fir.<\/p>\n<p><img loading=\"lazy\" class=\"alignnone size-medium wp-image-311153\" src=\"https:\/\/arantv.az\/wp-content\/uploads\/2021\/03\/2ce88f10-381c-446c-a734-61ef071cd001-300x203.jpg\" alt=\"\" width=\"300\" height=\"203\" \/><\/p>\n<p>Deyil\u0259nl\u0259r\u0259 g\u00f6r\u0259, Buta Hindistan-Mo\u011fol s\u0259n\u0259tinin bir \u00fcns\u00fcr\u00fcd\u00fcr. \u018fslind\u0259 bu nax\u0131\u015f ilk d\u0259f\u0259 Teymurl\u0259ngin n\u0259v\u0259si t\u00fcrk\u0259silli Babur \u015eah t\u0259r\u0259find\u0259n istifad\u0259 edilmi\u015fdir. T\u0259\u0259ss\u00fcf ki, t\u00fcrk m\u0259n\u015f\u0259li Buta indi bir \u00e7ox m\u0259nb\u0259l\u0259rd\u0259 Hindistana istinad edilm\u0259kd\u0259dir.<\/p>\n<p><img loading=\"lazy\" class=\"alignnone size-medium wp-image-311155\" src=\"https:\/\/arantv.az\/wp-content\/uploads\/2021\/03\/6c6fb500-a877-4e0b-8436-bb2dd6016a36-300x202.jpg\" alt=\"\" width=\"300\" height=\"202\" \/><\/p>\n<p>D\u00fcnyan\u0131n yeni m\u00f6c\u00fcz\u0259l\u0259rin\u0259 daxil olan m\u0259\u015fhur tikili Tac Mahal da t\u00fcrk memarlar\u0131n\u0131n v\u0259 inc\u0259s\u0259n\u0259tinin bir n\u00fcmun\u0259sidir. 6-c\u0131 Babur h\u00f6kmdar\u0131 Cahan\u015fah t\u0259r\u0259find\u0259n m\u0259rhum xan\u0131m\u0131 M\u00fcmtaz Mahal\u0131n xatir\u0259sin\u0259 h\u0259sr olunmu\u015f bu s\u0259rdab\u0259nin tikintisind\u0259 m\u00fcxt\u0259lif t\u00fcrk ell\u0259rind\u0259n, o c\u00fcml\u0259d\u0259n Az\u0259rbaycandan g\u0259l\u0259n s\u0259n\u0259tkarlar yax\u0131ndan i\u015ftirak etmi\u015fdil\u0259r.<\/p>\n<p><img loading=\"lazy\" class=\"alignnone size-medium wp-image-311156\" src=\"https:\/\/arantv.az\/wp-content\/uploads\/2021\/03\/6eaf04b2-7c61-4a73-bf40-7befe2e354c7-251x300.jpg\" alt=\"\" width=\"251\" height=\"300\" \/><br \/>\nButa bizim tariximizin bir hiss\u0259sidir des\u0259k yan\u0131lmar\u0131q. \u00c7\u00fcnki b\u00fct\u00fcn q\u0259dim xal\u00e7alar\u0131m\u0131z, memarl\u0131q abid\u0259l\u0259rimiz buta ni\u015fan\u0259si il\u0259 b\u0259z\u0259dilmi\u015fdir. Butan\u0131n izahl\u0131 l\u00fc\u011f\u0259tl\u0259 olan t\u0259rc\u00fcm\u0259si bel\u0259dir: q\u00f6n\u00e7\u0259 v\u0259 par\u00e7alar\u0131n \u00fcz\u0259rind\u0259 badamab\u0259nz\u0259r x\u0131rda nax\u0131\u015f, x\u0131rda gril \u015f\u0259kli.<br \/>\nH\u0259tta bu g\u00fcnl\u0259rimizd\u0259 t\u0259mt\u0259raqla qeyd etdiyimiz Novruz bayram\u0131n\u0131n r\u0259mzl\u0259ri s\u0131ras\u0131nda \u201cbuta\u201d \u00f6n\u0259mli atributlardan say\u0131l\u0131r.<\/p>\n<p><img loading=\"lazy\" class=\"alignnone size-medium wp-image-311161\" src=\"https:\/\/arantv.az\/wp-content\/uploads\/2021\/03\/08bdb3dc-30ed-4a3e-9543-5fc30d74f49c-300x186.jpg\" alt=\"\" width=\"300\" height=\"186\" \/><\/p>\n<p>Bayram sovqatlar\u0131n\u0131n v\u0259 geyiml\u0259rin b\u0259z\u0259nm\u0259sind\u0259 buta elementi v\u0259 ona ox\u015far formalardan Az\u0259rbaycanda, h\u0259m Orta Asiyada v\u0259 dig\u0259r T\u00fcrk xalqlar\u0131 aras\u0131nda h\u0259min atributlar istifad\u0259 edilm\u0259kd\u0259di.<br \/>\nR\u0259mzi m\u0259na da\u015f\u0131yan butalar zaman ke\u00e7dikc\u0259 t\u0259dric\u0259n m\u00fcxt\u0259lif m\u0259zmunlu v\u0259 formal\u0131 motivl\u0259rl\u0259 z\u0259nginl\u0259\u015fmi\u015fdir.<\/p>\n<p><img loading=\"lazy\" class=\"alignnone size-medium wp-image-311162\" src=\"https:\/\/arantv.az\/wp-content\/uploads\/2021\/03\/6f5ffe65-beb9-4c0f-bae5-e4e538015d08-238x300.jpg\" alt=\"\" width=\"238\" height=\"300\" \/><\/p>\n<p>Butalar forma etibaril\u0259 4 qrupa b\u00f6l\u00fcn\u00fcr: xal\u00e7a b\u0259z\u0259yind\u0259 istifad\u0259 edil\u0259n butalar, ail\u0259 h\u0259yat\u0131 v\u0259 m\u0259i\u015f\u0259ti ifad\u0259 ed\u0259n butalar, r\u0259mzi m\u0259na da\u015f\u0131yan butalar v\u0259 m\u00fcxt\u0259lif formal\u0131 butalar.<br \/>\nSonunculara z\u0259rxara, yanar, q\u0131vr\u0131m, \u00e7i\u00e7\u0259kli v\u0259 s. butalar daxildir. R\u0259mzi m\u0259na da\u015f\u0131yan butalar zaman ke\u00e7dikc\u0259 t\u0259dric\u0259n m\u00fcxt\u0259lif m\u0259zmunlu v\u0259 formal\u0131 motivl\u0259rl\u0259 z\u0259nginl\u0259\u015fmi\u015fdir.<\/p>\n<p><img loading=\"lazy\" class=\"alignnone size-medium wp-image-311188\" src=\"https:\/\/arantv.az\/wp-content\/uploads\/2021\/03\/1727ee82-f023-4677-bde3-cc48d5bc7f11-300x210.jpg\" alt=\"\" width=\"300\" height=\"210\" \/><\/p>\n<p>Indi g\u0259lin bir az da \u00f6z\u00fcm\u00fczd\u0259n dan\u0131\u015faq, \u00f6z\u00fcm\u00fcz\u00fc t\u0259nqid ed\u0259k.<\/p>\n<p>B\u0259li buta bizim tarixi ke\u00e7mi\u015fimizin bir ni\u015fan\u0259sidi. Buta bizim bir \u00e7ox q\u0259dim \u0259s\u0259rl\u0259rimizd\u0259 d\u0259 ad\u0131 \u00e7\u0259kil\u0259n bir ni\u015fan\u0259dir. Onda tariximizin \u00e7ox d\u0259rin izi var. Ke\u00e7mi\u015fimizd\u0259n bu g\u00fcn\u00fcm\u00fcz\u0259 g\u0259lib \u00e7atan n\u0259n\u0259l\u0259rimizin fantaziyas\u0131na, r\u0259ng se\u00e7imin\u0259 tirmeli \u015fallari, boyunbaglar\u0131, \u0259ll\u0259riyl\u0259 toxuduqlar\u0131 q\u0259dim xal\u00e7alar\u0131m\u0131z bir s\u00fcbutdur. T\u0259\u0259ss\u00fcfl\u0259r olsun ki, bu tarixi nax\u0131\u015f\u0131n m\u0259hz T\u00fcrk-Az\u0259rbaycan m\u0259n\u015f\u0259li olmas\u0131 d\u00fcnyada \u00e7ox-\u00e7ox az tan\u0131n\u0131r. Niye? D\u00fcnyada bu nax\u0131\u015flar\u0131 tan\u0131tmaq kiml\u0259rin \u00fcz\u0259rin\u0259 d\u00fc\u015f\u00fcr ?<\/p>\n<p><img loading=\"lazy\" class=\"alignnone size-medium wp-image-311171\" src=\"https:\/\/arantv.az\/wp-content\/uploads\/2021\/03\/057f9097-906e-4cad-8cc5-5d20888f2a20-300x236.jpg\" alt=\"\" width=\"300\" height=\"236\" \/><\/p>\n<p>B\u0259li, vaxtil\u0259 n\u0259n\u0259l\u0259rimizin ba\u015f \u00f6rt\u00fcy\u00fc olan tirm\u0259li \u015fallar\u0131n\u0131, k\u0259la\u011fay\u0131lar\u0131n\u0131 , boyunba\u011f\u0131lar\u0131n\u0131 Butalar b\u0259z\u0259yirdi. Bu g\u00fcn is\u0259 d\u00fcnya ulduzlar\u0131n\u0131n geyimlerini, sin\u0259sini b\u0259z\u0259y\u0259n boyunba\u011f\u0131larda q\u0259dimd\u0259 n\u0259n\u0259l\u0259rimizin geyindiyi geyimleri, taxd\u0131\u011f\u0131 o g\u00f6z\u0259l g\u0259rd\u0259nlikl\u0259rin, h\u0259mayill\u0259rin, hill\u0259rin aksesuarlar\u0131n\u0131 g\u00f6r\u0259nd\u0259 v\u0259 d\u00fcnyan\u0131n inki\u015faf etmi\u015f d\u00f6vl\u0259tl\u0259rinin v\u0259 d\u00fcnyan\u0131n \u0259n m\u0259\u015fhur moda firmalar\u0131n\u0131n istehsal etdiyi geyiml\u0259rd\u0259 \u00f6z butam\u0131z\u0131 nax\u0131\u015flar\u0131m\u0131z\u0131 g\u00f6r\u0259nd\u0259 q\u0259dim tarixi kecmi\u015fi, m\u0259d\u0259niyy\u0259ti olan bir xalq oldu\u011fumuz b\u0259lli olur. Amma t\u0259kc\u0259 \u00f6z\u00fcm\u00fcz\u0259 b\u0259lli olur dunyaya yox.<\/p>\n<p><img loading=\"lazy\" class=\"alignnone size-medium wp-image-311174\" src=\"https:\/\/arantv.az\/wp-content\/uploads\/2021\/03\/84e9312a-592d-420a-a956-533283649c40-271x300.jpg\" alt=\"\" width=\"271\" height=\"300\" \/><br \/>\nBes bizde niye yoxdur ?<br \/>\nMillilik, ke\u00e7mi\u015fin\u0259 ba\u011fl\u0131l\u0131q, sevgi insan\u0131n daxilind\u0259 olur. Bu sevgisizliyin s\u0259b\u0259bini hans\u0131sa xalqda axtarmaq bizim \u00fc\u00e7\u00fcn ay\u0131b olar. Sovet birliyi da\u011f\u0131landa erm\u0259nil\u0259r ke\u00e7ibl\u0259r h\u0259m\u0259\u015f\u0259ki kimi o\u011fru, hiyl\u0259g\u0259r \u00fcsullar\u0131na. Bizim geyimleri \u00f6z milli geyiml\u0259ri adi alt\u0131nda \u00e7ox g\u00f6z\u0259l \u015f\u0259kild\u0259 d\u00fcnyaya t\u0259qdim edibl\u0259r. Halbuki o geyimlerin \u00fcz\u0259rind\u0259ki nax\u0131\u015f b\u0259z\u0259kl\u0259ri biz t\u00fcrkl\u0259r\u0259 aid olub.<\/p>\n<p><img loading=\"lazy\" class=\"alignnone size-medium wp-image-311179\" src=\"https:\/\/arantv.az\/wp-content\/uploads\/2021\/03\/ef791eba-4082-4296-a4a3-7a39b32fbe07-300x158.jpg\" alt=\"\" width=\"300\" height=\"158\" \/><br \/>\nKimdi s\u0259b\u0259bkar?<br \/>\nS\u0259b\u0259bkar biz t\u00fcrkl\u0259rik. \u00c7\u00fcnki biz \u00f6z q\u0259dim ke\u00e7mi\u015fimizi, m\u0259d\u0259niyy\u0259timizi \u00e7ox az \u015f\u0259kild\u0259 t\u0259msil edirik. Biz geyimimizl\u0259, h\u0259m d\u0259 xarakterimizl\u0259 n\u0259y\u0259 g\u00f6r\u0259, bizd\u0259n m\u0259d\u0259niyy\u0259t g\u00f6t\u00fcr\u0259n hans\u0131sa xalqlara, ruslara, avropal\u0131lara ya amerikal\u0131lara b\u0259nz\u0259m\u0259y\u0259 can a\u0131t\u0131r\u0131q?<br \/>\nNiy\u0259 biz 4-5 min illik tariximiz olan t\u00fcrkl\u0259r \u00f6z\u00fcm\u00fcz ola bilmirik?<br \/>\n\u0130ndi kimdir bizim milli geyiml\u0259rimiz\u0259, ba\u015f \u00f6rt\u00fcy\u00fc olan tirm\u0259 \u015fallar\u0131m\u0131za, k\u0259la\u011fay\u0131laram\u0131za, boyunbag\u0131lar\u0131m\u0131za qada\u011fa qoyan?!<\/p>\n<p>&nbsp;<\/p>\n<p><img loading=\"lazy\" class=\"alignnone size-medium wp-image-311187\" src=\"https:\/\/arantv.az\/wp-content\/uploads\/2021\/03\/45fda2ff-74c9-4b06-ad77-e95b399fff3a-205x300.jpg\" alt=\"\" width=\"205\" height=\"300\" \/><\/p>\n<p><strong>\u015e\u0259mkir Pe\u015f\u0259 Liseyi v\u0259 \u015e\u0259mkir Kolt\u0259hn\u0259li k\u0259nd tam orta m\u0259kt\u0259bin m\u00fc\u0259llimi Maral V\u0259liyeva<\/strong><\/p>\n","protected":false},"excerpt":{"rendered":"<p>Buta &#8211; Az\u0259rbaycan\u0131n \u00e7ox tan\u0131nm\u0131\u015f ni\u015fan\u0259sidir. ke\u00e7mi\u015fimizd\u0259n bu g\u00fcn\u00fcm\u00fcz\u0259 g\u0259lib \u00e7atan \u00e7ox sirli t\u0259r\u0259fl\u0259ri var. Butan\u0131n sirri aras\u0131nda Bak\u0131n\u0131n \u0259n m\u00f6ht\u0259\u015f\u0259m v\u0259 sirli memarl\u0131q abid\u0259si olan Q\u0131z Qalas\u0131 da gizl\u0259nir. D\u00fcnyada 6 r\u0259q\u0259mini xat\u0131rladan \u00fc\u00e7 tikili vard\u0131r: Bunlardan biri Misird\u0259, dig\u0259ri Mesopatomiyada, dig\u0259ri is\u0259 Bak\u0131da yerl\u0259\u015fir. Deyil\u0259nl\u0259r\u0259 g\u00f6r\u0259, Buta Hindistan-Mo\u011fol s\u0259n\u0259tinin bir \u00fcns\u00fcr\u00fcd\u00fcr. \u018fslind\u0259 bu nax\u0131\u015f ilk d\u0259f\u0259 Teymurl\u0259ngin n\u0259v\u0259si t\u00fcrk\u0259silli Babur \u015eah t\u0259r\u0259find\u0259n istifad\u0259 edilmi\u015fdir. T\u0259\u0259ss\u00fcf ki, t\u00fcrk m\u0259n\u015f\u0259li Buta indi bir \u00e7ox m\u0259nb\u0259l\u0259rd\u0259 Hindistana istinad edilm\u0259kd\u0259dir. D\u00fcnyan\u0131n yeni m\u00f6c\u00fcz\u0259l\u0259rin\u0259 daxil olan m\u0259\u015fhur tikili Tac Mahal da t\u00fcrk memarlar\u0131n\u0131n&hellip;<\/p>\n","protected":false},"author":2,"featured_media":311189,"comment_status":"closed","ping_status":"closed","sticky":false,"template":"","format":"standard","meta":{"om_disable_all_campaigns":false,"_monsterinsights_skip_tracking":false,"_monsterinsights_sitenote_active":false,"_monsterinsights_sitenote_note":"","_monsterinsights_sitenote_category":0},"categories":[19,24],"tags":[],"aioseo_notices":[],"gutentor_comment":0,"rttpg_featured_image_url":{"full":["https:\/\/arantv.az\/wp-content\/uploads\/2021\/03\/4e7510cf-aecc-42bd-afd0-6cbce850acb0-1.jpg",731,619,false],"landscape":["https:\/\/arantv.az\/wp-content\/uploads\/2021\/03\/4e7510cf-aecc-42bd-afd0-6cbce850acb0-1.jpg",731,619,false],"portraits":["https:\/\/arantv.az\/wp-content\/uploads\/2021\/03\/4e7510cf-aecc-42bd-afd0-6cbce850acb0-1.jpg",731,619,false],"thumbnail":["https:\/\/arantv.az\/wp-content\/uploads\/2021\/03\/4e7510cf-aecc-42bd-afd0-6cbce850acb0-1-150x150.jpg",150,150,true],"medium":["https:\/\/arantv.az\/wp-content\/uploads\/2021\/03\/4e7510cf-aecc-42bd-afd0-6cbce850acb0-1-300x254.jpg",300,254,true],"large":["https:\/\/arantv.az\/wp-content\/uploads\/2021\/03\/4e7510cf-aecc-42bd-afd0-6cbce850acb0-1.jpg",640,542,false],"1536x1536":["https:\/\/arantv.az\/wp-content\/uploads\/2021\/03\/4e7510cf-aecc-42bd-afd0-6cbce850acb0-1.jpg",731,619,false],"2048x2048":["https:\/\/arantv.az\/wp-content\/uploads\/2021\/03\/4e7510cf-aecc-42bd-afd0-6cbce850acb0-1.jpg",731,619,false],"post-thumbnail":["https:\/\/arantv.az\/wp-content\/uploads\/2021\/03\/4e7510cf-aecc-42bd-afd0-6cbce850acb0-1-240x172.jpg",240,172,true],"advps-thumb-one":["https:\/\/arantv.az\/wp-content\/uploads\/2021\/03\/4e7510cf-aecc-42bd-afd0-6cbce850acb0-1.jpg",731,619,false]},"rttpg_author":{"display_name":"V\u00fcsal Rafiqo\u011flu","author_link":"https:\/\/arantv.az\/?author=2"},"rttpg_comment":0,"rttpg_category":"<a href=\"https:\/\/arantv.az\/?cat=19\" rel=\"category\">G\u00fcnd\u0259m<\/a> <a href=\"https:\/\/arantv.az\/?cat=24\" rel=\"category\">Maraql\u0131<\/a>","rttpg_excerpt":"Buta &#8211; Az\u0259rbaycan\u0131n \u00e7ox tan\u0131nm\u0131\u015f ni\u015fan\u0259sidir. ke\u00e7mi\u015fimizd\u0259n bu g\u00fcn\u00fcm\u00fcz\u0259 g\u0259lib \u00e7atan \u00e7ox sirli t\u0259r\u0259fl\u0259ri var. Butan\u0131n sirri aras\u0131nda Bak\u0131n\u0131n \u0259n m\u00f6ht\u0259\u015f\u0259m v\u0259 sirli memarl\u0131q abid\u0259si olan Q\u0131z Qalas\u0131 da gizl\u0259nir. D\u00fcnyada 6 r\u0259q\u0259mini xat\u0131rladan \u00fc\u00e7 tikili vard\u0131r: Bunlardan biri Misird\u0259, dig\u0259ri Mesopatomiyada, dig\u0259ri is\u0259 Bak\u0131da yerl\u0259\u015fir. Deyil\u0259nl\u0259r\u0259 g\u00f6r\u0259, Buta Hindistan-Mo\u011fol s\u0259n\u0259tinin bir \u00fcns\u00fcr\u00fcd\u00fcr. \u018fslind\u0259 bu&hellip;","_links":{"self":[{"href":"https:\/\/arantv.az\/index.php?rest_route=\/wp\/v2\/posts\/311141"}],"collection":[{"href":"https:\/\/arantv.az\/index.php?rest_route=\/wp\/v2\/posts"}],"about":[{"href":"https:\/\/arantv.az\/index.php?rest_route=\/wp\/v2\/types\/post"}],"author":[{"embeddable":true,"href":"https:\/\/arantv.az\/index.php?rest_route=\/wp\/v2\/users\/2"}],"replies":[{"embeddable":true,"href":"https:\/\/arantv.az\/index.php?rest_route=%2Fwp%2Fv2%2Fcomments&post=311141"}],"version-history":[{"count":0,"href":"https:\/\/arantv.az\/index.php?rest_route=\/wp\/v2\/posts\/311141\/revisions"}],"wp:featuredmedia":[{"embeddable":true,"href":"https:\/\/arantv.az\/index.php?rest_route=\/wp\/v2\/media\/311189"}],"wp:attachment":[{"href":"https:\/\/arantv.az\/index.php?rest_route=%2Fwp%2Fv2%2Fmedia&parent=311141"}],"wp:term":[{"taxonomy":"category","embeddable":true,"href":"https:\/\/arantv.az\/index.php?rest_route=%2Fwp%2Fv2%2Fcategories&post=311141"},{"taxonomy":"post_tag","embeddable":true,"href":"https:\/\/arantv.az\/index.php?rest_route=%2Fwp%2Fv2%2Ftags&post=311141"}],"curies":[{"name":"wp","href":"https:\/\/api.w.org\/{rel}","templated":true}]}}