{"id":311167,"date":"2021-03-11T13:20:13","date_gmt":"2021-03-11T10:20:13","guid":{"rendered":"http:\/\/arantv.az\/?p=311167"},"modified":"2021-03-11T13:20:13","modified_gmt":"2021-03-11T10:20:13","slug":"indoneziyada-m%c9%99kt%c9%99blil%c9%99ri-dasiyan-avtobus-ucuruma-yuvarlandi-azi-26-n%c9%99f%c9%99r-olub","status":"publish","type":"post","link":"https:\/\/arantv.az\/?p=311167","title":{"rendered":"\u0130ndoneziyada m\u0259kt\u0259blil\u0259ri da\u015f\u0131yan avtobus u\u00e7uruma yuvarland\u0131: Az\u0131 26 n\u0259f\u0259r \u00f6l\u00fcb"},"content":{"rendered":"<p>\u0130ndoneziyan\u0131n Q\u0259rbi Yava \u0259yal\u0259tind\u0259 s\u0259rni\u015fin avtobusunun u\u00e7uruma yuvarlanmas\u0131 n\u0259tic\u0259sind\u0259 az\u0131 26 n\u0259f\u0259r h\u0259lak olub.<\/p>\n<p>\u201cXinhua\u201d agentliyi bu bar\u0259d\u0259 yerli h\u00f6kum\u0259t qurumlar\u0131na istinad\u0259n m\u0259lumat yay\u0131b.<\/p>\n<div id=\"AdviadNativeVideo0\" class=\"AdviadNativeVideo\"><\/div>\n<p>Qeyd olunur ki, avtobusda orta m\u0259kt\u0259b \u015fagirdl\u0259ri, onlar\u0131n valideynl\u0259ri v\u0259 m\u00fc\u0259lliml\u0259ri olub.<\/p>\n<p>\u0130nsident n\u0259tic\u0259sind\u0259 35 n\u0259f\u0259r m\u00fcxt\u0259lif d\u0259r\u0259c\u0259li b\u0259d\u0259n x\u0259sar\u0259tl\u0259ri al\u0131b.<\/p>\n<p>\u00dcmumilikd\u0259 is\u0259 q\u0259za zaman\u0131 avtobusda 62 s\u0259rni\u015fin olub.<\/p>\n","protected":false},"excerpt":{"rendered":"<p>\u0130ndoneziyan\u0131n Q\u0259rbi Yava \u0259yal\u0259tind\u0259 s\u0259rni\u015fin avtobusunun u\u00e7uruma yuvarlanmas\u0131 n\u0259tic\u0259sind\u0259 az\u0131 26 n\u0259f\u0259r h\u0259lak olub. \u201cXinhua\u201d agentliyi bu bar\u0259d\u0259 yerli h\u00f6kum\u0259t qurumlar\u0131na istinad\u0259n m\u0259lumat yay\u0131b. Qeyd olunur ki, avtobusda orta m\u0259kt\u0259b \u015fagirdl\u0259ri, onlar\u0131n valideynl\u0259ri v\u0259 m\u00fc\u0259lliml\u0259ri olub. \u0130nsident n\u0259tic\u0259sind\u0259 35 n\u0259f\u0259r m\u00fcxt\u0259lif d\u0259r\u0259c\u0259li b\u0259d\u0259n x\u0259sar\u0259tl\u0259ri al\u0131b. \u00dcmumilikd\u0259 is\u0259 q\u0259za zaman\u0131 avtobusda 62 s\u0259rni\u015fin olub.<\/p>\n","protected":false},"author":2,"featured_media":311169,"comment_status":"closed","ping_status":"closed","sticky":false,"template":"","format":"standard","meta":{"om_disable_all_campaigns":false,"_monsterinsights_skip_tracking":false,"_monsterinsights_sitenote_active":false,"_monsterinsights_sitenote_note":"","_monsterinsights_sitenote_category":0},"categories":[7],"tags":[],"aioseo_notices":[],"gutentor_comment":0,"rttpg_featured_image_url":{"full":["https:\/\/arantv.az\/wp-content\/uploads\/2021\/03\/Bas-bus-Accident-Sumedang-Jawa-Barat-bernama..jpg",620,388,false],"landscape":["https:\/\/arantv.az\/wp-content\/uploads\/2021\/03\/Bas-bus-Accident-Sumedang-Jawa-Barat-bernama..jpg",620,388,false],"portraits":["https:\/\/arantv.az\/wp-content\/uploads\/2021\/03\/Bas-bus-Accident-Sumedang-Jawa-Barat-bernama..jpg",620,388,false],"thumbnail":["https:\/\/arantv.az\/wp-content\/uploads\/2021\/03\/Bas-bus-Accident-Sumedang-Jawa-Barat-bernama.-150x150.jpg",150,150,true],"medium":["https:\/\/arantv.az\/wp-content\/uploads\/2021\/03\/Bas-bus-Accident-Sumedang-Jawa-Barat-bernama.-300x188.jpg",300,188,true],"large":["https:\/\/arantv.az\/wp-content\/uploads\/2021\/03\/Bas-bus-Accident-Sumedang-Jawa-Barat-bernama..jpg",620,388,false],"1536x1536":["https:\/\/arantv.az\/wp-content\/uploads\/2021\/03\/Bas-bus-Accident-Sumedang-Jawa-Barat-bernama..jpg",620,388,false],"2048x2048":["https:\/\/arantv.az\/wp-content\/uploads\/2021\/03\/Bas-bus-Accident-Sumedang-Jawa-Barat-bernama..jpg",620,388,false],"post-thumbnail":["https:\/\/arantv.az\/wp-content\/uploads\/2021\/03\/Bas-bus-Accident-Sumedang-Jawa-Barat-bernama.-240x172.jpg",240,172,true],"advps-thumb-one":["https:\/\/arantv.az\/wp-content\/uploads\/2021\/03\/Bas-bus-Accident-Sumedang-Jawa-Barat-bernama..jpg",620,388,false]},"rttpg_author":{"display_name":"V\u00fcsal Rafiqo\u011flu","author_link":"https:\/\/arantv.az\/?author=2"},"rttpg_comment":0,"rttpg_category":"<a href=\"https:\/\/arantv.az\/?cat=7\" rel=\"category\">D\u00fcnya<\/a>","rttpg_excerpt":"\u0130ndoneziyan\u0131n Q\u0259rbi Yava \u0259yal\u0259tind\u0259 s\u0259rni\u015fin avtobusunun u\u00e7uruma yuvarlanmas\u0131 n\u0259tic\u0259sind\u0259 az\u0131 26 n\u0259f\u0259r h\u0259lak olub. \u201cXinhua\u201d agentliyi bu bar\u0259d\u0259 yerli h\u00f6kum\u0259t qurumlar\u0131na istinad\u0259n m\u0259lumat yay\u0131b. Qeyd olunur ki, avtobusda orta m\u0259kt\u0259b \u015fagirdl\u0259ri, onlar\u0131n valideynl\u0259ri v\u0259 m\u00fc\u0259lliml\u0259ri olub. \u0130nsident n\u0259tic\u0259sind\u0259 35 n\u0259f\u0259r m\u00fcxt\u0259lif d\u0259r\u0259c\u0259li b\u0259d\u0259n x\u0259sar\u0259tl\u0259ri al\u0131b. \u00dcmumilikd\u0259 is\u0259 q\u0259za zaman\u0131 avtobusda 62 s\u0259rni\u015fin olub.","_links":{"self":[{"href":"https:\/\/arantv.az\/index.php?rest_route=\/wp\/v2\/posts\/311167"}],"collection":[{"href":"https:\/\/arantv.az\/index.php?rest_route=\/wp\/v2\/posts"}],"about":[{"href":"https:\/\/arantv.az\/index.php?rest_route=\/wp\/v2\/types\/post"}],"author":[{"embeddable":true,"href":"https:\/\/arantv.az\/index.php?rest_route=\/wp\/v2\/users\/2"}],"replies":[{"embeddable":true,"href":"https:\/\/arantv.az\/index.php?rest_route=%2Fwp%2Fv2%2Fcomments&post=311167"}],"version-history":[{"count":0,"href":"https:\/\/arantv.az\/index.php?rest_route=\/wp\/v2\/posts\/311167\/revisions"}],"wp:featuredmedia":[{"embeddable":true,"href":"https:\/\/arantv.az\/index.php?rest_route=\/wp\/v2\/media\/311169"}],"wp:attachment":[{"href":"https:\/\/arantv.az\/index.php?rest_route=%2Fwp%2Fv2%2Fmedia&parent=311167"}],"wp:term":[{"taxonomy":"category","embeddable":true,"href":"https:\/\/arantv.az\/index.php?rest_route=%2Fwp%2Fv2%2Fcategories&post=311167"},{"taxonomy":"post_tag","embeddable":true,"href":"https:\/\/arantv.az\/index.php?rest_route=%2Fwp%2Fv2%2Ftags&post=311167"}],"curies":[{"name":"wp","href":"https:\/\/api.w.org\/{rel}","templated":true}]}}