{"id":311173,"date":"2021-03-11T13:20:46","date_gmt":"2021-03-11T10:20:46","guid":{"rendered":"http:\/\/arantv.az\/?p=311173"},"modified":"2021-03-11T13:20:46","modified_gmt":"2021-03-11T10:20:46","slug":"erm%c9%99nistandaki-acinacaqli-v%c9%99ziyy%c9%99tl%c9%99-bagli-nazird%c9%99n-x%c9%99b%c9%99rdarliq-c%c9%99mi-100-carpayimiz-var","status":"publish","type":"post","link":"https:\/\/arantv.az\/?p=311173","title":{"rendered":"Erm\u0259nistandak\u0131 ac\u0131nacaql\u0131 v\u0259ziyy\u0259tl\u0259 ba\u011fl\u0131 nazird\u0259n x\u0259b\u0259rdarl\u0131q: \u201cC\u0259mi 100 \u00e7arpay\u0131m\u0131z var\u201d"},"content":{"rendered":"<p>Erm\u0259nistanda koronavirusla ba\u011fl\u0131 v\u0259ziyy\u0259t pisl\u0259\u015fib v\u0259 \u00f6lk\u0259d\u0259\u00a0x\u0259st\u0259l\u0259rin yerl\u0259\u015fdirilm\u0259si \u00fc\u00e7\u00fcn kifay\u0259t q\u0259d\u0259r yer yoxdur.<\/p>\n<p>News.am x\u0259b\u0259r verir ki, Erm\u0259nistan Ba\u015f naziri Nikol Pa\u015finyan h\u00f6kum\u0259tin iclas\u0131 zaman\u0131 t\u0259\u0259ss\u00fcf hissi il\u0259 yoluxma say\u0131n\u0131n g\u00fcnd\u0259 700 n\u0259f\u0259rd\u0259n \u00e7ox oldu\u011funu vur\u011fulay\u0131b:<\/p>\n<div id=\"AdviadNativeVideo0\" class=\"AdviadNativeVideo\"><\/div>\n<p>\u201cUzun fasil\u0259d\u0259n sonra koronavirusun yay\u0131lmas\u0131 hallar\u0131nda \u0259h\u0259miyy\u0259tli d\u0259r\u0259c\u0259d\u0259 art\u0131m oldu\u011funu bildirdiyim \u00fc\u00e7\u00fcn t\u0259\u0259ss\u00fcfl\u0259nir\u0259m\u201d.<\/p>\n<p>Eyni zamanda, respublikan\u0131n S\u0259hiyy\u0259 naziri Anait Avanesyan da v\u0259ziyy\u0259tin ac\u0131nacaql\u0131 oldu\u011funu bildirib:<\/p>\n<p>\u201cHaz\u0131rda koronavirusa yoluxanlara xidm\u0259t g\u00f6st\u0259r\u0259n doqquz\u00a0tibb m\u0259rk\u0259zimiz v\u0259\u00a0c\u0259mi 100-\u0259 yax\u0131n bo\u015f \u00e7arpay\u0131m\u0131z var. Yataq say\u0131n\u0131n m\u0259hdud olmas\u0131 bar\u0259d\u0259 x\u0259b\u0259rdarl\u0131q etm\u0259k ist\u0259yir\u0259m.\u00a0El\u0259 etm\u0259liyik ki, x\u0259st\u0259l\u0259rin say\u0131 imkanlar\u0131m\u0131z\u0131 a\u015fmas\u0131n\u201d.<\/p>\n","protected":false},"excerpt":{"rendered":"<p>Erm\u0259nistanda koronavirusla ba\u011fl\u0131 v\u0259ziyy\u0259t pisl\u0259\u015fib v\u0259 \u00f6lk\u0259d\u0259\u00a0x\u0259st\u0259l\u0259rin yerl\u0259\u015fdirilm\u0259si \u00fc\u00e7\u00fcn kifay\u0259t q\u0259d\u0259r yer yoxdur. News.am x\u0259b\u0259r verir ki, Erm\u0259nistan Ba\u015f naziri Nikol Pa\u015finyan h\u00f6kum\u0259tin iclas\u0131 zaman\u0131 t\u0259\u0259ss\u00fcf hissi il\u0259 yoluxma say\u0131n\u0131n g\u00fcnd\u0259 700 n\u0259f\u0259rd\u0259n \u00e7ox oldu\u011funu vur\u011fulay\u0131b: \u201cUzun fasil\u0259d\u0259n sonra koronavirusun yay\u0131lmas\u0131 hallar\u0131nda \u0259h\u0259miyy\u0259tli d\u0259r\u0259c\u0259d\u0259 art\u0131m oldu\u011funu bildirdiyim \u00fc\u00e7\u00fcn t\u0259\u0259ss\u00fcfl\u0259nir\u0259m\u201d. Eyni zamanda, respublikan\u0131n S\u0259hiyy\u0259 naziri Anait Avanesyan da v\u0259ziyy\u0259tin ac\u0131nacaql\u0131 oldu\u011funu bildirib: \u201cHaz\u0131rda koronavirusa yoluxanlara xidm\u0259t g\u00f6st\u0259r\u0259n doqquz\u00a0tibb m\u0259rk\u0259zimiz v\u0259\u00a0c\u0259mi 100-\u0259 yax\u0131n bo\u015f \u00e7arpay\u0131m\u0131z var. Yataq say\u0131n\u0131n m\u0259hdud olmas\u0131 bar\u0259d\u0259 x\u0259b\u0259rdarl\u0131q etm\u0259k ist\u0259yir\u0259m.\u00a0El\u0259 etm\u0259liyik ki, x\u0259st\u0259l\u0259rin say\u0131 imkanlar\u0131m\u0131z\u0131 a\u015fmas\u0131n\u201d.<\/p>\n","protected":false},"author":2,"featured_media":311175,"comment_status":"closed","ping_status":"closed","sticky":false,"template":"","format":"standard","meta":{"om_disable_all_campaigns":false,"_monsterinsights_skip_tracking":false,"_monsterinsights_sitenote_active":false,"_monsterinsights_sitenote_note":"","_monsterinsights_sitenote_category":0},"categories":[7],"tags":[],"aioseo_notices":[],"gutentor_comment":0,"rttpg_featured_image_url":{"full":["https:\/\/arantv.az\/wp-content\/uploads\/2021\/03\/111437453_coronavirus_armenia-1.jpg",620,349,false],"landscape":["https:\/\/arantv.az\/wp-content\/uploads\/2021\/03\/111437453_coronavirus_armenia-1.jpg",620,349,false],"portraits":["https:\/\/arantv.az\/wp-content\/uploads\/2021\/03\/111437453_coronavirus_armenia-1.jpg",620,349,false],"thumbnail":["https:\/\/arantv.az\/wp-content\/uploads\/2021\/03\/111437453_coronavirus_armenia-1-150x150.jpg",150,150,true],"medium":["https:\/\/arantv.az\/wp-content\/uploads\/2021\/03\/111437453_coronavirus_armenia-1-300x169.jpg",300,169,true],"large":["https:\/\/arantv.az\/wp-content\/uploads\/2021\/03\/111437453_coronavirus_armenia-1.jpg",620,349,false],"1536x1536":["https:\/\/arantv.az\/wp-content\/uploads\/2021\/03\/111437453_coronavirus_armenia-1.jpg",620,349,false],"2048x2048":["https:\/\/arantv.az\/wp-content\/uploads\/2021\/03\/111437453_coronavirus_armenia-1.jpg",620,349,false],"post-thumbnail":["https:\/\/arantv.az\/wp-content\/uploads\/2021\/03\/111437453_coronavirus_armenia-1-240x172.jpg",240,172,true],"advps-thumb-one":["https:\/\/arantv.az\/wp-content\/uploads\/2021\/03\/111437453_coronavirus_armenia-1.jpg",620,349,false]},"rttpg_author":{"display_name":"V\u00fcsal Rafiqo\u011flu","author_link":"https:\/\/arantv.az\/?author=2"},"rttpg_comment":0,"rttpg_category":"<a href=\"https:\/\/arantv.az\/?cat=7\" rel=\"category\">D\u00fcnya<\/a>","rttpg_excerpt":"Erm\u0259nistanda koronavirusla ba\u011fl\u0131 v\u0259ziyy\u0259t pisl\u0259\u015fib v\u0259 \u00f6lk\u0259d\u0259\u00a0x\u0259st\u0259l\u0259rin yerl\u0259\u015fdirilm\u0259si \u00fc\u00e7\u00fcn kifay\u0259t q\u0259d\u0259r yer yoxdur. News.am x\u0259b\u0259r verir ki, Erm\u0259nistan Ba\u015f naziri Nikol Pa\u015finyan h\u00f6kum\u0259tin iclas\u0131 zaman\u0131 t\u0259\u0259ss\u00fcf hissi il\u0259 yoluxma say\u0131n\u0131n g\u00fcnd\u0259 700 n\u0259f\u0259rd\u0259n \u00e7ox oldu\u011funu vur\u011fulay\u0131b: \u201cUzun fasil\u0259d\u0259n sonra koronavirusun yay\u0131lmas\u0131 hallar\u0131nda \u0259h\u0259miyy\u0259tli d\u0259r\u0259c\u0259d\u0259 art\u0131m oldu\u011funu bildirdiyim \u00fc\u00e7\u00fcn t\u0259\u0259ss\u00fcfl\u0259nir\u0259m\u201d. Eyni zamanda, respublikan\u0131n S\u0259hiyy\u0259 naziri Anait&hellip;","_links":{"self":[{"href":"https:\/\/arantv.az\/index.php?rest_route=\/wp\/v2\/posts\/311173"}],"collection":[{"href":"https:\/\/arantv.az\/index.php?rest_route=\/wp\/v2\/posts"}],"about":[{"href":"https:\/\/arantv.az\/index.php?rest_route=\/wp\/v2\/types\/post"}],"author":[{"embeddable":true,"href":"https:\/\/arantv.az\/index.php?rest_route=\/wp\/v2\/users\/2"}],"replies":[{"embeddable":true,"href":"https:\/\/arantv.az\/index.php?rest_route=%2Fwp%2Fv2%2Fcomments&post=311173"}],"version-history":[{"count":0,"href":"https:\/\/arantv.az\/index.php?rest_route=\/wp\/v2\/posts\/311173\/revisions"}],"wp:featuredmedia":[{"embeddable":true,"href":"https:\/\/arantv.az\/index.php?rest_route=\/wp\/v2\/media\/311175"}],"wp:attachment":[{"href":"https:\/\/arantv.az\/index.php?rest_route=%2Fwp%2Fv2%2Fmedia&parent=311173"}],"wp:term":[{"taxonomy":"category","embeddable":true,"href":"https:\/\/arantv.az\/index.php?rest_route=%2Fwp%2Fv2%2Fcategories&post=311173"},{"taxonomy":"post_tag","embeddable":true,"href":"https:\/\/arantv.az\/index.php?rest_route=%2Fwp%2Fv2%2Ftags&post=311173"}],"curies":[{"name":"wp","href":"https:\/\/api.w.org\/{rel}","templated":true}]}}