{"id":311178,"date":"2021-03-11T13:21:27","date_gmt":"2021-03-11T10:21:27","guid":{"rendered":"http:\/\/arantv.az\/?p=311178"},"modified":"2021-03-11T13:21:27","modified_gmt":"2021-03-11T10:21:27","slug":"gurcustanli-ekspert-c%c9%99nubi-qafqaz-olk%c9%99l%c9%99ri-vahid-iqtisadi-zona-yaratmalidirlar","status":"publish","type":"post","link":"https:\/\/arantv.az\/?p=311178","title":{"rendered":"G\u00fcrc\u00fcstanl\u0131 ekspert: C\u0259nubi Qafqaz \u00f6lk\u0259l\u0259ri vahid iqtisadi zona yaratmal\u0131d\u0131rlar"},"content":{"rendered":"<p>Qafqaz Beyn\u0259lxalq Universitetinin professoru, iqtisadi m\u0259s\u0259l\u0259l\u0259r \u00fczr\u0259 g\u00fcrc\u00fcstanl\u0131 ekspert Demur Qiorxelidze\u00a0<a href=\"https:\/\/caliber.az\/post\/demur-giorxelidze-v-armenii-krizis-vlasti-i-eto-ocevidno-intervyu-1961?fbclid=IwAR3-OMP6Yibfi39nxnbgb6RtaIlFfD9xiL_F65cVZwz_GTYbGriwe6RfNYg\" target=\"_blank\" rel=\"noopener\">Caliber.Az<\/a>-a verdiyi m\u00fcsahib\u0259d\u0259 bildirib ki, G\u00fcrc\u00fcstan, Az\u0259rbaycan v\u0259 Erm\u0259nistanla tarixi \u0259laq\u0259l\u0259r\u0259 malikdir.<\/p>\n<p>\u201cHaz\u0131rda iqtisadi m\u0259s\u0259l\u0259l\u0259r dialoq \u00fc\u00e7\u00fcn b\u00f6y\u00fck \u0259h\u0259miyy\u0259t k\u0259sb edir v\u0259 Tbilisi d\u0259 buna diqq\u0259t yetirir. M\u0259nim fikrimc\u0259, G\u00fcrc\u00fcstan, Az\u0259rbaycan v\u0259 Erm\u0259nistan g\u0259l\u0259c\u0259kd\u0259 g\u00f6mr\u00fck r\u00fcsumu v\u0259 laz\u0131ms\u0131z b\u00fcrokratik \u0259ng\u0259ll\u0259r olmadan C\u0259nubi Qafqaz\u0131n vahid iqtisadi zonas\u0131n\u0131 yaratmal\u0131d\u0131rlar. X\u00fcsus\u0259n d\u0259 qar\u015f\u0131l\u0131ql\u0131 faydadan s\u00f6hb\u0259t gedirs\u0259, raz\u0131l\u0131\u011fa g\u0259lm\u0259k h\u0259mi\u015f\u0259 m\u00fcmk\u00fcnd\u00fcr.<\/p>\n<div id=\"AdviadNativeVideo0\" class=\"AdviadNativeVideo\"><\/div>\n<p>C\u0259nubi Qafqaz, Yax\u0131n \u015e\u0259rq v\u0259 Orta Asiya kimi yax\u0131n 30-40 ild\u0259 b\u00fct\u00fcn d\u00fcnya siyas\u0259tinin diqq\u0259tinin c\u0259ml\u0259\u015f\u0259c\u0259yi vahid \u00a0geosiyasi m\u0259kand\u0131r. Biz bu b\u00f6lg\u0259d\u0259 Rusiya il\u0259 Q\u0259rbin qar\u015f\u0131durmas\u0131n\u0131 v\u0259 bir \u00e7ox dig\u0259r amill\u0259ri n\u0259z\u0259r\u0259 alaraq, a\u011f\u0131ll\u0131 q\u0259rarlar q\u0259bul etm\u0259li, inciklikl\u0259ri unutmal\u0131 v\u0259 sabahk\u0131 g\u00fcn haqq\u0131nda d\u00fc\u015f\u00fcnm\u0259liyik\u201d, &#8211; dey\u0259 D. Qiorxelidze bildirib.<\/p>\n<p>M\u00fcsahib\u0259nin tam m\u0259tni il\u0259\u00a0<a href=\"https:\/\/caliber.az\/post\/demur-giorxelidze-v-armenii-krizis-vlasti-i-eto-ocevidno-intervyu-1961\" target=\"_blank\" rel=\"noopener\">Caliber.az<\/a>\u00a0sayt\u0131ndan tan\u0131\u015f ola bil\u0259rsiz.<\/p>\n","protected":false},"excerpt":{"rendered":"<p>Qafqaz Beyn\u0259lxalq Universitetinin professoru, iqtisadi m\u0259s\u0259l\u0259l\u0259r \u00fczr\u0259 g\u00fcrc\u00fcstanl\u0131 ekspert Demur Qiorxelidze\u00a0Caliber.Az-a verdiyi m\u00fcsahib\u0259d\u0259 bildirib ki, G\u00fcrc\u00fcstan, Az\u0259rbaycan v\u0259 Erm\u0259nistanla tarixi \u0259laq\u0259l\u0259r\u0259 malikdir. \u201cHaz\u0131rda iqtisadi m\u0259s\u0259l\u0259l\u0259r dialoq \u00fc\u00e7\u00fcn b\u00f6y\u00fck \u0259h\u0259miyy\u0259t k\u0259sb edir v\u0259 Tbilisi d\u0259 buna diqq\u0259t yetirir. M\u0259nim fikrimc\u0259, G\u00fcrc\u00fcstan, Az\u0259rbaycan v\u0259 Erm\u0259nistan g\u0259l\u0259c\u0259kd\u0259 g\u00f6mr\u00fck r\u00fcsumu v\u0259 laz\u0131ms\u0131z b\u00fcrokratik \u0259ng\u0259ll\u0259r olmadan C\u0259nubi Qafqaz\u0131n vahid iqtisadi zonas\u0131n\u0131 yaratmal\u0131d\u0131rlar. X\u00fcsus\u0259n d\u0259 qar\u015f\u0131l\u0131ql\u0131 faydadan s\u00f6hb\u0259t gedirs\u0259, raz\u0131l\u0131\u011fa g\u0259lm\u0259k h\u0259mi\u015f\u0259 m\u00fcmk\u00fcnd\u00fcr. C\u0259nubi Qafqaz, Yax\u0131n \u015e\u0259rq v\u0259 Orta Asiya kimi yax\u0131n 30-40 ild\u0259 b\u00fct\u00fcn d\u00fcnya siyas\u0259tinin diqq\u0259tinin c\u0259ml\u0259\u015f\u0259c\u0259yi vahid \u00a0geosiyasi m\u0259kand\u0131r. Biz bu b\u00f6lg\u0259d\u0259 Rusiya&hellip;<\/p>\n","protected":false},"author":2,"featured_media":311181,"comment_status":"closed","ping_status":"closed","sticky":false,"template":"","format":"standard","meta":{"om_disable_all_campaigns":false,"_monsterinsights_skip_tracking":false,"_monsterinsights_sitenote_active":false,"_monsterinsights_sitenote_note":"","_monsterinsights_sitenote_category":0},"categories":[4],"tags":[],"aioseo_notices":[],"gutentor_comment":0,"rttpg_featured_image_url":{"full":["https:\/\/arantv.az\/wp-content\/uploads\/2021\/03\/80C1EC25-8D5F-4D72-823B-4375F3EA6CE6.jpg",620,349,false],"landscape":["https:\/\/arantv.az\/wp-content\/uploads\/2021\/03\/80C1EC25-8D5F-4D72-823B-4375F3EA6CE6.jpg",620,349,false],"portraits":["https:\/\/arantv.az\/wp-content\/uploads\/2021\/03\/80C1EC25-8D5F-4D72-823B-4375F3EA6CE6.jpg",620,349,false],"thumbnail":["https:\/\/arantv.az\/wp-content\/uploads\/2021\/03\/80C1EC25-8D5F-4D72-823B-4375F3EA6CE6-150x150.jpg",150,150,true],"medium":["https:\/\/arantv.az\/wp-content\/uploads\/2021\/03\/80C1EC25-8D5F-4D72-823B-4375F3EA6CE6-300x169.jpg",300,169,true],"large":["https:\/\/arantv.az\/wp-content\/uploads\/2021\/03\/80C1EC25-8D5F-4D72-823B-4375F3EA6CE6.jpg",620,349,false],"1536x1536":["https:\/\/arantv.az\/wp-content\/uploads\/2021\/03\/80C1EC25-8D5F-4D72-823B-4375F3EA6CE6.jpg",620,349,false],"2048x2048":["https:\/\/arantv.az\/wp-content\/uploads\/2021\/03\/80C1EC25-8D5F-4D72-823B-4375F3EA6CE6.jpg",620,349,false],"post-thumbnail":["https:\/\/arantv.az\/wp-content\/uploads\/2021\/03\/80C1EC25-8D5F-4D72-823B-4375F3EA6CE6-240x172.jpg",240,172,true],"advps-thumb-one":["https:\/\/arantv.az\/wp-content\/uploads\/2021\/03\/80C1EC25-8D5F-4D72-823B-4375F3EA6CE6.jpg",620,349,false]},"rttpg_author":{"display_name":"V\u00fcsal Rafiqo\u011flu","author_link":"https:\/\/arantv.az\/?author=2"},"rttpg_comment":0,"rttpg_category":"<a href=\"https:\/\/arantv.az\/?cat=4\" rel=\"category\">Siyas\u0259t<\/a>","rttpg_excerpt":"Qafqaz Beyn\u0259lxalq Universitetinin professoru, iqtisadi m\u0259s\u0259l\u0259l\u0259r \u00fczr\u0259 g\u00fcrc\u00fcstanl\u0131 ekspert Demur Qiorxelidze\u00a0Caliber.Az-a verdiyi m\u00fcsahib\u0259d\u0259 bildirib ki, G\u00fcrc\u00fcstan, Az\u0259rbaycan v\u0259 Erm\u0259nistanla tarixi \u0259laq\u0259l\u0259r\u0259 malikdir. \u201cHaz\u0131rda iqtisadi m\u0259s\u0259l\u0259l\u0259r dialoq \u00fc\u00e7\u00fcn b\u00f6y\u00fck \u0259h\u0259miyy\u0259t k\u0259sb edir v\u0259 Tbilisi d\u0259 buna diqq\u0259t yetirir. M\u0259nim fikrimc\u0259, G\u00fcrc\u00fcstan, Az\u0259rbaycan v\u0259 Erm\u0259nistan g\u0259l\u0259c\u0259kd\u0259 g\u00f6mr\u00fck r\u00fcsumu v\u0259 laz\u0131ms\u0131z b\u00fcrokratik \u0259ng\u0259ll\u0259r olmadan C\u0259nubi Qafqaz\u0131n vahid iqtisadi&hellip;","_links":{"self":[{"href":"https:\/\/arantv.az\/index.php?rest_route=\/wp\/v2\/posts\/311178"}],"collection":[{"href":"https:\/\/arantv.az\/index.php?rest_route=\/wp\/v2\/posts"}],"about":[{"href":"https:\/\/arantv.az\/index.php?rest_route=\/wp\/v2\/types\/post"}],"author":[{"embeddable":true,"href":"https:\/\/arantv.az\/index.php?rest_route=\/wp\/v2\/users\/2"}],"replies":[{"embeddable":true,"href":"https:\/\/arantv.az\/index.php?rest_route=%2Fwp%2Fv2%2Fcomments&post=311178"}],"version-history":[{"count":0,"href":"https:\/\/arantv.az\/index.php?rest_route=\/wp\/v2\/posts\/311178\/revisions"}],"wp:featuredmedia":[{"embeddable":true,"href":"https:\/\/arantv.az\/index.php?rest_route=\/wp\/v2\/media\/311181"}],"wp:attachment":[{"href":"https:\/\/arantv.az\/index.php?rest_route=%2Fwp%2Fv2%2Fmedia&parent=311178"}],"wp:term":[{"taxonomy":"category","embeddable":true,"href":"https:\/\/arantv.az\/index.php?rest_route=%2Fwp%2Fv2%2Fcategories&post=311178"},{"taxonomy":"post_tag","embeddable":true,"href":"https:\/\/arantv.az\/index.php?rest_route=%2Fwp%2Fv2%2Ftags&post=311178"}],"curies":[{"name":"wp","href":"https:\/\/api.w.org\/{rel}","templated":true}]}}