{"id":311184,"date":"2021-03-11T13:22:00","date_gmt":"2021-03-11T10:22:00","guid":{"rendered":"http:\/\/arantv.az\/?p=311184"},"modified":"2021-03-11T13:22:00","modified_gmt":"2021-03-11T10:22:00","slug":"axtarisa-veril%c9%99n-az%c9%99rbaycanli-turkiy%c9%99d%c9%99-h%c9%99bs-edildi-foto","status":"publish","type":"post","link":"https:\/\/arantv.az\/?p=311184","title":{"rendered":"Axtar\u0131\u015fa veril\u0259n az\u0259rbaycanl\u0131 T\u00fcrkiy\u0259d\u0259 h\u0259bs edildi &#8211; FOTO"},"content":{"rendered":"<p>Az\u0259rbaycan Respublikas\u0131n\u0131n \u0259razisind\u0259 cinay\u0259t t\u00f6r\u0259d\u0259n \u015f\u0259xs T\u00fcrkiy\u0259d\u0259 saxlan\u0131l\u0131b.<\/p>\n<p>Ba\u015f Prokurorluqdan veril\u0259n m\u0259lumata g\u00f6r\u0259, Daxili \u0130\u015fl\u0259r Nazirliyinin Ba\u015f M\u00fct\u0259\u015f\u0259kkil Cinay\u0259tkarl\u0131qla M\u00fcbariz\u0259 \u0130dar\u0259sinin \u0130stintaq \u015f\u00f6b\u0259sinin icraat\u0131nda olan cinay\u0259t i\u015fi \u00fczr\u0259 t\u0259qsirl\u0259ndiril\u0259n \u015f\u0259xs qismind\u0259 c\u0259lb edil\u0259n Zalov R\u00f6v\u015f\u0259n Azad o\u011flunun \u2013 2017-ci il \u0259rzind\u0259 Bak\u0131 \u015f\u0259h\u0259rind\u0259 \u00f6z\u00fcn\u00fc turizm \u015firk\u0259tinin r\u0259hb\u0259ri kimi t\u0259qdim ed\u0259r\u0259k Almaniya Federativ Respublikas\u0131nda ya\u015fay\u0131b i\u015fl\u0259m\u0259k \u00fc\u00e7\u00fcn viza a\u00e7d\u0131rma\u011f\u0131 v\u0259 g\u00f6nd\u0259r\u0259c\u0259yini v\u0259d ed\u0259r\u0259k etibardan sui-istifad\u0259 etm\u0259 v\u0259 aldatma yolu il\u0259 qabaqcadan \u0259lbir olan bir qrup \u015f\u0259xsl\u0259 \u00f6zg\u0259nin \u0259mlak\u0131n\u0131 (pul v\u0259saitl\u0259rini) \u0259l\u0259 ke\u00e7irib, z\u0259r\u0259r\u00e7\u0259kmi\u015f \u015f\u0259xsl\u0259r\u0259 xeyli miqdarda ziyan vurmaqla t\u0259krar\u0259n d\u0259l\u0259duzluq etm\u0259sin\u0259 \u0259sasl\u0131 \u015f\u00fcbh\u0259l\u0259r m\u00fc\u0259yy\u0259n edilib.<\/p>\n<div id=\"AdviadNativeVideo0\" class=\"AdviadNativeVideo\"><\/div>\n<p>Zalov R\u00f6v\u015f\u0259n Azad o\u011flu bar\u0259sind\u0259 beyn\u0259lxalq axtar\u0131\u015f elan edilib.<\/p>\n<p>Axtar\u0131\u015fda olan \u015f\u0259xsin yerinin m\u00fc\u0259yy\u0259n edilm\u0259si \u0259sas\u0131 il\u0259 Az\u0259rbaycan Respublikas\u0131n\u0131n Ba\u015f Prokurorlu\u011funun T\u00fcrkiy\u0259 Respublikas\u0131n\u0131n Ba\u015f Prokurorlu\u011funa etdiyi sor\u011fu t\u0259min edilm\u0259kl\u0259 Zalov R\u00f6v\u015f\u0259n Azad o\u011flu \u018fdliyy\u0259 Nazirliyinin Penitensiar Xidm\u0259tinin x\u00fcsusi karvan\u0131n m\u00fc\u015fayi\u0259ti il\u0259 \u00f6lk\u0259miz\u0259 ekstradisiya edilib.<\/p>\n<div class=\"gallery\">\n<div class=\"gallery-i\"><img src=\"https:\/\/cdn.oxu.az\/uploads\/W1siZiIsIjIwMjEvMDMvMTEvMTIvMTUvNTQvY2Y5YzM1OGMtZmQ2YS00ZWJkLWJmMjItYmYyODVlMDc2MWMxL2ltYWdlXzE1OTY0NTA4MTdfMjYucG5nIl0sWyJwIiwiZW5jb2RlIiwianBnIiwiLXF1YWxpdHkgODAiXSxbInAiLCJ0aHVtYiIsIjU5MHg1OTBcdTAwM2UiXV0?sha=7a7df493b20b73ea\" alt=\"\" \/><\/div>\n<\/div>\n","protected":false},"excerpt":{"rendered":"<p>Az\u0259rbaycan Respublikas\u0131n\u0131n \u0259razisind\u0259 cinay\u0259t t\u00f6r\u0259d\u0259n \u015f\u0259xs T\u00fcrkiy\u0259d\u0259 saxlan\u0131l\u0131b. Ba\u015f Prokurorluqdan veril\u0259n m\u0259lumata g\u00f6r\u0259, Daxili \u0130\u015fl\u0259r Nazirliyinin Ba\u015f M\u00fct\u0259\u015f\u0259kkil Cinay\u0259tkarl\u0131qla M\u00fcbariz\u0259 \u0130dar\u0259sinin \u0130stintaq \u015f\u00f6b\u0259sinin icraat\u0131nda olan cinay\u0259t i\u015fi \u00fczr\u0259 t\u0259qsirl\u0259ndiril\u0259n \u015f\u0259xs qismind\u0259 c\u0259lb edil\u0259n Zalov R\u00f6v\u015f\u0259n Azad o\u011flunun \u2013 2017-ci il \u0259rzind\u0259 Bak\u0131 \u015f\u0259h\u0259rind\u0259 \u00f6z\u00fcn\u00fc turizm \u015firk\u0259tinin r\u0259hb\u0259ri kimi t\u0259qdim ed\u0259r\u0259k Almaniya Federativ Respublikas\u0131nda ya\u015fay\u0131b i\u015fl\u0259m\u0259k \u00fc\u00e7\u00fcn viza a\u00e7d\u0131rma\u011f\u0131 v\u0259 g\u00f6nd\u0259r\u0259c\u0259yini v\u0259d ed\u0259r\u0259k etibardan sui-istifad\u0259 etm\u0259 v\u0259 aldatma yolu il\u0259 qabaqcadan \u0259lbir olan bir qrup \u015f\u0259xsl\u0259 \u00f6zg\u0259nin \u0259mlak\u0131n\u0131 (pul v\u0259saitl\u0259rini) \u0259l\u0259 ke\u00e7irib, z\u0259r\u0259r\u00e7\u0259kmi\u015f \u015f\u0259xsl\u0259r\u0259 xeyli miqdarda ziyan vurmaqla t\u0259krar\u0259n d\u0259l\u0259duzluq etm\u0259sin\u0259&hellip;<\/p>\n","protected":false},"author":2,"featured_media":311185,"comment_status":"closed","ping_status":"closed","sticky":false,"template":"","format":"standard","meta":{"om_disable_all_campaigns":false,"_monsterinsights_skip_tracking":false,"_monsterinsights_sitenote_active":false,"_monsterinsights_sitenote_note":"","_monsterinsights_sitenote_category":0},"categories":[5],"tags":[],"aioseo_notices":[],"gutentor_comment":0,"rttpg_featured_image_url":{"full":["https:\/\/arantv.az\/wp-content\/uploads\/2021\/03\/bbb.jpg",620,402,false],"landscape":["https:\/\/arantv.az\/wp-content\/uploads\/2021\/03\/bbb.jpg",620,402,false],"portraits":["https:\/\/arantv.az\/wp-content\/uploads\/2021\/03\/bbb.jpg",620,402,false],"thumbnail":["https:\/\/arantv.az\/wp-content\/uploads\/2021\/03\/bbb-150x150.jpg",150,150,true],"medium":["https:\/\/arantv.az\/wp-content\/uploads\/2021\/03\/bbb-300x195.jpg",300,195,true],"large":["https:\/\/arantv.az\/wp-content\/uploads\/2021\/03\/bbb.jpg",620,402,false],"1536x1536":["https:\/\/arantv.az\/wp-content\/uploads\/2021\/03\/bbb.jpg",620,402,false],"2048x2048":["https:\/\/arantv.az\/wp-content\/uploads\/2021\/03\/bbb.jpg",620,402,false],"post-thumbnail":["https:\/\/arantv.az\/wp-content\/uploads\/2021\/03\/bbb-240x172.jpg",240,172,true],"advps-thumb-one":["https:\/\/arantv.az\/wp-content\/uploads\/2021\/03\/bbb.jpg",620,402,false]},"rttpg_author":{"display_name":"V\u00fcsal Rafiqo\u011flu","author_link":"https:\/\/arantv.az\/?author=2"},"rttpg_comment":0,"rttpg_category":"<a href=\"https:\/\/arantv.az\/?cat=5\" rel=\"category\">Hadis\u0259<\/a>","rttpg_excerpt":"Az\u0259rbaycan Respublikas\u0131n\u0131n \u0259razisind\u0259 cinay\u0259t t\u00f6r\u0259d\u0259n \u015f\u0259xs T\u00fcrkiy\u0259d\u0259 saxlan\u0131l\u0131b. Ba\u015f Prokurorluqdan veril\u0259n m\u0259lumata g\u00f6r\u0259, Daxili \u0130\u015fl\u0259r Nazirliyinin Ba\u015f M\u00fct\u0259\u015f\u0259kkil Cinay\u0259tkarl\u0131qla M\u00fcbariz\u0259 \u0130dar\u0259sinin \u0130stintaq \u015f\u00f6b\u0259sinin icraat\u0131nda olan cinay\u0259t i\u015fi \u00fczr\u0259 t\u0259qsirl\u0259ndiril\u0259n \u015f\u0259xs qismind\u0259 c\u0259lb edil\u0259n Zalov R\u00f6v\u015f\u0259n Azad o\u011flunun \u2013 2017-ci il \u0259rzind\u0259 Bak\u0131 \u015f\u0259h\u0259rind\u0259 \u00f6z\u00fcn\u00fc turizm \u015firk\u0259tinin r\u0259hb\u0259ri kimi t\u0259qdim ed\u0259r\u0259k Almaniya Federativ Respublikas\u0131nda ya\u015fay\u0131b i\u015fl\u0259m\u0259k&hellip;","_links":{"self":[{"href":"https:\/\/arantv.az\/index.php?rest_route=\/wp\/v2\/posts\/311184"}],"collection":[{"href":"https:\/\/arantv.az\/index.php?rest_route=\/wp\/v2\/posts"}],"about":[{"href":"https:\/\/arantv.az\/index.php?rest_route=\/wp\/v2\/types\/post"}],"author":[{"embeddable":true,"href":"https:\/\/arantv.az\/index.php?rest_route=\/wp\/v2\/users\/2"}],"replies":[{"embeddable":true,"href":"https:\/\/arantv.az\/index.php?rest_route=%2Fwp%2Fv2%2Fcomments&post=311184"}],"version-history":[{"count":0,"href":"https:\/\/arantv.az\/index.php?rest_route=\/wp\/v2\/posts\/311184\/revisions"}],"wp:featuredmedia":[{"embeddable":true,"href":"https:\/\/arantv.az\/index.php?rest_route=\/wp\/v2\/media\/311185"}],"wp:attachment":[{"href":"https:\/\/arantv.az\/index.php?rest_route=%2Fwp%2Fv2%2Fmedia&parent=311184"}],"wp:term":[{"taxonomy":"category","embeddable":true,"href":"https:\/\/arantv.az\/index.php?rest_route=%2Fwp%2Fv2%2Fcategories&post=311184"},{"taxonomy":"post_tag","embeddable":true,"href":"https:\/\/arantv.az\/index.php?rest_route=%2Fwp%2Fv2%2Ftags&post=311184"}],"curies":[{"name":"wp","href":"https:\/\/api.w.org\/{rel}","templated":true}]}}