{"id":312539,"date":"2021-03-13T15:45:09","date_gmt":"2021-03-13T12:45:09","guid":{"rendered":"http:\/\/arantv.az\/?p=312539"},"modified":"2021-03-13T15:45:09","modified_gmt":"2021-03-13T12:45:09","slug":"atasina-h%c9%99sr%c9%99t-qaldi-ol%c9%99n%c9%99-q%c9%99d%c9%99r-baki-deyib-agladi-n%c9%99v%c9%99si-iraqda-s%c9%99hid-oldu-kasibliqdan-n%c9%99si-yandirilan-mug%c9%99nnimiz","status":"publish","type":"post","link":"https:\/\/arantv.az\/?p=312539","title":{"rendered":"Atas\u0131na h\u0259sr\u0259t qald\u0131, \u00f6l\u0259n\u0259 q\u0259d\u0259r Bak\u0131 deyib a\u011flad\u0131, n\u0259v\u0259si \u0130raqda \u015f\u0259hid oldu &#8211; Kas\u0131bl\u0131qdan n\u0259\u015fi yand\u0131r\u0131lan m\u00fc\u011f\u0259nnimiz"},"content":{"rendered":"<p><strong>ARANTV.AZ\u00a0 Kulis.az-a istinad\u0259n\u00a0&#8220;G\u00f6r\u00fc\u015f&#8221; filmind\u0259ki Fir\u0259ngiz obraz\u0131 il\u0259 tan\u0131d\u0131\u011f\u0131m\u0131z m\u00fc\u011f\u0259nni, \u018fm\u0259kdar artist Sona Aslanova haqq\u0131nda maraql\u0131 faktlar\u0131 t\u0259qdim edir.<\/strong><\/p>\n<p>Sona \u015eahn\u0259z\u0259r q\u0131z\u0131 Aslanova 1924-c\u00fc il oktyabr\u0131n 4-d\u0259 Bak\u0131 \u015f\u0259h\u0259rind\u0259 ziyal\u0131 ail\u0259sind\u0259 anadan olub. Atas\u0131 \u015eahn\u0259z\u0259r ki\u015fi d\u00f6vr\u00fcn\u00fcn say\u0131l\u0131b se\u00e7il\u0259n, imkanl\u0131 insanlar\u0131ndan biri idi. Qohum-qon\u015fuya t\u0259m\u0259nnas\u0131z \u0259l tutan, tan\u0131d\u0131\u011f\u0131 h\u0259r k\u0259sin xeyir-\u015f\u0259rind\u0259 i\u015ftirak ed\u0259n \u015eahn\u0259z\u0259r ki\u015fi 1934-c\u00fc ild\u0259 bol\u015fevikl\u0259r t\u0259r\u0259find\u0259n h\u0259bs olunur v\u0259 bir d\u0259 he\u00e7 vaxt ail\u0259sini g\u00f6r\u0259 bilmir.<\/p>\n<p>***<\/p>\n<p>Atas\u0131 h\u0259bs olunanda Sonan\u0131n 10 ya\u015f\u0131 olur. Anas\u0131ndan g\u00f6z\u0259llik, m\u0259lah\u0259tli s\u0259s, atas\u0131ndan is\u0259 ciddi xasiyy\u0259t m\u0259nims\u0259y\u0259n Sona h\u0259l\u0259 u\u015faql\u0131q ill\u0259rind\u0259n s\u0259si il\u0259 insanlar\u0131n diqq\u0259tini c\u0259lb edir. \u00dczeyir b\u0259y, bol\u015fevikl\u0259rin t\u0259birinc\u0259, &#8220;t\u0259rc\u00fcmeyi-hal\u0131 l\u0259k\u0259li&#8221; olan bu q\u0131z\u0131 da dig\u0259r ox\u015far taleli t\u0259l\u0259b\u0259l\u0259ri kimi \u00f6z qanad\u0131n\u0131n alt\u0131na al\u0131r, onlar\u0131 repressiyan\u0131n qurban\u0131na \u00e7evrilm\u0259kd\u0259n xilas edir. \u00dczeyir Hac\u0131b\u0259yov onu &#8220;s\u0259si \u00fcr\u0259kl\u0259ri f\u0259th ed\u0259n qad\u0131n&#8221; adland\u0131r\u0131r.<\/p>\n<p><img src=\"https:\/\/scontent.fgyd4-3.fna.fbcdn.net\/v\/t1.15752-9\/154371644_184651856371228_1476026417778053859_n.png?_nc_cat=106&amp;ccb=3&amp;_nc_sid=ae9488&amp;_nc_ohc=i5olilLIEKMAX9GP9dG&amp;_nc_ht=scontent.fgyd4-3.fna&amp;oh=554f7963e8e0b5839d19c70534037c16&amp;oe=605E16CB\" alt=\"No description available.\" \/><\/p>\n<p>Konservatoriyan\u0131 1952-ci ild\u0259 bitir\u0259n Sona xan\u0131m, Opera v\u0259 Balet Teatr\u0131nda \u00e7al\u0131\u015fmaqla yana\u015f\u0131, h\u0259m d\u0259 yenic\u0259 m\u0259zun oldu\u011fu s\u0259n\u0259t oca\u011f\u0131nda opera ifa\u00e7\u0131l\u0131\u011f\u0131 s\u0259n\u0259tind\u0259n d\u0259rs dem\u0259y\u0259 ba\u015flay\u0131r.<\/p>\n<p>***<\/p>\n<p>Sona xan\u0131m 200-d\u0259n \u00e7ox mahn\u0131 ifa edib. &#8220;G\u00f6r\u00fc\u015f&#8221;, &#8220;Anlamaq ist\u0259yir\u0259m&#8221;, &#8220;Bizim C\u0259bi\u015f m\u00fc\u0259llim&#8221;, &#8220;Bizim k\u00fc\u00e7\u0259&#8221;, &#8220;O q\u0131z\u0131 tap\u0131n&#8221;, &#8220;\u00d6mr\u00fcn s\u0259hif\u0259l\u0259ri&#8221;, &#8220;Telefon\u00e7u Q\u0131z&#8221; filml\u0259rin\u0259 \u00e7\u0259kilib. Bir \u00e7ox filml\u0259rd\u0259, el\u0259c\u0259 d\u0259 &#8220;\u018fhm\u0259d haradad\u0131r&#8221; filmind\u0259 Ceyran obraz\u0131n\u0131n partiyalar\u0131n\u0131 Sona Aslanova ifa edib.<\/p>\n<p><img src=\"https:\/\/ww.kulis.az\/upload\/images\/other\/1614241931436_ari0tEKV.jpg\" alt=\"\" \/><\/p>\n<p>Opera s\u0259hn\u0259sind\u0259 is\u0259 &#8220;Ar\u015f\u0131n mal alan&#8221;da G\u00fcl\u00e7\u00f6hr\u0259, &#8220;\u018fsli v\u0259 K\u0259r\u0259m&#8221;d\u0259 \u018fsli, &#8220;Koro\u011flu&#8221;da Nigar obraz\u0131n\u0131 yarad\u0131b.<\/p>\n<p>***<\/p>\n<p>1956-c\u0131 il noyabr\u0131n 6-da \u018fm\u0259kdar artist ad\u0131na layiq g\u00f6r\u00fcl\u00fcb. 1959-cu ild\u0259 is\u0259 &#8220;\u015e\u0259r\u0259f Ni\u015fan\u0131&#8221; ordeni il\u0259 t\u0259ltif olunub. M\u00fc\u011f\u0259nninin Q\u0131z\u0131l Fondda 50-d\u0259k s\u0259s yaz\u0131s\u0131 qorunur.<\/p>\n<p><img src=\"https:\/\/ww.kulis.az\/upload\/images\/other\/1614241956242_4CXpFV4c.jpg\" alt=\"\" \/><\/p>\n<p>Sona Aslanova rejissorlar H\u00fcseyn Seyidzad\u0259 v\u0259 Yan Fridin qurulu\u015f verdiyi, ssenarisini H\u0259s\u0259n Seyidb\u0259ylinin yazd\u0131\u011f\u0131 1954-c\u00fc ild\u0259 ekranla\u015fd\u0131r\u0131lm\u0131\u015f ilk r\u0259ngli s\u0259n\u0259dli-b\u0259dii film, h\u0259m d\u0259 ilk film-konsert &#8220;Do\u011fma xalq\u0131m\u0131za&#8221; filminin &#8220;Koro\u011flu&#8221; b\u00f6l\u00fcm\u00fcnd\u0259 Nigar\u0131 canland\u0131r\u0131b. Bu filmd\u0259ki ifas\u0131 il\u0259 Sona xan\u0131m geni\u015f s\u0259s diapazonuna malik oldu\u011funu s\u00fcbut edib.<\/p>\n<p>***<\/p>\n<p>Aktrisaya \u0259n b\u00f6y\u00fck u\u011furu qazand\u0131ran 1955-ci ild\u0259 ekranla\u015fd\u0131r\u0131lan &#8220;G\u00f6r\u00fc\u015f&#8221; filmind\u0259 pamb\u0131q\u00e7\u0131 Fir\u0259ngiz rolu olub. Manqa ba\u015f\u00e7\u0131s\u0131 Bilqeysin i\u015fl\u0259m\u0259y\u0259n, k\u0259nd avaras\u0131, \u0259rk\u00f6y\u00fcn qarda\u015f\u0131 Kamil\u0259 a\u015fiq olmu\u015f, \u00f6z m\u0259h\u0259bb\u0259tini gizl\u0259m\u0259y\u0259n, Kamilin z\u0259hl\u0259sini t\u00f6k\u0259r\u0259k Fir\u0259ngiz obraz\u0131 film ekranlara \u00e7\u0131xan g\u00fcnd\u0259n tama\u015fa\u00e7\u0131lar\u0131n b\u00f6y\u00fck r\u0259\u011fb\u0259tini qazan\u0131r.<\/p>\n<p><img src=\"https:\/\/ww.kulis.az\/upload\/images\/other\/1614242366902_KtRSlRZC.jpg\" alt=\"\" \/><\/p>\n<p>Sona Aslanova II D\u00fcnya M\u00fcharib\u0259sinin i\u015ftirak\u00e7\u0131s\u0131 olmu\u015f, vaxtil\u0259 Layih\u0259 \u0130nstitutunun direktoru i\u015fl\u0259y\u0259n Kamal adl\u0131 \u015f\u0259xsl\u0259 tan\u0131\u015f olur. Sona xan\u0131m\u0131n s\u0259n\u0259tinin p\u0259r\u0259sti\u015fkar\u0131 olan bu \u015f\u0259xs ma\u015f\u0131n\u0131nda daim sevdiyi qad\u0131n\u0131n ifalar\u0131na qulaq as\u0131rm\u0131\u015f. Bir m\u00fcdd\u0259t sonra onlar ail\u0259 qurur. Bu evlilikd\u0259n Cahangir v\u0259 R\u00fcf\u0259t adl\u0131 o\u011fullar\u0131 d\u00fcnyaya g\u0259lir.<\/p>\n<p>***<\/p>\n<p>1992-ci ild\u0259 Sona xan\u0131m\u0131n o\u011flanlar\u0131ndan biri AB\u015e-a k\u00f6\u00e7\u00fcr. \u00d6vladlar\u0131na h\u0259dsiz ba\u011fl\u0131 olan m\u00fc\u011f\u0259nni d\u0259 o\u011flunun ard\u0131nca dig\u0259r ail\u0259 \u00fczvl\u0259ri il\u0259 birlikd\u0259 Amerikan\u0131n Los-Anceles \u015f\u0259h\u0259rin\u0259 k\u00f6\u00e7\u00fcr. Onun Az\u0259rbaycanla b\u00fct\u00fcn \u0259laq\u0259l\u0259ri el\u0259 o vaxtdan k\u0259silir.<\/p>\n<p>***<\/p>\n<p>\u00d6mr\u00fcn\u00fcn ah\u0131l ya\u015flar\u0131nda Sona Aslanova h\u0259yat yolda\u015f\u0131 il\u0259 birlikd\u0259 ya\u015fl\u0131 insanlar\u0131n ya\u015fad\u0131\u011f\u0131, d\u00f6vl\u0259t t\u0259r\u0259find\u0259n maliyy\u0259l\u0259\u015f\u0259n binaya k\u00f6\u00e7\u00fcb orada ya\u015fama\u011fa ba\u015flay\u0131r. Ya\u015flanan m\u00fc\u011f\u0259nninin \u0259n b\u00f6y\u00fck arzusu Bak\u0131ya g\u0259lm\u0259k v\u0259 X\u0259z\u0259r d\u0259nizinin k\u0259nar\u0131nda tonqal qalamaq olub.<\/p>\n<p><img src=\"https:\/\/ww.kulis.az\/upload\/images\/other\/1614242393116_3pbD5YWU.jpg\" alt=\"\" \/><\/p>\n<p>\u00d6mr\u00fcn\u00fcn sonlar\u0131na yax\u0131n m\u00fc\u011f\u0259nni iflic ke\u00e7irir v\u0259 yataq x\u0259st\u0259sin\u0259 \u00e7evrilir. 9 mart 2011-ci ild\u0259, 87 ya\u015f\u0131nda d\u00fcnyas\u0131n\u0131 d\u0259yi\u015fir. Ail\u0259sinin onun Bak\u0131ya apar\u0131b orada d\u0259fn etm\u0259k imkan\u0131 olmad\u0131\u011f\u0131ndan, Amerikada is\u0259 d\u0259fn \u00fc\u00e7\u00fcn yer almaq 15-20 min dollar oldu\u011fundan Sona Aslanova \u00f6mr\u00fcn\u00fcn sonlar\u0131na yax\u0131n v\u0259siyy\u0259t edir ki, onun meyitini yand\u0131r\u0131b, k\u00fcl\u00fcn\u00fc Sakit okeana s\u0259psinl\u0259r.<\/p>\n<p>***<\/p>\n<p>Lakin yax\u0131nlar\u0131n\u0131n dediyin\u0259 g\u00f6r\u0259, o, bu v\u0259siyy\u0259ti \u00fcr\u0259kd\u0259n etmir. Onlar\u0131 \u0259ziyy\u0259t\u0259 salmamaq \u00fc\u00e7\u00fcn bel\u0259 edir. Az\u0259rbaycan haqq\u0131nda ondan soru\u015fanda is\u0259 &#8220;Bak\u0131 \u00fc\u00e7\u00fcn burnumun ucu g\u00f6yn\u0259yir&#8221; deyib a\u011flay\u0131rm\u0131\u015f.<\/p>\n<p><img src=\"https:\/\/ww.kulis.az\/upload\/images\/other\/1614242430033_R5prD7tN.jpg\" alt=\"\" \/><\/p>\n<p>Deyil\u0259n\u0259 g\u00f6r\u0259, m\u00fc\u011f\u0259nninin n\u0259\u015finin d\u00f6vl\u0259t t\u0259r\u0259find\u0259n Bak\u0131ya g\u0259tirilib d\u0259fn olunaca\u011f\u0131n\u0131 \u00fcmidl\u0259 g\u00f6zl\u0259y\u0259n ail\u0259 c\u0259naz\u0259ni 10 g\u00fcn x\u0259st\u0259xanada saxlatd\u0131r\u0131r. Onlar h\u0259r g\u00fcn x\u0259st\u0259xanaya k\u00fcll\u00fc miqdarda pul \u00f6d\u0259yir. Amma Az\u0259rbaycanda hara m\u00fcraci\u0259t ets\u0259l\u0259r d\u0259, d\u0259fn bar\u0259d\u0259 m\u00fcsb\u0259t cavab ala bilmirl\u0259r. Bel\u0259 olan halda ail\u0259 \u00fczvl\u0259ri Sona Aslanovan\u0131n v\u0259siyy\u0259tin\u0259 \u0259m\u0259l ed\u0259r\u0259k onun meyitini yand\u0131r\u0131b k\u00fcl\u00fcn\u00fc okeana s\u0259pirl\u0259r.<\/p>\n<p>***<\/p>\n<p>Sona Aslanovan\u0131n b\u00f6y\u00fck o\u011flunun iki q\u0131z\u0131 var. Onlar Amerikada ya\u015fay\u0131r v\u0259 orada t\u0259hsil al\u0131rlar. Ki\u00e7ik o\u011flunun \u00f6vlad\u0131 is\u0259 AB\u015e h\u0259rbi hiss\u0259sind\u0259 qulluq edib. O, \u0130raqa g\u00f6nd\u0259rilir v\u0259 orada \u015f\u0259hid olur.<\/p>\n","protected":false},"excerpt":{"rendered":"<p>ARANTV.AZ\u00a0 Kulis.az-a istinad\u0259n\u00a0&#8220;G\u00f6r\u00fc\u015f&#8221; filmind\u0259ki Fir\u0259ngiz obraz\u0131 il\u0259 tan\u0131d\u0131\u011f\u0131m\u0131z m\u00fc\u011f\u0259nni, \u018fm\u0259kdar artist Sona Aslanova haqq\u0131nda maraql\u0131 faktlar\u0131 t\u0259qdim edir. Sona \u015eahn\u0259z\u0259r q\u0131z\u0131 Aslanova 1924-c\u00fc il oktyabr\u0131n 4-d\u0259 Bak\u0131 \u015f\u0259h\u0259rind\u0259 ziyal\u0131 ail\u0259sind\u0259 anadan olub. Atas\u0131 \u015eahn\u0259z\u0259r ki\u015fi d\u00f6vr\u00fcn\u00fcn say\u0131l\u0131b se\u00e7il\u0259n, imkanl\u0131 insanlar\u0131ndan biri idi. Qohum-qon\u015fuya t\u0259m\u0259nnas\u0131z \u0259l tutan, tan\u0131d\u0131\u011f\u0131 h\u0259r k\u0259sin xeyir-\u015f\u0259rind\u0259 i\u015ftirak ed\u0259n \u015eahn\u0259z\u0259r ki\u015fi 1934-c\u00fc ild\u0259 bol\u015fevikl\u0259r t\u0259r\u0259find\u0259n h\u0259bs olunur v\u0259 bir d\u0259 he\u00e7 vaxt ail\u0259sini g\u00f6r\u0259 bilmir. *** Atas\u0131 h\u0259bs olunanda Sonan\u0131n 10 ya\u015f\u0131 olur. Anas\u0131ndan g\u00f6z\u0259llik, m\u0259lah\u0259tli s\u0259s, atas\u0131ndan is\u0259 ciddi xasiyy\u0259t m\u0259nims\u0259y\u0259n Sona h\u0259l\u0259 u\u015faql\u0131q ill\u0259rind\u0259n s\u0259si&hellip;<\/p>\n","protected":false},"author":2,"featured_media":312540,"comment_status":"closed","ping_status":"closed","sticky":false,"template":"","format":"standard","meta":{"om_disable_all_campaigns":false,"_monsterinsights_skip_tracking":false,"_monsterinsights_sitenote_active":false,"_monsterinsights_sitenote_note":"","_monsterinsights_sitenote_category":0},"categories":[24],"tags":[],"aioseo_notices":[],"gutentor_comment":0,"rttpg_featured_image_url":{"full":["https:\/\/arantv.az\/wp-content\/uploads\/2021\/03\/930336.jpg",800,600,false],"landscape":["https:\/\/arantv.az\/wp-content\/uploads\/2021\/03\/930336.jpg",800,600,false],"portraits":["https:\/\/arantv.az\/wp-content\/uploads\/2021\/03\/930336.jpg",800,600,false],"thumbnail":["https:\/\/arantv.az\/wp-content\/uploads\/2021\/03\/930336-150x150.jpg",150,150,true],"medium":["https:\/\/arantv.az\/wp-content\/uploads\/2021\/03\/930336-300x225.jpg",300,225,true],"large":["https:\/\/arantv.az\/wp-content\/uploads\/2021\/03\/930336.jpg",640,480,false],"1536x1536":["https:\/\/arantv.az\/wp-content\/uploads\/2021\/03\/930336.jpg",800,600,false],"2048x2048":["https:\/\/arantv.az\/wp-content\/uploads\/2021\/03\/930336.jpg",800,600,false],"post-thumbnail":["https:\/\/arantv.az\/wp-content\/uploads\/2021\/03\/930336-240x172.jpg",240,172,true],"advps-thumb-one":["https:\/\/arantv.az\/wp-content\/uploads\/2021\/03\/930336.jpg",800,600,false]},"rttpg_author":{"display_name":"V\u00fcsal Rafiqo\u011flu","author_link":"https:\/\/arantv.az\/?author=2"},"rttpg_comment":0,"rttpg_category":"<a href=\"https:\/\/arantv.az\/?cat=24\" rel=\"category\">Maraql\u0131<\/a>","rttpg_excerpt":"ARANTV.AZ\u00a0 Kulis.az-a istinad\u0259n\u00a0&#8220;G\u00f6r\u00fc\u015f&#8221; filmind\u0259ki Fir\u0259ngiz obraz\u0131 il\u0259 tan\u0131d\u0131\u011f\u0131m\u0131z m\u00fc\u011f\u0259nni, \u018fm\u0259kdar artist Sona Aslanova haqq\u0131nda maraql\u0131 faktlar\u0131 t\u0259qdim edir. Sona \u015eahn\u0259z\u0259r q\u0131z\u0131 Aslanova 1924-c\u00fc il oktyabr\u0131n 4-d\u0259 Bak\u0131 \u015f\u0259h\u0259rind\u0259 ziyal\u0131 ail\u0259sind\u0259 anadan olub. Atas\u0131 \u015eahn\u0259z\u0259r ki\u015fi d\u00f6vr\u00fcn\u00fcn say\u0131l\u0131b se\u00e7il\u0259n, imkanl\u0131 insanlar\u0131ndan biri idi. Qohum-qon\u015fuya t\u0259m\u0259nnas\u0131z \u0259l tutan, tan\u0131d\u0131\u011f\u0131 h\u0259r k\u0259sin xeyir-\u015f\u0259rind\u0259 i\u015ftirak ed\u0259n \u015eahn\u0259z\u0259r ki\u015fi 1934-c\u00fc&hellip;","_links":{"self":[{"href":"https:\/\/arantv.az\/index.php?rest_route=\/wp\/v2\/posts\/312539"}],"collection":[{"href":"https:\/\/arantv.az\/index.php?rest_route=\/wp\/v2\/posts"}],"about":[{"href":"https:\/\/arantv.az\/index.php?rest_route=\/wp\/v2\/types\/post"}],"author":[{"embeddable":true,"href":"https:\/\/arantv.az\/index.php?rest_route=\/wp\/v2\/users\/2"}],"replies":[{"embeddable":true,"href":"https:\/\/arantv.az\/index.php?rest_route=%2Fwp%2Fv2%2Fcomments&post=312539"}],"version-history":[{"count":0,"href":"https:\/\/arantv.az\/index.php?rest_route=\/wp\/v2\/posts\/312539\/revisions"}],"wp:featuredmedia":[{"embeddable":true,"href":"https:\/\/arantv.az\/index.php?rest_route=\/wp\/v2\/media\/312540"}],"wp:attachment":[{"href":"https:\/\/arantv.az\/index.php?rest_route=%2Fwp%2Fv2%2Fmedia&parent=312539"}],"wp:term":[{"taxonomy":"category","embeddable":true,"href":"https:\/\/arantv.az\/index.php?rest_route=%2Fwp%2Fv2%2Fcategories&post=312539"},{"taxonomy":"post_tag","embeddable":true,"href":"https:\/\/arantv.az\/index.php?rest_route=%2Fwp%2Fv2%2Ftags&post=312539"}],"curies":[{"name":"wp","href":"https:\/\/api.w.org\/{rel}","templated":true}]}}