{"id":312547,"date":"2021-03-13T15:51:53","date_gmt":"2021-03-13T12:51:53","guid":{"rendered":"http:\/\/arantv.az\/?p=312547"},"modified":"2021-03-13T15:51:53","modified_gmt":"2021-03-13T12:51:53","slug":"turkiy%c9%99d%c9%99-reabilitasiya-kec%c9%99n-qazil%c9%99rimizd%c9%99n-x%c9%99b%c9%99r-var-foto","status":"publish","type":"post","link":"https:\/\/arantv.az\/?p=312547","title":{"rendered":"T\u00fcrkiy\u0259d\u0259 reabilitasiya ke\u00e7\u0259n qazil\u0259rimizd\u0259n x\u0259b\u0259r var &#8211; FOTO"},"content":{"rendered":"<p>44 g\u00fcnl\u00fck V\u0259t\u0259n m\u00fcharib\u0259sinin qazil\u0259ri T\u00fcrkiy\u0259nin Bursa \u015f\u0259h\u0259rind\u0259 m\u00fcalic\u0259l\u0259rini davam edirl\u0259r.<\/p>\n<p>\u201cAnadolu\u201d agentliyi x\u0259b\u0259r verir ki, \u00e7avu\u015f\u00a0\u0130r\u015fan Xan\u0259liyev v\u0259 R\u00f6yal K\u0259rimov YA\u015eAT fondunun d\u0259st\u0259yi il\u0259 fizioterapiya v\u0259 reabilitasiya prosesi ke\u00e7irl\u0259r.<\/p>\n<p>31 ya\u015fl\u0131 \u0130r\u015fan Xan\u0259liyev deyib ki, erm\u0259nil\u0259rin atd\u0131\u011f\u0131 m\u0259rminin partlamas\u0131 n\u0259tic\u0259sind\u0259 yaralan\u0131b. Q\u0259lp\u0259 q\u0259hr\u0259man\u0131n onur\u011fas\u0131n\u0131 z\u0259d\u0259l\u0259yib:<\/p>\n<div id=\"AdviadNativeVideo0\" class=\"AdviadNativeVideo\"><\/div>\n<p>\u201cPartlay\u0131\u015fdan sonra ayaqlar\u0131m\u0131 hiss etm\u0259dim. Dostlar\u0131m\u00a0m\u0259ni c\u0259bh\u0259d\u0259n x\u0259st\u0259xanaya apard\u0131lar. Az\u0259rbaycanda d\u00f6rd ay h\u0259kiml\u0259rin n\u0259zar\u0259ti alt\u0131nda oldum v\u0259 sonra qarda\u015f T\u00fcrkiy\u0259y\u0259 g\u0259tirildim\u201d.<\/p>\n<p><img src=\"https:\/\/cdn.oxu.az\/uploads\/W1siZiIsIjIwMjEvMDMvMTMvMTYvMzEvMjEvMmYzNTI0NjItYWJhZi00MGRmLWIwMjYtZjI4MjUwOTdiYzg3L05ldyBmb2xkZXIgKDEwMCk3OF9OZXcgZm9sZGVyNDU2XzIwMjEwMzEzXzJfNDczMTI0NjRfNjMzMzM0MzkuanBnIl0sWyJwIiwiZW5jb2RlIiwianBnIiwiLXF1YWxpdHkgODAiXSxbInAiLCJ0aHVtYiIsIjU5MHg1OTBcdTAwM2UiXV0?sha=bfb04b8b7b7ba0c0\" alt=\"\" \/><\/p>\n<p>Xan\u0259liyev d\u0259st\u0259k v\u0259 k\u00f6m\u0259y\u0259 g\u00f6r\u0259 T\u00fcrkiy\u0259y\u0259 t\u0259\u015f\u0259kk\u00fcr edib:<\/p>\n<p>\u201c\u00c7ox sa\u011f olun. T\u00fcrkiy\u0259 qarda\u015f \u00f6lk\u0259dir. \u0130ki d\u00f6vl\u0259t &#8211; bir mill\u0259tik\u201d.<\/p>\n<p>\u0130yirmi ya\u015fl\u0131 \u00e7avu\u015f R\u00f6yal K\u0259rimov m\u00fcharib\u0259y\u0259 atas\u0131 v\u0259 qarda\u015f\u0131 il\u0259 b\u0259rab\u0259r qat\u0131l\u0131b.<\/p>\n<p><img src=\"https:\/\/cdn.oxu.az\/uploads\/W1siZiIsIjIwMjEvMDMvMTMvMTYvMzEvMjEvZDlmZDdmMGYtOGE0ZC00MGFlLWI5N2YtNmM0NDRjNDEzNzhjL05ldyBmb2xkZXIgKDEwMCk3OF9OZXcgZm9sZGVyNDU2XzIwMjEwMzEzXzJfNDczMTI0NjRfNjMzMzM0NDAuanBnIl0sWyJwIiwiZW5jb2RlIiwianBnIiwiLXF1YWxpdHkgODAiXSxbInAiLCJ0aHVtYiIsIjU5MHg1OTBcdTAwM2UiXV0?sha=75749c685ce5ffd3\" alt=\"\" \/><\/p>\n<p>K\u0259rimov deyib ki, h\u00fccum \u0259m\u0259liyyatlar\u0131n\u0131n birind\u0259 o m\u00fchasir\u0259y\u0259 d\u00fc\u015f\u00fcb, silahda\u015flar\u0131 onun g\u00f6zl\u0259rinin \u00f6n\u00fcnd\u0259 \u00f6ld\u00fcr\u00fcl\u00fcb. G\u00fcll\u0259 yaras\u0131 ald\u0131qdan sonra aya\u011f\u0131nda hissiyyat it\u0259n \u0259sg\u0259rimiz \u0259m\u0259liyyat olunub:<\/p>\n<p>\u201cDan\u0131\u015fa da bilmirdim, sad\u0259c\u0259 ba\u015f\u0131m\u0131 t\u0259rp\u0259dirdim. \u0130ndi daha yax\u015f\u0131yam. Bursada \u00f6z\u00fcm\u00fcz\u00fc q\u0259riblikd\u0259 hiss etmirik\u201d.<\/p>\n<p>H\u0259kiml\u0259r bildiribl\u0259r ki, h\u0259rb\u00e7il\u0259rimizin tam sa\u011falmas\u0131 \u00fc\u00e7\u00fcn uzun m\u00fcdd\u0259tli m\u00fcalic\u0259 t\u0259l\u0259b olunur.<\/p>\n","protected":false},"excerpt":{"rendered":"<p>44 g\u00fcnl\u00fck V\u0259t\u0259n m\u00fcharib\u0259sinin qazil\u0259ri T\u00fcrkiy\u0259nin Bursa \u015f\u0259h\u0259rind\u0259 m\u00fcalic\u0259l\u0259rini davam edirl\u0259r. \u201cAnadolu\u201d agentliyi x\u0259b\u0259r verir ki, \u00e7avu\u015f\u00a0\u0130r\u015fan Xan\u0259liyev v\u0259 R\u00f6yal K\u0259rimov YA\u015eAT fondunun d\u0259st\u0259yi il\u0259 fizioterapiya v\u0259 reabilitasiya prosesi ke\u00e7irl\u0259r. 31 ya\u015fl\u0131 \u0130r\u015fan Xan\u0259liyev deyib ki, erm\u0259nil\u0259rin atd\u0131\u011f\u0131 m\u0259rminin partlamas\u0131 n\u0259tic\u0259sind\u0259 yaralan\u0131b. Q\u0259lp\u0259 q\u0259hr\u0259man\u0131n onur\u011fas\u0131n\u0131 z\u0259d\u0259l\u0259yib: \u201cPartlay\u0131\u015fdan sonra ayaqlar\u0131m\u0131 hiss etm\u0259dim. Dostlar\u0131m\u00a0m\u0259ni c\u0259bh\u0259d\u0259n x\u0259st\u0259xanaya apard\u0131lar. Az\u0259rbaycanda d\u00f6rd ay h\u0259kiml\u0259rin n\u0259zar\u0259ti alt\u0131nda oldum v\u0259 sonra qarda\u015f T\u00fcrkiy\u0259y\u0259 g\u0259tirildim\u201d. Xan\u0259liyev d\u0259st\u0259k v\u0259 k\u00f6m\u0259y\u0259 g\u00f6r\u0259 T\u00fcrkiy\u0259y\u0259 t\u0259\u015f\u0259kk\u00fcr edib: \u201c\u00c7ox sa\u011f olun. T\u00fcrkiy\u0259 qarda\u015f \u00f6lk\u0259dir. \u0130ki d\u00f6vl\u0259t &#8211; bir mill\u0259tik\u201d. \u0130yirmi ya\u015fl\u0131 \u00e7avu\u015f R\u00f6yal&hellip;<\/p>\n","protected":false},"author":2,"featured_media":312548,"comment_status":"closed","ping_status":"closed","sticky":false,"template":"","format":"standard","meta":{"om_disable_all_campaigns":false,"_monsterinsights_skip_tracking":false,"_monsterinsights_sitenote_active":false,"_monsterinsights_sitenote_note":"","_monsterinsights_sitenote_category":0},"categories":[26],"tags":[],"aioseo_notices":[],"gutentor_comment":0,"rttpg_featured_image_url":{"full":["https:\/\/arantv.az\/wp-content\/uploads\/2021\/03\/thumbs_b_c_e858841671b2cd263757406186bc7ed0.jpg",620,349,false],"landscape":["https:\/\/arantv.az\/wp-content\/uploads\/2021\/03\/thumbs_b_c_e858841671b2cd263757406186bc7ed0.jpg",620,349,false],"portraits":["https:\/\/arantv.az\/wp-content\/uploads\/2021\/03\/thumbs_b_c_e858841671b2cd263757406186bc7ed0.jpg",620,349,false],"thumbnail":["https:\/\/arantv.az\/wp-content\/uploads\/2021\/03\/thumbs_b_c_e858841671b2cd263757406186bc7ed0-150x150.jpg",150,150,true],"medium":["https:\/\/arantv.az\/wp-content\/uploads\/2021\/03\/thumbs_b_c_e858841671b2cd263757406186bc7ed0-300x169.jpg",300,169,true],"large":["https:\/\/arantv.az\/wp-content\/uploads\/2021\/03\/thumbs_b_c_e858841671b2cd263757406186bc7ed0.jpg",620,349,false],"1536x1536":["https:\/\/arantv.az\/wp-content\/uploads\/2021\/03\/thumbs_b_c_e858841671b2cd263757406186bc7ed0.jpg",620,349,false],"2048x2048":["https:\/\/arantv.az\/wp-content\/uploads\/2021\/03\/thumbs_b_c_e858841671b2cd263757406186bc7ed0.jpg",620,349,false],"post-thumbnail":["https:\/\/arantv.az\/wp-content\/uploads\/2021\/03\/thumbs_b_c_e858841671b2cd263757406186bc7ed0-240x172.jpg",240,172,true],"advps-thumb-one":["https:\/\/arantv.az\/wp-content\/uploads\/2021\/03\/thumbs_b_c_e858841671b2cd263757406186bc7ed0.jpg",620,349,false]},"rttpg_author":{"display_name":"V\u00fcsal Rafiqo\u011flu","author_link":"https:\/\/arantv.az\/?author=2"},"rttpg_comment":0,"rttpg_category":"<a href=\"https:\/\/arantv.az\/?cat=26\" rel=\"category\">Sosial<\/a>","rttpg_excerpt":"44 g\u00fcnl\u00fck V\u0259t\u0259n m\u00fcharib\u0259sinin qazil\u0259ri T\u00fcrkiy\u0259nin Bursa \u015f\u0259h\u0259rind\u0259 m\u00fcalic\u0259l\u0259rini davam edirl\u0259r. \u201cAnadolu\u201d agentliyi x\u0259b\u0259r verir ki, \u00e7avu\u015f\u00a0\u0130r\u015fan Xan\u0259liyev v\u0259 R\u00f6yal K\u0259rimov YA\u015eAT fondunun d\u0259st\u0259yi il\u0259 fizioterapiya v\u0259 reabilitasiya prosesi ke\u00e7irl\u0259r. 31 ya\u015fl\u0131 \u0130r\u015fan Xan\u0259liyev deyib ki, erm\u0259nil\u0259rin atd\u0131\u011f\u0131 m\u0259rminin partlamas\u0131 n\u0259tic\u0259sind\u0259 yaralan\u0131b. Q\u0259lp\u0259 q\u0259hr\u0259man\u0131n onur\u011fas\u0131n\u0131 z\u0259d\u0259l\u0259yib: \u201cPartlay\u0131\u015fdan sonra ayaqlar\u0131m\u0131 hiss etm\u0259dim. Dostlar\u0131m\u00a0m\u0259ni c\u0259bh\u0259d\u0259n x\u0259st\u0259xanaya apard\u0131lar.&hellip;","_links":{"self":[{"href":"https:\/\/arantv.az\/index.php?rest_route=\/wp\/v2\/posts\/312547"}],"collection":[{"href":"https:\/\/arantv.az\/index.php?rest_route=\/wp\/v2\/posts"}],"about":[{"href":"https:\/\/arantv.az\/index.php?rest_route=\/wp\/v2\/types\/post"}],"author":[{"embeddable":true,"href":"https:\/\/arantv.az\/index.php?rest_route=\/wp\/v2\/users\/2"}],"replies":[{"embeddable":true,"href":"https:\/\/arantv.az\/index.php?rest_route=%2Fwp%2Fv2%2Fcomments&post=312547"}],"version-history":[{"count":0,"href":"https:\/\/arantv.az\/index.php?rest_route=\/wp\/v2\/posts\/312547\/revisions"}],"wp:featuredmedia":[{"embeddable":true,"href":"https:\/\/arantv.az\/index.php?rest_route=\/wp\/v2\/media\/312548"}],"wp:attachment":[{"href":"https:\/\/arantv.az\/index.php?rest_route=%2Fwp%2Fv2%2Fmedia&parent=312547"}],"wp:term":[{"taxonomy":"category","embeddable":true,"href":"https:\/\/arantv.az\/index.php?rest_route=%2Fwp%2Fv2%2Fcategories&post=312547"},{"taxonomy":"post_tag","embeddable":true,"href":"https:\/\/arantv.az\/index.php?rest_route=%2Fwp%2Fv2%2Ftags&post=312547"}],"curies":[{"name":"wp","href":"https:\/\/api.w.org\/{rel}","templated":true}]}}