{"id":312562,"date":"2021-03-13T17:34:12","date_gmt":"2021-03-13T14:34:12","guid":{"rendered":"http:\/\/arantv.az\/?p=312562"},"modified":"2021-03-13T17:34:12","modified_gmt":"2021-03-13T14:34:12","slug":"hulusi-akar-az%c9%99rbaycanin-haqli-mubariz%c9%99sind%c9%99-yanindayiq-video","status":"publish","type":"post","link":"https:\/\/arantv.az\/?p=312562","title":{"rendered":"Hulusi Akar: \u201cAz\u0259rbaycan\u0131n haql\u0131 m\u00fcbariz\u0259sind\u0259 yan\u0131nday\u0131q\u201d &#8211; V\u0130DEO"},"content":{"rendered":"<article class=\"news\">\n<div class=\"news-inner\">\n<p>T\u00fcrkiy\u0259 Milli M\u00fcdafi\u0259 naziri Hulusi Akar C\u00fcmhuriyy\u0259tin qurucusu Mustafa Kamal Atat\u00fcrk\u00fcn Quru Q\u00fcvv\u0259l\u0259ri H\u0259rb M\u0259kt\u0259bin\u0259 giri\u015finin 122-ci ili m\u0259rasimind\u0259 i\u015ftirak edib.<\/p>\n<p>Bu bar\u0259d\u0259 nazirliyin r\u0259smi s\u0259hif\u0259sind\u0259 qeyd edilir.<\/p>\n<p>M\u0259rasimd\u0259 \u00e7\u0131x\u0131\u015f ed\u0259n Akar bildirib ki, T\u00fcrkiy\u0259 Silahl\u0131 Q\u00fcvv\u0259l\u0259ri qarda\u015f \u00f6lk\u0259l\u0259r\u0259 d\u0259st\u0259yini \u0259sirg\u0259m\u0259yib:<\/p>\n<div id=\"AdviadNativeVideo0\" class=\"AdviadNativeVideo\"><\/div>\n<p>\u201cT\u00fcrkiy\u0259 Silahl\u0131 Q\u00fcvv\u0259l\u0259ri \u00f6lk\u0259mizin v\u0259 n\u0259cib mill\u0259timizin h\u00fcquqlar\u0131n\u0131,\u00a0o c\u00fcml\u0259d\u0259n dig\u0259r dost v\u0259 qarda\u015f \u00f6lk\u0259l\u0259rin m\u0259nafel\u0259rini qorumaqla yana\u015f\u0131\u00a0Az\u0259rbaycan\u0131n haql\u0131 m\u00fcbariz\u0259sind\u0259 yan\u0131nda olub\u201d.<\/p>\n<p>Akar m\u0259kt\u0259bd\u0259 t\u0259hsil alan t\u0259l\u0259b\u0259l\u0259r\u0259 xitab\u0259n deyib ki, bu m\u00fcbariz\u0259l\u0259r davam ed\u0259c\u0259k v\u0259 onu siz\u00a0davam etdir\u0259c\u0259ksiniz:<\/p>\n<p>\u201c\u00d6lk\u0259miz, mill\u0259timiz, Silahl\u0131 Q\u00fcvv\u0259l\u0259rimiz sizd\u0259n xidm\u0259t g\u00f6zl\u0259yir. Bu ciddiyy\u0259t v\u0259 s\u0259mimiyy\u0259tl\u0259 f\u0259aliyy\u0259tinizin davam\u0131n\u0131 dil\u0259yir\u0259m\u201d.<\/p>\n<div>\n<div class=\"twitter-tweet twitter-tweet-rendered\"><iframe id=\"twitter-widget-0\" class=\"\" title=\"Twitter Tweet\" src=\"https:\/\/platform.twitter.com\/embed\/Tweet.html?creatorScreenName=oxuaz&amp;dnt=false&amp;embedId=twitter-widget-0&amp;frame=false&amp;hideCard=false&amp;hideThread=false&amp;id=1370685805908361220&amp;lang=en&amp;origin=https%3A%2F%2Foxu.az%2Fpolitics%2F475693&amp;siteScreenName=oxuaz&amp;theme=light&amp;widgetsVersion=e1ffbdb%3A1614796141937&amp;width=550px\" frameborder=\"0\" scrolling=\"no\" allowfullscreen=\"allowfullscreen\" data-tweet-id=\"1370685805908361220\" data-mce-fragment=\"1\"><\/iframe><\/div>\n<\/div>\n<div>\n<div class=\"twitter-tweet twitter-tweet-rendered\"><iframe id=\"twitter-widget-1\" class=\"\" title=\"Twitter Tweet\" src=\"https:\/\/platform.twitter.com\/embed\/Tweet.html?creatorScreenName=oxuaz&amp;dnt=false&amp;embedId=twitter-widget-1&amp;frame=false&amp;hideCard=false&amp;hideThread=false&amp;id=1370688185836175361&amp;lang=en&amp;origin=https%3A%2F%2Foxu.az%2Fpolitics%2F475693&amp;siteScreenName=oxuaz&amp;theme=light&amp;widgetsVersion=e1ffbdb%3A1614796141937&amp;width=550px\" frameborder=\"0\" scrolling=\"no\" allowfullscreen=\"allowfullscreen\" data-tweet-id=\"1370688185836175361\" data-mce-fragment=\"1\"><\/iframe><\/div>\n<\/div>\n<\/div>\n<\/article>\n","protected":false},"excerpt":{"rendered":"<p>T\u00fcrkiy\u0259 Milli M\u00fcdafi\u0259 naziri Hulusi Akar C\u00fcmhuriyy\u0259tin qurucusu Mustafa Kamal Atat\u00fcrk\u00fcn Quru Q\u00fcvv\u0259l\u0259ri H\u0259rb M\u0259kt\u0259bin\u0259 giri\u015finin 122-ci ili m\u0259rasimind\u0259 i\u015ftirak edib. Bu bar\u0259d\u0259 nazirliyin r\u0259smi s\u0259hif\u0259sind\u0259 qeyd edilir. M\u0259rasimd\u0259 \u00e7\u0131x\u0131\u015f ed\u0259n Akar bildirib ki, T\u00fcrkiy\u0259 Silahl\u0131 Q\u00fcvv\u0259l\u0259ri qarda\u015f \u00f6lk\u0259l\u0259r\u0259 d\u0259st\u0259yini \u0259sirg\u0259m\u0259yib: \u201cT\u00fcrkiy\u0259 Silahl\u0131 Q\u00fcvv\u0259l\u0259ri \u00f6lk\u0259mizin v\u0259 n\u0259cib mill\u0259timizin h\u00fcquqlar\u0131n\u0131,\u00a0o c\u00fcml\u0259d\u0259n dig\u0259r dost v\u0259 qarda\u015f \u00f6lk\u0259l\u0259rin m\u0259nafel\u0259rini qorumaqla yana\u015f\u0131\u00a0Az\u0259rbaycan\u0131n haql\u0131 m\u00fcbariz\u0259sind\u0259 yan\u0131nda olub\u201d. Akar m\u0259kt\u0259bd\u0259 t\u0259hsil alan t\u0259l\u0259b\u0259l\u0259r\u0259 xitab\u0259n deyib ki, bu m\u00fcbariz\u0259l\u0259r davam ed\u0259c\u0259k v\u0259 onu siz\u00a0davam etdir\u0259c\u0259ksiniz: \u201c\u00d6lk\u0259miz, mill\u0259timiz, Silahl\u0131 Q\u00fcvv\u0259l\u0259rimiz sizd\u0259n xidm\u0259t g\u00f6zl\u0259yir. Bu ciddiyy\u0259t v\u0259 s\u0259mimiyy\u0259tl\u0259 f\u0259aliyy\u0259tinizin&hellip;<\/p>\n","protected":false},"author":2,"featured_media":312563,"comment_status":"closed","ping_status":"closed","sticky":false,"template":"","format":"standard","meta":{"om_disable_all_campaigns":false,"_monsterinsights_skip_tracking":false,"_monsterinsights_sitenote_active":false,"_monsterinsights_sitenote_note":"","_monsterinsights_sitenote_category":0},"categories":[4],"tags":[],"aioseo_notices":[],"gutentor_comment":0,"rttpg_featured_image_url":{"full":["https:\/\/arantv.az\/wp-content\/uploads\/2021\/03\/EwWiQwCWYAEfrx2.jpg",620,400,false],"landscape":["https:\/\/arantv.az\/wp-content\/uploads\/2021\/03\/EwWiQwCWYAEfrx2.jpg",620,400,false],"portraits":["https:\/\/arantv.az\/wp-content\/uploads\/2021\/03\/EwWiQwCWYAEfrx2.jpg",620,400,false],"thumbnail":["https:\/\/arantv.az\/wp-content\/uploads\/2021\/03\/EwWiQwCWYAEfrx2-150x150.jpg",150,150,true],"medium":["https:\/\/arantv.az\/wp-content\/uploads\/2021\/03\/EwWiQwCWYAEfrx2-300x194.jpg",300,194,true],"large":["https:\/\/arantv.az\/wp-content\/uploads\/2021\/03\/EwWiQwCWYAEfrx2.jpg",620,400,false],"1536x1536":["https:\/\/arantv.az\/wp-content\/uploads\/2021\/03\/EwWiQwCWYAEfrx2.jpg",620,400,false],"2048x2048":["https:\/\/arantv.az\/wp-content\/uploads\/2021\/03\/EwWiQwCWYAEfrx2.jpg",620,400,false],"post-thumbnail":["https:\/\/arantv.az\/wp-content\/uploads\/2021\/03\/EwWiQwCWYAEfrx2-240x172.jpg",240,172,true],"advps-thumb-one":["https:\/\/arantv.az\/wp-content\/uploads\/2021\/03\/EwWiQwCWYAEfrx2.jpg",620,400,false]},"rttpg_author":{"display_name":"V\u00fcsal Rafiqo\u011flu","author_link":"https:\/\/arantv.az\/?author=2"},"rttpg_comment":0,"rttpg_category":"<a href=\"https:\/\/arantv.az\/?cat=4\" rel=\"category\">Siyas\u0259t<\/a>","rttpg_excerpt":"T\u00fcrkiy\u0259 Milli M\u00fcdafi\u0259 naziri Hulusi Akar C\u00fcmhuriyy\u0259tin qurucusu Mustafa Kamal Atat\u00fcrk\u00fcn Quru Q\u00fcvv\u0259l\u0259ri H\u0259rb M\u0259kt\u0259bin\u0259 giri\u015finin 122-ci ili m\u0259rasimind\u0259 i\u015ftirak edib. Bu bar\u0259d\u0259 nazirliyin r\u0259smi s\u0259hif\u0259sind\u0259 qeyd edilir. M\u0259rasimd\u0259 \u00e7\u0131x\u0131\u015f ed\u0259n Akar bildirib ki, T\u00fcrkiy\u0259 Silahl\u0131 Q\u00fcvv\u0259l\u0259ri qarda\u015f \u00f6lk\u0259l\u0259r\u0259 d\u0259st\u0259yini \u0259sirg\u0259m\u0259yib: \u201cT\u00fcrkiy\u0259 Silahl\u0131 Q\u00fcvv\u0259l\u0259ri \u00f6lk\u0259mizin v\u0259 n\u0259cib mill\u0259timizin h\u00fcquqlar\u0131n\u0131,\u00a0o c\u00fcml\u0259d\u0259n dig\u0259r dost v\u0259 qarda\u015f \u00f6lk\u0259l\u0259rin&hellip;","_links":{"self":[{"href":"https:\/\/arantv.az\/index.php?rest_route=\/wp\/v2\/posts\/312562"}],"collection":[{"href":"https:\/\/arantv.az\/index.php?rest_route=\/wp\/v2\/posts"}],"about":[{"href":"https:\/\/arantv.az\/index.php?rest_route=\/wp\/v2\/types\/post"}],"author":[{"embeddable":true,"href":"https:\/\/arantv.az\/index.php?rest_route=\/wp\/v2\/users\/2"}],"replies":[{"embeddable":true,"href":"https:\/\/arantv.az\/index.php?rest_route=%2Fwp%2Fv2%2Fcomments&post=312562"}],"version-history":[{"count":0,"href":"https:\/\/arantv.az\/index.php?rest_route=\/wp\/v2\/posts\/312562\/revisions"}],"wp:featuredmedia":[{"embeddable":true,"href":"https:\/\/arantv.az\/index.php?rest_route=\/wp\/v2\/media\/312563"}],"wp:attachment":[{"href":"https:\/\/arantv.az\/index.php?rest_route=%2Fwp%2Fv2%2Fmedia&parent=312562"}],"wp:term":[{"taxonomy":"category","embeddable":true,"href":"https:\/\/arantv.az\/index.php?rest_route=%2Fwp%2Fv2%2Fcategories&post=312562"},{"taxonomy":"post_tag","embeddable":true,"href":"https:\/\/arantv.az\/index.php?rest_route=%2Fwp%2Fv2%2Ftags&post=312562"}],"curies":[{"name":"wp","href":"https:\/\/api.w.org\/{rel}","templated":true}]}}