{"id":312639,"date":"2021-03-13T19:52:18","date_gmt":"2021-03-13T16:52:18","guid":{"rendered":"http:\/\/arantv.az\/?p=312639"},"modified":"2021-03-13T20:20:03","modified_gmt":"2021-03-13T17:20:03","slug":"yeni-az%c9%99rbaycan-partiyasi-q%c9%99l%c9%99b%c9%99l%c9%99r-partiyasidir","status":"publish","type":"post","link":"https:\/\/arantv.az\/?p=312639","title":{"rendered":"Yeni Az\u0259rbaycan Partiyas\u0131 q\u0259l\u0259b\u0259l\u0259r partiyas\u0131d\u0131r."},"content":{"rendered":"<figure><img src=\"http:\/\/yap.org.az\/thumb.php?src=http:\/\/yap.org.az\/upload\/images\/22f10eced8fbfedafc5922d891cb89a4.jpg&#038;w=360\" alt=\"\" width=\"360\" \/><\/figure>\n<p><em><strong>F\u0259q\u0259t \u015eADL\u0130NSKAYA<\/strong><\/em><\/p>\n<p><em><strong>YAP B\u0259rd\u0259 rayon t\u0259\u015fkilat\u0131n\u0131n s\u0259dri<\/strong><\/em><\/p>\n<p>Mart\u0131n 5-d\u0259 ke\u00e7irilmi\u015f Yeni Az\u0259rbaycan Partiyas\u0131n\u0131n VII Qururltay\u0131nda partiyam\u0131z\u0131n S\u0259dri, Prezidentimiz \u00a0c\u0259nab \u0130lham \u018fliyevin \u00e7\u0131x\u0131\u015f\u0131 h\u0259m partiya, h\u0259m d\u0259 d\u00f6vl\u0259t\u00e7ilik tarixi \u00fc\u00e7\u00fcn \u00e7\u00f6x b\u00f6y\u00fck v\u0259 \u00f6n\u0259mli \u0259h\u0259miyy\u0259t k\u0259sb edir. M\u00f6ht\u0259r\u0259m Prezidentimiz c\u0259nab \u0130lham \u018fliyevin parlaq nitqind\u0259 Yeni Az\u0259rbaycan Partiyas\u0131n\u0131n yarad\u0131lmas\u0131n\u0131 z\u0259ruri ed\u0259n s\u0259b\u0259bl\u0259r, o d\u00f6vr \u00f6lk\u0259d\u0259ki v\u0259ziyy\u0259tin xarakteristikas\u0131 v\u0259 d\u00f6vl\u0259t\u00e7iliyimizin m\u00f6hk\u0259ml\u0259ndirilm\u0259si prosesind\u0259 bu partiyan\u0131n apar\u0131c\u0131l\u0131q m\u00f6vqeyinin \u0259h\u0259miyy\u0259tli t\u0259hlili, \u00f6t\u0259n qurultaydan ke\u00e7\u0259n d\u00f6vr \u0259rzind\u0259 \u0259ld\u0259 edilmi\u015f m\u00f6ht\u0259\u015f\u0259m q\u0259l\u0259b\u0259 v\u0259 u\u011furlar\u0131n mexanizmi v\u0259 dinamikas\u0131 m\u00fch\u00fcm yer tutdu. Bir daha bildirildi ki, Ulu \u00f6nd\u0259r Heyd\u0259r \u018fliyevin parlaq siyasi z\u0259kas\u0131 v\u0259 m\u00fcdrik siyas\u0259ti, YAP-\u0131n f\u0259aliyy\u0259ti, m\u0259qs\u0259d v\u0259 m\u0259ram\u0131, onun xalq\u0131n inam\u0131n\u0131 qazanmas\u0131 i\u015fi Az\u0259rbaycan\u0131n m\u00fcasir d\u00fcnyada x\u00fcsusi yerini m\u00fc\u0259yy\u0259n etdi, milli d\u00f6vl\u0259t\u00e7iliyimizin b\u00fcn\u00f6vr\u0259sini t\u0259\u015fkil etdi, ona m\u00f6hk\u0259m z\u0259min yaratd\u0131, yeni Az\u0259rbaycan\u0131, onun bug\u00fcnk\u00fc ger\u00e7\u0259klikl\u0259rini m\u00fc\u0259yy\u0259nl\u0259\u015fdirdi v\u0259 g\u0259l\u0259c\u0259y\u0259 aparan yollar\u0131n uzunm\u00fcdd\u0259tli plan\u0131n\u0131 verdi. \u00d6lk\u0259miz dem\u0259k olar ki, h\u0259r g\u00fcn bir qalibiyy\u0259tl\u0259 a\u011f\u0131r g\u0259rginlik burul\u011fan\u0131n\u0131 d\u0259f ed\u0259r\u0259k sabaha inamla baxma\u011fa ba\u015flad\u0131. Bu inam art\u0131q tam \u0259minlikl\u0259 d\u00f6vl\u0259t\u00e7iliyimizin \u0259b\u0259di b\u0259rq\u0259rar olmas\u0131 \u00fc\u00e7\u00fcn \u0259sas \u015f\u0259rt kimi m\u00f6hk\u0259m t\u0259minat idi.Yarad\u0131lark\u0259n Yeni Az\u0259rbaycan Partiyas\u0131n\u0131n S\u0259drliyind\u0259 \u00fcmummilli lider Heyd\u0259r \u018fliyevin olmas\u0131, onun nurlu ideyalar\u0131n\u0131n f\u0259aliyy\u0259tin \u0259sl m\u0259nb\u0259yin\u0259 \u00e7evrilm\u0259si c\u0259miyy\u0259timizin siyasi c\u0259h\u0259td\u0259n aktiv hiss\u0259sini d\u00f6vl\u0259t\u00e7iliyin m\u00fcdafi\u0259si v\u0259 y\u00fcks\u0259k inki\u015faf\u0131 yoluna \u00e7\u0131xartd\u0131 v\u0259 s\u0259f\u0259rb\u0259r etdi. \u00d6lk\u0259 Prezidenti, Partiyam\u0131z\u0131n S\u0259dri c\u0259nab \u0130lham \u018fliyev Qurultaydak\u0131 \u00e7\u0131x\u0131\u015f\u0131 zaman\u0131 demi\u015fdir: \u201cM\u0259n bug\u00fcn bir daha o vaxt milli maraqlar\u0131 h\u0259r \u015feyd\u0259n \u00fcst\u00fcn tutan \u201c91-l\u0259r\u201di qeyd etm\u0259k ist\u0259yir\u0259m, onlar\u0131n f\u0259aliyy\u0259tini y\u00fcks\u0259k qiym\u0259tl\u0259ndirir\u0259m. Bug\u00fcn d\u0259 onlar\u0131n bir \u00e7oxu bizim s\u0259ram\u0131zdad\u0131r. Bundan sonra da onlar f\u0259al i\u015fl\u0259rl\u0259 m\u0259\u015f\u011ful olacaqlar, Yeni Az\u0259rbaycan Partiyas\u0131n\u0131n Veteranlar \u015euras\u0131nda f\u0259aliyy\u0259t g\u00f6st\u0259r\u0259c\u0259kl\u0259r v\u0259 ictimai h\u0259yatda f\u0259aliyy\u0259t g\u00f6st\u0259r\u0259c\u0259kl\u0259r. Onlar\u0131 Az\u0259rbaycan xalq\u0131 unutmamal\u0131d\u0131r\u201d.<\/p>\n<p>Partiya m\u0259fkur\u0259sinin \u0259sas\u0131n\u0131 t\u0259\u015fkil ed\u0259n m\u00fcst\u0259qil d\u00f6vl\u0259t\u00e7ilik, az\u0259rbaycan\u00e7\u0131l\u0131q, qanunlara h\u00f6rm\u0259tin v\u0259 riay\u0259tin b\u0259rpas\u0131, v\u0259t\u0259nda\u015f h\u0259mr\u0259yliyi v\u0259 sosial \u0259dal\u0259t prinsipl\u0259ri YAP-\u0131n qar\u015f\u0131s\u0131nda duran v\u0259zif\u0259l\u0259rin h\u0259yata ke\u00e7irilm\u0259sinin ideya t\u0259minat\u0131 olaraq bu g\u00fcn Az\u0259rbaycan\u0131n siyasi g\u0259l\u0259c\u0259yinin d\u0259 ideya bazas\u0131n\u0131 \u015f\u0259rtl\u0259ndirir, m\u00f6hk\u0259ml\u0259ndirir. YAP-\u0131n u\u011furlar\u0131n\u0131n, q\u0259l\u0259b\u0259l\u0259rinin k\u00f6k\u00fcnd\u0259 dayanan xalqa, xalq\u0131n maraqlar\u0131na v\u0259 reall\u0131qlara s\u00f6yk\u0259nm\u0259si, arxalanmas\u0131d\u0131r. Milli birliyin t\u0259min edilm\u0259si YAP \u2013\u0131n \u0259sas m\u0259qs\u0259didir. YAP f\u0259aliyy\u0259ti d\u00f6vr\u00fcnd\u0259 m\u00f6ht\u0259r\u0259m Prezidentimiz, Partiyam\u0131z\u0131n S\u0259dri c\u0259nab \u0130lham \u018fliyevin \u0259traf\u0131nda s\u0131x birl\u0259\u015f\u0259r\u0259k daim xalq\u0131m\u0131z\u0131n ist\u0259k v\u0259 arzular\u0131na m\u00fcvafiq add\u0131m atm\u0131\u015f, d\u00f6vl\u0259timizin inki\u015faf\u0131na t\u0259kan olaraq yenil\u0259\u015fdirdiyi m\u0259ram v\u0259 m\u0259qs\u0259di il\u0259, h\u0259qiqi \u00f6nd\u0259rliyi il\u0259 b\u00fct\u00fcn xalq qar\u015f\u0131s\u0131nda ona layiq oldu\u011funu d\u0259f\u0259l\u0259rl\u0259 t\u0259sdiq etmi\u015fdir. \u201cQ\u0259l\u0259b\u0259l\u0259r partiyas\u0131\u201d olaraq qazand\u0131\u011f\u0131 imic Yeni Az\u0259rbaycan Partiyas\u0131n\u0131n d\u00fcn\u0259nin\u0259, bu g\u00fcn\u00fcn\u0259 b\u0259l\u0259d\u00e7ilik edir v\u0259 g\u0259l\u0259c\u0259yin\u0259 i\u015f\u0131q tutur.<\/p>\n<p>Erm\u0259nistan t\u0259xribat\u0131na cavab olaraq ba\u015flanm\u0131\u015f V\u0259t\u0259n m\u00fcharib\u0259sind\u0259 \u0259ks\u0259r partiyalar\u0131n vahid amal u\u011frunda c\u0259nab \u0130lham \u018fliyevin \u0259traf\u0131nda s\u0131x birl\u0259\u015fm\u0259si Q\u0259l\u0259b\u0259ni tezl\u0259\u015fdir\u0259n v\u0259 az itki il\u0259 yekunla\u015fd\u0131rma\u011fa aparan \u0259sas amil olmu\u015fdur. V\u0259 bu m\u00f6ht\u0259\u015f\u0259m xalq iqtidar birliyi xalq &#8211; Ordu, Ali Ba\u015f Komandan \u2013Ordu birliyini g\u00fccl\u0259ndirdi v\u0259 Qalibiyy\u0259ti t\u0259min etdi. M\u00f6ht\u0259r\u0259m Prezidentimiz c\u0259nab \u0130lham \u018fliyevin \u201cBiz birlikd\u0259 g\u00fccl\u00fcy\u00fck!\u201d fikri d\u00f6vl\u0259t siyas\u0259tinin \u0259sas u\u011fur f\u0259ls\u0259f\u0259sin\u0259 cevrilmi\u015f, b\u00f6y\u00fck Z\u0259f\u0259r tarixi ke\u00e7iril\u0259n milli h\u0259mr\u0259ylik siyas\u0259tini \u00f6z\u00fcnd\u0259 ehtiva ed\u0259r\u0259k \u00f6lk\u0259d\u0259 milli birliyi daha da m\u00f6hk\u0259ml\u0259ndirmi\u015fdir. Qurultaydak\u0131 \u00e7\u0131x\u0131\u015f\u0131nda c\u0259nab \u0130lham \u018fliyev demi\u015fdir: \u201cB\u00fct\u00fcn xalq\u0131m\u0131z bir yumruq kimi birl\u0259\u015f\u0259r\u0259k d\u00fc\u015fm\u0259n\u0259 sars\u0131d\u0131c\u0131 z\u0259rb\u0259l\u0259r vurub, \u00f6z tarixi torpaqlar\u0131m\u0131z\u0131 i\u015f\u011fal\u00e7\u0131lardan azad edib. Biz bu tarixi missiyan\u0131 yerin\u0259 yetirdik.\u201d<\/p>\n<p>Yeni Az\u0259rbaycan Partiyas\u0131n\u0131n VII Qurultay\u0131nda 6 siyasi partiyan\u0131n &#8211; Az\u0259rbaycan Xalq Demokratik Partiyas\u0131, Az\u0259rbaycan K\u0259ndli Partiyas\u0131, Milli Qurtulu\u015f Partiyas\u0131, Az\u0259rbaycan Yurdda\u015f Partiyas\u0131, Az\u0259rbaycan Milli H\u0259r\u0259kat Partiyas\u0131 v\u0259 Az\u0259rbaycan Demokrat Sahibkarlar Partiyas\u0131n\u0131n YAP-a qo\u015fulmaq ist\u0259yi ilk n\u00f6vb\u0259d\u0259 iqtidar\u0131n atd\u0131\u011f\u0131 b\u00fct\u00fcn add\u0131mlar\u0131n, x\u00fcsusil\u0259 milli birlik v\u0259 milli h\u0259mr\u0259ylik add\u0131mlar\u0131n\u0131n do\u011frulu\u011funu g\u00f6st\u0259rir v\u0259 xalq\u0131n ona olan inam\u0131n\u0131n t\u0259sdiqi kimi d\u0259y\u0259rl\u0259ndirildi. Bildirildi ki, bu ist\u0259k bir daha s\u00fcbut edir ki, b\u00f6y\u00fck xalq sevgisi qazanm\u0131\u015f iqtidar partiyas\u0131 olan YAP s\u00f6z\u00fcn \u0259sl m\u0259nas\u0131nda xalq\u0131n maraqlar\u0131n\u0131 v\u0259 irad\u0259sini \u00f6z m\u0259qs\u0259d v\u0259 amal\u0131nda birl\u0259\u015fdirib xalqa xidm\u0259t missiyas\u0131n\u0131 layiqinc\u0259 yerin\u0259 yetir\u0259n \u0259sl \u00fcmumxalq partiyas\u0131d\u0131r. \u0130kincisi, partiyalar\u0131n YAP- a qo\u015fulmas\u0131 prosesi b\u00f6y\u00fck bir m\u0259rh\u0259l\u0259nin ba\u015flan\u011f\u0131c\u0131 olaraq qiym\u0259tl\u0259ndirildi. Bildirildi ki, bu ist\u0259k ilk qo\u015fulma n\u00fcmun\u0259si kimi siyasi partiyalar\u0131n daha s\u0259m\u0259r\u0259li v\u0259 t\u0259sirli siyasi f\u0259aliyy\u0259tin\u0259 z\u0259min v\u0259 \u00f6lk\u0259ni yeni siyasi sisteminin formala\u015fmas\u0131 prosesinin t\u0259m\u0259li olacaqd\u0131r. Bel\u0259likl\u0259, \u00f6lk\u0259mizd\u0259 demokratik \u0259n\u0259n\u0259l\u0259r\u0259 s\u00f6yk\u0259n\u0259n v\u0259 h\u0259m d\u0259 onu \u015fax\u0259l\u0259ndirm\u0259y\u0259 xidm\u0259t ed\u0259n qar\u015f\u0131l\u0131ql\u0131 dialoq \u00fc\u00e7\u00fcn \u0259lveri\u015fli m\u00fchitin daha da geni\u015fl\u0259nm\u0259sin\u0259 \u00f6z t\u0259sirini g\u00f6st\u0259r\u0259c\u0259kdir. \u00dc\u00e7\u00fcnc\u00fcs\u00fc, bu, h\u0259m d\u0259 siyasi prosesl\u0259r\u0259 t\u0259sir etm\u0259k iqtidar\u0131nda olmaq ist\u0259y\u0259n partiyalar \u00fc\u00e7\u00fcn d\u0259 daha \u0259lveri\u015fli \u015f\u0259rait yarad\u0131lmas\u0131na xidm\u0259t ed\u0259c\u0259kdir.<\/p>\n<p>Siyasi partiyalar\u0131n YAP-a qo\u015fulmaq t\u0259\u015f\u0259bb\u00fcs\u00fc xalq\u0131m\u0131z\u0131n b\u00fct\u00fcn n\u00fcmay\u0259nd\u0259l\u0259rinin \u00fcr\u0259yinc\u0259 oldu. Daim d\u00f6vl\u0259timizin daha da q\u00fcdr\u0259tl\u0259nm\u0259si v\u0259 m\u00f6hk\u0259ml\u0259ndirilm\u0259sind\u0259 var q\u00fcvv\u0259sini \u0259sirg\u0259m\u0259y\u0259r\u0259k, b\u00fct\u00f6v Az\u0259rbaycan u\u011frunda, \u0259n b\u00f6y\u00fck d\u0259rdimiz Da\u011fl\u0131q Qaraba\u011f probleminin h\u0259lli yolunda v\u0259 Erm\u0259nistan\u0131n i\u015f\u011fal\u0131 alt\u0131nda qalm\u0131\u015f torpaqlar\u0131m\u0131z\u0131n geri al\u0131nmas\u0131 u\u011frunda b\u00f6y\u00fck q\u0259l\u0259b\u0259l\u0259r\u0259 imza atmas\u0131nda m\u00f6ht\u0259r\u0259m Prezidentimiz, Partiyam\u0131z\u0131n S\u0259dri c\u0259nab \u0130lham \u018fliyev\u0259 yax\u0131ndan v\u0259 s\u0259daq\u0259tl\u0259 d\u0259st\u0259k\u00e7i olma\u011fa \u00e7al\u0131\u015fan biz b\u0259rd\u0259lil\u0259r v\u0259 YAP B\u0259rd\u0259 rayon t\u0259\u015fkilat\u0131n\u0131n \u00e7oxminli \u00fczvl\u0259ri VII qurultayda dig\u0259r partiyalar\u0131n YAP-a qo\u015fulmaq ist\u0259yinin realla\u015fmas\u0131n\u0131n t\u0259sdiqini ur\u0259kd\u0259n b\u0259y\u0259nir v\u0259 bu qo\u015fulma fakt\u0131n\u0131 \u00f6lk\u0259mizd\u0259 d\u00f6vl\u0259t v\u0259 milli maraqlar namin\u0259 m\u00fcxt\u0259lif siyasi q\u00fcvv\u0259l\u0259rin inteqrasiya n\u00fcmun\u0259si olaraq alq\u0131\u015flay\u0131r\u0131q.<\/p>\n","protected":false},"excerpt":{"rendered":"<p>F\u0259q\u0259t \u015eADL\u0130NSKAYA YAP B\u0259rd\u0259 rayon t\u0259\u015fkilat\u0131n\u0131n s\u0259dri Mart\u0131n 5-d\u0259 ke\u00e7irilmi\u015f Yeni Az\u0259rbaycan Partiyas\u0131n\u0131n VII Qururltay\u0131nda partiyam\u0131z\u0131n S\u0259dri, Prezidentimiz \u00a0c\u0259nab \u0130lham \u018fliyevin \u00e7\u0131x\u0131\u015f\u0131 h\u0259m partiya, h\u0259m d\u0259 d\u00f6vl\u0259t\u00e7ilik tarixi \u00fc\u00e7\u00fcn \u00e7\u00f6x b\u00f6y\u00fck v\u0259 \u00f6n\u0259mli \u0259h\u0259miyy\u0259t k\u0259sb edir. M\u00f6ht\u0259r\u0259m Prezidentimiz c\u0259nab \u0130lham \u018fliyevin parlaq nitqind\u0259 Yeni Az\u0259rbaycan Partiyas\u0131n\u0131n yarad\u0131lmas\u0131n\u0131 z\u0259ruri ed\u0259n s\u0259b\u0259bl\u0259r, o d\u00f6vr \u00f6lk\u0259d\u0259ki v\u0259ziyy\u0259tin xarakteristikas\u0131 v\u0259 d\u00f6vl\u0259t\u00e7iliyimizin m\u00f6hk\u0259ml\u0259ndirilm\u0259si prosesind\u0259 bu partiyan\u0131n apar\u0131c\u0131l\u0131q m\u00f6vqeyinin \u0259h\u0259miyy\u0259tli t\u0259hlili, \u00f6t\u0259n qurultaydan ke\u00e7\u0259n d\u00f6vr \u0259rzind\u0259 \u0259ld\u0259 edilmi\u015f m\u00f6ht\u0259\u015f\u0259m q\u0259l\u0259b\u0259 v\u0259 u\u011furlar\u0131n mexanizmi v\u0259 dinamikas\u0131 m\u00fch\u00fcm yer tutdu. Bir daha bildirildi ki, Ulu \u00f6nd\u0259r Heyd\u0259r \u018fliyevin&hellip;<\/p>\n","protected":false},"author":2,"featured_media":312643,"comment_status":"closed","ping_status":"closed","sticky":false,"template":"","format":"standard","meta":{"om_disable_all_campaigns":false,"_monsterinsights_skip_tracking":false,"_monsterinsights_sitenote_active":false,"_monsterinsights_sitenote_note":"","_monsterinsights_sitenote_category":0},"categories":[19],"tags":[],"aioseo_notices":[],"gutentor_comment":0,"rttpg_featured_image_url":{"full":["https:\/\/arantv.az\/wp-content\/uploads\/2021\/03\/brd-1.jpg",454,927,false],"landscape":["https:\/\/arantv.az\/wp-content\/uploads\/2021\/03\/brd-1.jpg",454,927,false],"portraits":["https:\/\/arantv.az\/wp-content\/uploads\/2021\/03\/brd-1.jpg",454,927,false],"thumbnail":["https:\/\/arantv.az\/wp-content\/uploads\/2021\/03\/brd-1-150x150.jpg",150,150,true],"medium":["https:\/\/arantv.az\/wp-content\/uploads\/2021\/03\/brd-1-147x300.jpg",147,300,true],"large":["https:\/\/arantv.az\/wp-content\/uploads\/2021\/03\/brd-1.jpg",411,840,false],"1536x1536":["https:\/\/arantv.az\/wp-content\/uploads\/2021\/03\/brd-1.jpg",454,927,false],"2048x2048":["https:\/\/arantv.az\/wp-content\/uploads\/2021\/03\/brd-1.jpg",454,927,false],"post-thumbnail":["https:\/\/arantv.az\/wp-content\/uploads\/2021\/03\/brd-1-240x172.jpg",240,172,true],"advps-thumb-one":["https:\/\/arantv.az\/wp-content\/uploads\/2021\/03\/brd-1-454x620.jpg",454,620,true]},"rttpg_author":{"display_name":"V\u00fcsal Rafiqo\u011flu","author_link":"https:\/\/arantv.az\/?author=2"},"rttpg_comment":0,"rttpg_category":"<a href=\"https:\/\/arantv.az\/?cat=19\" rel=\"category\">G\u00fcnd\u0259m<\/a>","rttpg_excerpt":"F\u0259q\u0259t \u015eADL\u0130NSKAYA YAP B\u0259rd\u0259 rayon t\u0259\u015fkilat\u0131n\u0131n s\u0259dri Mart\u0131n 5-d\u0259 ke\u00e7irilmi\u015f Yeni Az\u0259rbaycan Partiyas\u0131n\u0131n VII Qururltay\u0131nda partiyam\u0131z\u0131n S\u0259dri, Prezidentimiz \u00a0c\u0259nab \u0130lham \u018fliyevin \u00e7\u0131x\u0131\u015f\u0131 h\u0259m partiya, h\u0259m d\u0259 d\u00f6vl\u0259t\u00e7ilik tarixi \u00fc\u00e7\u00fcn \u00e7\u00f6x b\u00f6y\u00fck v\u0259 \u00f6n\u0259mli \u0259h\u0259miyy\u0259t k\u0259sb edir. M\u00f6ht\u0259r\u0259m Prezidentimiz c\u0259nab \u0130lham \u018fliyevin parlaq nitqind\u0259 Yeni Az\u0259rbaycan Partiyas\u0131n\u0131n yarad\u0131lmas\u0131n\u0131 z\u0259ruri ed\u0259n s\u0259b\u0259bl\u0259r, o d\u00f6vr \u00f6lk\u0259d\u0259ki v\u0259ziyy\u0259tin xarakteristikas\u0131&hellip;","_links":{"self":[{"href":"https:\/\/arantv.az\/index.php?rest_route=\/wp\/v2\/posts\/312639"}],"collection":[{"href":"https:\/\/arantv.az\/index.php?rest_route=\/wp\/v2\/posts"}],"about":[{"href":"https:\/\/arantv.az\/index.php?rest_route=\/wp\/v2\/types\/post"}],"author":[{"embeddable":true,"href":"https:\/\/arantv.az\/index.php?rest_route=\/wp\/v2\/users\/2"}],"replies":[{"embeddable":true,"href":"https:\/\/arantv.az\/index.php?rest_route=%2Fwp%2Fv2%2Fcomments&post=312639"}],"version-history":[{"count":0,"href":"https:\/\/arantv.az\/index.php?rest_route=\/wp\/v2\/posts\/312639\/revisions"}],"wp:featuredmedia":[{"embeddable":true,"href":"https:\/\/arantv.az\/index.php?rest_route=\/wp\/v2\/media\/312643"}],"wp:attachment":[{"href":"https:\/\/arantv.az\/index.php?rest_route=%2Fwp%2Fv2%2Fmedia&parent=312639"}],"wp:term":[{"taxonomy":"category","embeddable":true,"href":"https:\/\/arantv.az\/index.php?rest_route=%2Fwp%2Fv2%2Fcategories&post=312639"},{"taxonomy":"post_tag","embeddable":true,"href":"https:\/\/arantv.az\/index.php?rest_route=%2Fwp%2Fv2%2Ftags&post=312639"}],"curies":[{"name":"wp","href":"https:\/\/api.w.org\/{rel}","templated":true}]}}