{"id":312758,"date":"2021-03-14T17:29:38","date_gmt":"2021-03-14T14:29:38","guid":{"rendered":"http:\/\/arantv.az\/?p=312758"},"modified":"2021-03-14T17:29:38","modified_gmt":"2021-03-14T14:29:38","slug":"s%c9%99hid-boyukaga-sahverdiyevin-doyus-yolu-foto-video","status":"publish","type":"post","link":"https:\/\/arantv.az\/?p=312758","title":{"rendered":"\u015e\u0259hid B\u00f6y\u00fcka\u011fa \u015eahverdiyevin d\u00f6y\u00fc\u015f yolu \u2013 FOTO\/V\u0130DEO"},"content":{"rendered":"<article class=\"news\">\n<div class=\"news-inner\">\n<p>\u0130kinci Qaraba\u011f m\u00fcharib\u0259sind\u0259 \u015f\u00fcca\u0259t g\u00f6st\u0259r\u0259n h\u0259rb\u00e7il\u0259rimizd\u0259n biri d\u0259 \u015eahverdiyev B\u00f6y\u00fcka\u011fad\u0131r.<\/p>\n<p>\u015eahverdiyev B\u00f6y\u00fcka\u011fa Savalan o\u011flu 15 iyun 1998-ci ild\u0259 Bil\u0259suvar rayonunda m\u0259cburi k\u00f6\u00e7k\u00fcnl\u0259r \u00fc\u00e7\u00fcn sal\u0131nm\u0131\u015f \u00e7ad\u0131r \u015f\u0259h\u0259rciyind\u0259 anadan olub. B\u00f6y\u00fcka\u011fa u\u015faq olark\u0259n atas\u0131n\u0131 itirib.\u00a0C\u0259bray\u0131l rayon 10 n\u00f6mr\u0259li orta m\u0259kt\u0259bd\u0259 t\u0259hsil ald\u0131\u011f\u0131 m\u00fcdd\u0259t \u0259rzind\u0259 h\u0259mi\u015f\u0259 h\u0259mya\u015f\u0131dlar\u0131ndan m\u00fcsb\u0259t istiqam\u0259td\u0259 se\u00e7ilib.<\/p>\n<p>Savad\u0131, biliyi, bacar\u0131\u011f\u0131, v\u0259t\u0259n sevgisi a\u015f\u0131r\u0131 d\u0259r\u0259c\u0259d\u0259 y\u00fcks\u0259k idi. Daima \u015f\u00fcar\u0131 \u201cQaraba\u011f, C\u0259bray\u0131l, V\u0259t\u0259n b\u00f6l\u00fcnm\u0259z \u015f\u0259hidl\u0259r \u00f6lm\u0259z\u201d olub. O \u015f\u00fcarlar\u0131 haz\u0131rda \u015f\u0259hid ota\u011f\u0131ndak\u0131 gu\u015f\u0259sind\u0259 d\u0259 yer al\u0131r. D\u0259f\u0259l\u0259rc\u0259 n\u00fcmun\u0259vi add\u0131mlar\u0131na g\u00f6r\u0259 diplom v\u0259 sertifikatlara layiq g\u00f6r\u00fcl\u00fcb.<\/p>\n<div id=\"AdviadNativeVideo0\" class=\"AdviadNativeVideo\"><\/div>\n<p>2015-ci ild\u0259 orta m\u0259kt\u0259bi \u0259la qiym\u0259tl\u0259rl\u0259 bitirdikd\u0259n sonra Az\u0259rbaycan D\u00f6vl\u0259t \u0130qtisad Universitetin\u0259 (UNEC) \u0130qtisadiyyat\u00a0fak\u00fclt\u0259sin\u0259 daxil olub. 2019-cu ild\u0259 universiteti bitir\u0259r\u0259k\u00a0h\u0259rbi xidm\u0259t\u0259 yollan\u0131b. Az\u0259rbaycan Silahl\u0131 Q\u00fcvv\u0259l\u0259rinin Sumqay\u0131t \u015f\u0259h\u0259rind\u0259 yerl\u0259\u015f\u0259n \u201cN\u201d sayl\u0131 h\u0259rbi hiss\u0259sind\u0259 m\u00fcdd\u0259tli h\u0259qiqi h\u0259rbi xidm\u0259td\u0259 olark\u0259n, 2020-ci il sentyabr\u0131n 27-d\u0259 Az\u0259rbaycan Silahl\u0131 Q\u00fcvv\u0259l\u0259ri t\u0259r\u0259find\u0259n Erm\u0259nistan i\u015f\u011fal\u0131 alt\u0131nda olan \u0259razil\u0259rin azad edilm\u0259si \u00fc\u00e7\u00fcn ba\u015flanan v\u0259t\u0259n m\u00fcharib\u0259si zaman\u0131 C\u0259bray\u0131l\u0131n, F\u00fczulinin i\u015f\u011faldan azad olunmas\u0131 u\u011frunda ged\u0259n d\u00f6y\u00fc\u015fl\u0259rd\u0259 i\u015ftirak edib.<\/p>\n<p>B\u00f6y\u00fcka\u011fan\u0131n h\u0259rbi xidm\u0259td\u0259 v\u0259zif\u0259si minaatan olub. O, d\u00fc\u015fm\u0259nin \u00e7ox sayda\u00a0canl\u0131 q\u00fcvv\u0259sini\u00a0v\u0259 texnikas\u0131n\u0131\u00a0m\u0259hv edib. U\u015faql\u0131qdan Qaraba\u011f, C\u0259bray\u0131l sevgisinin y\u00fcks\u0259k olmas\u0131, bu \u0259razil\u0259ri\u00a0d\u0259rind\u0259n \u00f6yr\u0259nib m\u0259nims\u0259m\u0259sind\u0259 b\u00f6y\u00fck rolu olub, Qaraba\u011f\u0131n h\u0259r bir co\u011frafi x\u0259rit\u0259sini \u0259zb\u0259r\u00a0bilib v\u0259 bu bilikl\u0259rini d\u00f6y\u00fc\u015f zaman\u0131 \u00e7ox d\u0259qiqlikl\u0259 t\u0259tbiq edib.<\/p>\n<p>\u015eahverdiyev B\u00f6y\u00fcka\u011fa oktyabr\u0131n 8-d\u0259 F\u00fczuli rayonu d\u00f6y\u00fc\u015fl\u0259rind\u0259 q\u0259hr\u0259mancas\u0131na \u015f\u0259hid olub. O, oktyabr\u0131n 9-da C\u0259bray\u0131l q\u0259s\u0259b\u0259sind\u0259 sal\u0131nm\u0131\u015f \u015e\u0259hidl\u0259r Xiyaban\u0131nda d\u0259fn olunub.<\/p>\n<p>\u015eahverdiyev B\u00f6y\u00fcka\u011fa Savalan o\u011flu \u00f6l\u00fcm\u00fcnd\u0259n sonra \u201cV\u0259t\u0259n u\u011frunda\u201d v\u0259 \u201cC\u0259bray\u0131l\u0131n azad olunmas\u0131na g\u00f6r\u0259\u201d medallar\u0131 il\u0259 t\u0259ltif edilib.<\/p>\n<div><iframe loading=\"lazy\" src=\"https:\/\/player.baku.tv\/embed\/35125\" width=\"560\" height=\"315\" frameborder=\"0\" allowfullscreen=\"allowfullscreen\" data-mce-fragment=\"1\"><\/iframe><\/div>\n<div class=\"gallery\">\n<div class=\"gallery-i\"><img src=\"https:\/\/cdn.oxu.az\/uploads\/W1siZiIsIjIwMjEvMDMvMTQvMTUvMDMvNDIvOGEwYTEyMWEtMmQ3Yy00YTk4LWI1OTYtMWQxOGI3ZTE5ZTBmLzE2MDU2NjYwMl8yNjY1MzM0MDg0MjEyNjFfNjM1MzcwODcwODkzODU0ODkwOF9uLmpwZyJdLFsicCIsImVuY29kZSIsImpwZyIsIi1xdWFsaXR5IDgwIl0sWyJwIiwidGh1bWIiLCI1OTB4NTkwXHUwMDNlIl1d?sha=d69d9a1a8f747fca\" alt=\"\" \/><\/p>\n<div class=\"gallery-i-caption\"><\/div>\n<\/div>\n<div class=\"gallery-i\"><img src=\"https:\/\/cdn.oxu.az\/uploads\/W1siZiIsIjIwMjEvMDMvMTQvMTUvMDMvNDIvMTY0ZDk5ZTItY2EwNy00ZWVkLWE4YjUtNjYyN2UxMTg3MGFhLzE2MDUwODYxM184MTAyMjM4OTk1ODQ4MTFfNzQzMDQyMTQ3Njc1MTI5MzEyOV9uLmpwZyJdLFsicCIsImVuY29kZSIsImpwZyIsIi1xdWFsaXR5IDgwIl0sWyJwIiwidGh1bWIiLCI1OTB4NTkwXHUwMDNlIl1d?sha=c4f638ac28c45cec\" alt=\"\" \/><\/p>\n<div class=\"gallery-i-caption\"><\/div>\n<\/div>\n<\/div>\n<\/div>\n<\/article>\n","protected":false},"excerpt":{"rendered":"<p>\u0130kinci Qaraba\u011f m\u00fcharib\u0259sind\u0259 \u015f\u00fcca\u0259t g\u00f6st\u0259r\u0259n h\u0259rb\u00e7il\u0259rimizd\u0259n biri d\u0259 \u015eahverdiyev B\u00f6y\u00fcka\u011fad\u0131r. \u015eahverdiyev B\u00f6y\u00fcka\u011fa Savalan o\u011flu 15 iyun 1998-ci ild\u0259 Bil\u0259suvar rayonunda m\u0259cburi k\u00f6\u00e7k\u00fcnl\u0259r \u00fc\u00e7\u00fcn sal\u0131nm\u0131\u015f \u00e7ad\u0131r \u015f\u0259h\u0259rciyind\u0259 anadan olub. B\u00f6y\u00fcka\u011fa u\u015faq olark\u0259n atas\u0131n\u0131 itirib.\u00a0C\u0259bray\u0131l rayon 10 n\u00f6mr\u0259li orta m\u0259kt\u0259bd\u0259 t\u0259hsil ald\u0131\u011f\u0131 m\u00fcdd\u0259t \u0259rzind\u0259 h\u0259mi\u015f\u0259 h\u0259mya\u015f\u0131dlar\u0131ndan m\u00fcsb\u0259t istiqam\u0259td\u0259 se\u00e7ilib. Savad\u0131, biliyi, bacar\u0131\u011f\u0131, v\u0259t\u0259n sevgisi a\u015f\u0131r\u0131 d\u0259r\u0259c\u0259d\u0259 y\u00fcks\u0259k idi. Daima \u015f\u00fcar\u0131 \u201cQaraba\u011f, C\u0259bray\u0131l, V\u0259t\u0259n b\u00f6l\u00fcnm\u0259z \u015f\u0259hidl\u0259r \u00f6lm\u0259z\u201d olub. O \u015f\u00fcarlar\u0131 haz\u0131rda \u015f\u0259hid ota\u011f\u0131ndak\u0131 gu\u015f\u0259sind\u0259 d\u0259 yer al\u0131r. D\u0259f\u0259l\u0259rc\u0259 n\u00fcmun\u0259vi add\u0131mlar\u0131na g\u00f6r\u0259 diplom v\u0259 sertifikatlara layiq g\u00f6r\u00fcl\u00fcb. 2015-ci ild\u0259 orta m\u0259kt\u0259bi \u0259la qiym\u0259tl\u0259rl\u0259 bitirdikd\u0259n&hellip;<\/p>\n","protected":false},"author":2,"featured_media":312759,"comment_status":"closed","ping_status":"closed","sticky":false,"template":"","format":"standard","meta":{"om_disable_all_campaigns":false,"_monsterinsights_skip_tracking":false,"_monsterinsights_sitenote_active":false,"_monsterinsights_sitenote_note":"","_monsterinsights_sitenote_category":0},"categories":[19],"tags":[],"aioseo_notices":[],"gutentor_comment":0,"rttpg_featured_image_url":{"full":["https:\/\/arantv.az\/wp-content\/uploads\/2021\/03\/161410492_444171706849502_4734758186618997169_n.jpg",620,377,false],"landscape":["https:\/\/arantv.az\/wp-content\/uploads\/2021\/03\/161410492_444171706849502_4734758186618997169_n.jpg",620,377,false],"portraits":["https:\/\/arantv.az\/wp-content\/uploads\/2021\/03\/161410492_444171706849502_4734758186618997169_n.jpg",620,377,false],"thumbnail":["https:\/\/arantv.az\/wp-content\/uploads\/2021\/03\/161410492_444171706849502_4734758186618997169_n-150x150.jpg",150,150,true],"medium":["https:\/\/arantv.az\/wp-content\/uploads\/2021\/03\/161410492_444171706849502_4734758186618997169_n-300x182.jpg",300,182,true],"large":["https:\/\/arantv.az\/wp-content\/uploads\/2021\/03\/161410492_444171706849502_4734758186618997169_n.jpg",620,377,false],"1536x1536":["https:\/\/arantv.az\/wp-content\/uploads\/2021\/03\/161410492_444171706849502_4734758186618997169_n.jpg",620,377,false],"2048x2048":["https:\/\/arantv.az\/wp-content\/uploads\/2021\/03\/161410492_444171706849502_4734758186618997169_n.jpg",620,377,false],"post-thumbnail":["https:\/\/arantv.az\/wp-content\/uploads\/2021\/03\/161410492_444171706849502_4734758186618997169_n-240x172.jpg",240,172,true],"advps-thumb-one":["https:\/\/arantv.az\/wp-content\/uploads\/2021\/03\/161410492_444171706849502_4734758186618997169_n.jpg",620,377,false]},"rttpg_author":{"display_name":"V\u00fcsal Rafiqo\u011flu","author_link":"https:\/\/arantv.az\/?author=2"},"rttpg_comment":0,"rttpg_category":"<a href=\"https:\/\/arantv.az\/?cat=19\" rel=\"category\">G\u00fcnd\u0259m<\/a>","rttpg_excerpt":"\u0130kinci Qaraba\u011f m\u00fcharib\u0259sind\u0259 \u015f\u00fcca\u0259t g\u00f6st\u0259r\u0259n h\u0259rb\u00e7il\u0259rimizd\u0259n biri d\u0259 \u015eahverdiyev B\u00f6y\u00fcka\u011fad\u0131r. \u015eahverdiyev B\u00f6y\u00fcka\u011fa Savalan o\u011flu 15 iyun 1998-ci ild\u0259 Bil\u0259suvar rayonunda m\u0259cburi k\u00f6\u00e7k\u00fcnl\u0259r \u00fc\u00e7\u00fcn sal\u0131nm\u0131\u015f \u00e7ad\u0131r \u015f\u0259h\u0259rciyind\u0259 anadan olub. B\u00f6y\u00fcka\u011fa u\u015faq olark\u0259n atas\u0131n\u0131 itirib.\u00a0C\u0259bray\u0131l rayon 10 n\u00f6mr\u0259li orta m\u0259kt\u0259bd\u0259 t\u0259hsil ald\u0131\u011f\u0131 m\u00fcdd\u0259t \u0259rzind\u0259 h\u0259mi\u015f\u0259 h\u0259mya\u015f\u0131dlar\u0131ndan m\u00fcsb\u0259t istiqam\u0259td\u0259 se\u00e7ilib. Savad\u0131, biliyi, bacar\u0131\u011f\u0131, v\u0259t\u0259n sevgisi a\u015f\u0131r\u0131 d\u0259r\u0259c\u0259d\u0259 y\u00fcks\u0259k&hellip;","_links":{"self":[{"href":"https:\/\/arantv.az\/index.php?rest_route=\/wp\/v2\/posts\/312758"}],"collection":[{"href":"https:\/\/arantv.az\/index.php?rest_route=\/wp\/v2\/posts"}],"about":[{"href":"https:\/\/arantv.az\/index.php?rest_route=\/wp\/v2\/types\/post"}],"author":[{"embeddable":true,"href":"https:\/\/arantv.az\/index.php?rest_route=\/wp\/v2\/users\/2"}],"replies":[{"embeddable":true,"href":"https:\/\/arantv.az\/index.php?rest_route=%2Fwp%2Fv2%2Fcomments&post=312758"}],"version-history":[{"count":0,"href":"https:\/\/arantv.az\/index.php?rest_route=\/wp\/v2\/posts\/312758\/revisions"}],"wp:featuredmedia":[{"embeddable":true,"href":"https:\/\/arantv.az\/index.php?rest_route=\/wp\/v2\/media\/312759"}],"wp:attachment":[{"href":"https:\/\/arantv.az\/index.php?rest_route=%2Fwp%2Fv2%2Fmedia&parent=312758"}],"wp:term":[{"taxonomy":"category","embeddable":true,"href":"https:\/\/arantv.az\/index.php?rest_route=%2Fwp%2Fv2%2Fcategories&post=312758"},{"taxonomy":"post_tag","embeddable":true,"href":"https:\/\/arantv.az\/index.php?rest_route=%2Fwp%2Fv2%2Ftags&post=312758"}],"curies":[{"name":"wp","href":"https:\/\/api.w.org\/{rel}","templated":true}]}}