{"id":312821,"date":"2021-03-15T07:54:56","date_gmt":"2021-03-15T04:54:56","guid":{"rendered":"http:\/\/arantv.az\/?p=312821"},"modified":"2021-03-15T07:54:56","modified_gmt":"2021-03-15T04:54:56","slug":"bulvarda-gec%c9%99l%c9%99y%c9%99n-qadinla-bagli-r%c9%99smi-aciqlama","status":"publish","type":"post","link":"https:\/\/arantv.az\/?p=312821","title":{"rendered":"Bulvarda gec\u0259l\u0259y\u0259n qad\u0131nla ba\u011fl\u0131 R\u018fSM\u0130 A\u00c7IQLAMA"},"content":{"rendered":"<p><strong>Sosial \u015f\u0259b\u0259k\u0259l\u0259rd\u0259 D\u0259nizk\u0259nar\u0131 Milli Park, Q\u0131z Qalas\u0131 yax\u0131nl\u0131\u011f\u0131nda bir qad\u0131n\u0131n k\u00fc\u00e7\u0259d\u0259, ke\u00e7idd\u0259 gec\u0259l\u0259m\u0259li oldu\u011fu, \u00e7\u0259tin h\u0259yat \u015f\u0259raiti il\u0259 \u00fczl\u0259\u015fdiyi qeyd olunurdu. M\u0259lumat\u0131 \u0259ld\u0259 etdiyimiz andan etibar\u0259n Sosial Xidm\u0259tl\u0259r Agentliyinin n\u00fcmay\u0259nd\u0259l\u0259ri qad\u0131n\u0131n qald\u0131\u011f\u0131 \u0259raziy\u0259 yolland\u0131lar. T\u0259\u0259ss\u00fcf ki, ilkin c\u0259hdd\u0259 onu payla\u015f\u0131mlarda qeyd edil\u0259n yerd\u0259 tapmaq m\u00fcmk\u00fcn olmad\u0131.<\/strong><\/p>\n<p><b>ARANTV.AZ\u00a0<\/b>x\u0259b\u0259r verir ki, bu bar\u0259d\u0259 Sosial Xidm\u0259tl\u0259r Agentliyinin \u0130ctimaiyy\u0259tl\u0259 \u0259laq\u0259l\u0259r \u015f\u00f6b\u0259sinin m\u00fcdiri Murad H\u0259\u015fimov bildirib.<\/p>\n<p>Qurum r\u0259smisi deyib:<\/p>\n<p>&#8220;Ard\u0131ndan Daxili \u0130\u015fl\u0259r Nazirliyi \u0259m\u0259kda\u015flar\u0131n\u0131n s\u0259yi n\u0259tic\u0259sind\u0259 qad\u0131n tap\u0131ld\u0131. Sosial Xidm\u0259tl\u0259r Agentliyi \u0259m\u0259kda\u015flar\u0131n\u0131n da i\u015ftirak\u0131 il\u0259 aidiyy\u0259ti s\u0259hiyy\u0259 qurumuna m\u00fcraci\u0259t edilm\u0259kl\u0259 laz\u0131mi m\u00fcalic\u0259 m\u00fc\u0259ssis\u0259sin\u0259 g\u00f6nd\u0259rildi. M\u00fcalic\u0259d\u0259n sonra qad\u0131n\u0131n v\u0259ziyy\u0259ti d\u0259y\u0259rl\u0259ndiril\u0259r\u0259k \u00f6z\u00fcn\u00fcn raz\u0131l\u0131\u011f\u0131 olarsa Agentliyin aidiyyat\u0131 m\u00fc\u0259ssis\u0259sin\u0259 yerl\u0259\u015fm\u0259si t\u0259min olunacaq&#8221;.<\/p>\n","protected":false},"excerpt":{"rendered":"<p>Sosial \u015f\u0259b\u0259k\u0259l\u0259rd\u0259 D\u0259nizk\u0259nar\u0131 Milli Park, Q\u0131z Qalas\u0131 yax\u0131nl\u0131\u011f\u0131nda bir qad\u0131n\u0131n k\u00fc\u00e7\u0259d\u0259, ke\u00e7idd\u0259 gec\u0259l\u0259m\u0259li oldu\u011fu, \u00e7\u0259tin h\u0259yat \u015f\u0259raiti il\u0259 \u00fczl\u0259\u015fdiyi qeyd olunurdu. M\u0259lumat\u0131 \u0259ld\u0259 etdiyimiz andan etibar\u0259n Sosial Xidm\u0259tl\u0259r Agentliyinin n\u00fcmay\u0259nd\u0259l\u0259ri qad\u0131n\u0131n qald\u0131\u011f\u0131 \u0259raziy\u0259 yolland\u0131lar. T\u0259\u0259ss\u00fcf ki, ilkin c\u0259hdd\u0259 onu payla\u015f\u0131mlarda qeyd edil\u0259n yerd\u0259 tapmaq m\u00fcmk\u00fcn olmad\u0131. ARANTV.AZ\u00a0x\u0259b\u0259r verir ki, bu bar\u0259d\u0259 Sosial Xidm\u0259tl\u0259r Agentliyinin \u0130ctimaiyy\u0259tl\u0259 \u0259laq\u0259l\u0259r \u015f\u00f6b\u0259sinin m\u00fcdiri Murad H\u0259\u015fimov bildirib. Qurum r\u0259smisi deyib: &#8220;Ard\u0131ndan Daxili \u0130\u015fl\u0259r Nazirliyi \u0259m\u0259kda\u015flar\u0131n\u0131n s\u0259yi n\u0259tic\u0259sind\u0259 qad\u0131n tap\u0131ld\u0131. Sosial Xidm\u0259tl\u0259r Agentliyi \u0259m\u0259kda\u015flar\u0131n\u0131n da i\u015ftirak\u0131 il\u0259 aidiyy\u0259ti s\u0259hiyy\u0259 qurumuna m\u00fcraci\u0259t edilm\u0259kl\u0259 laz\u0131mi m\u00fcalic\u0259 m\u00fc\u0259ssis\u0259sin\u0259 g\u00f6nd\u0259rildi. M\u00fcalic\u0259d\u0259n&hellip;<\/p>\n","protected":false},"author":2,"featured_media":312822,"comment_status":"closed","ping_status":"closed","sticky":false,"template":"","format":"standard","meta":{"om_disable_all_campaigns":false,"_monsterinsights_skip_tracking":false,"_monsterinsights_sitenote_active":false,"_monsterinsights_sitenote_note":"","_monsterinsights_sitenote_category":0},"categories":[26],"tags":[],"aioseo_notices":[],"gutentor_comment":0,"rttpg_featured_image_url":{"full":["https:\/\/arantv.az\/wp-content\/uploads\/2021\/03\/qadin_bulva.jpg",800,450,false],"landscape":["https:\/\/arantv.az\/wp-content\/uploads\/2021\/03\/qadin_bulva.jpg",800,450,false],"portraits":["https:\/\/arantv.az\/wp-content\/uploads\/2021\/03\/qadin_bulva.jpg",800,450,false],"thumbnail":["https:\/\/arantv.az\/wp-content\/uploads\/2021\/03\/qadin_bulva-150x150.jpg",150,150,true],"medium":["https:\/\/arantv.az\/wp-content\/uploads\/2021\/03\/qadin_bulva-300x169.jpg",300,169,true],"large":["https:\/\/arantv.az\/wp-content\/uploads\/2021\/03\/qadin_bulva.jpg",640,360,false],"1536x1536":["https:\/\/arantv.az\/wp-content\/uploads\/2021\/03\/qadin_bulva.jpg",800,450,false],"2048x2048":["https:\/\/arantv.az\/wp-content\/uploads\/2021\/03\/qadin_bulva.jpg",800,450,false],"post-thumbnail":["https:\/\/arantv.az\/wp-content\/uploads\/2021\/03\/qadin_bulva-240x172.jpg",240,172,true],"advps-thumb-one":["https:\/\/arantv.az\/wp-content\/uploads\/2021\/03\/qadin_bulva.jpg",800,450,false]},"rttpg_author":{"display_name":"V\u00fcsal Rafiqo\u011flu","author_link":"https:\/\/arantv.az\/?author=2"},"rttpg_comment":0,"rttpg_category":"<a href=\"https:\/\/arantv.az\/?cat=26\" rel=\"category\">Sosial<\/a>","rttpg_excerpt":"Sosial \u015f\u0259b\u0259k\u0259l\u0259rd\u0259 D\u0259nizk\u0259nar\u0131 Milli Park, Q\u0131z Qalas\u0131 yax\u0131nl\u0131\u011f\u0131nda bir qad\u0131n\u0131n k\u00fc\u00e7\u0259d\u0259, ke\u00e7idd\u0259 gec\u0259l\u0259m\u0259li oldu\u011fu, \u00e7\u0259tin h\u0259yat \u015f\u0259raiti il\u0259 \u00fczl\u0259\u015fdiyi qeyd olunurdu. M\u0259lumat\u0131 \u0259ld\u0259 etdiyimiz andan etibar\u0259n Sosial Xidm\u0259tl\u0259r Agentliyinin n\u00fcmay\u0259nd\u0259l\u0259ri qad\u0131n\u0131n qald\u0131\u011f\u0131 \u0259raziy\u0259 yolland\u0131lar. T\u0259\u0259ss\u00fcf ki, ilkin c\u0259hdd\u0259 onu payla\u015f\u0131mlarda qeyd edil\u0259n yerd\u0259 tapmaq m\u00fcmk\u00fcn olmad\u0131. ARANTV.AZ\u00a0x\u0259b\u0259r verir ki, bu bar\u0259d\u0259 Sosial Xidm\u0259tl\u0259r Agentliyinin \u0130ctimaiyy\u0259tl\u0259&hellip;","_links":{"self":[{"href":"https:\/\/arantv.az\/index.php?rest_route=\/wp\/v2\/posts\/312821"}],"collection":[{"href":"https:\/\/arantv.az\/index.php?rest_route=\/wp\/v2\/posts"}],"about":[{"href":"https:\/\/arantv.az\/index.php?rest_route=\/wp\/v2\/types\/post"}],"author":[{"embeddable":true,"href":"https:\/\/arantv.az\/index.php?rest_route=\/wp\/v2\/users\/2"}],"replies":[{"embeddable":true,"href":"https:\/\/arantv.az\/index.php?rest_route=%2Fwp%2Fv2%2Fcomments&post=312821"}],"version-history":[{"count":0,"href":"https:\/\/arantv.az\/index.php?rest_route=\/wp\/v2\/posts\/312821\/revisions"}],"wp:featuredmedia":[{"embeddable":true,"href":"https:\/\/arantv.az\/index.php?rest_route=\/wp\/v2\/media\/312822"}],"wp:attachment":[{"href":"https:\/\/arantv.az\/index.php?rest_route=%2Fwp%2Fv2%2Fmedia&parent=312821"}],"wp:term":[{"taxonomy":"category","embeddable":true,"href":"https:\/\/arantv.az\/index.php?rest_route=%2Fwp%2Fv2%2Fcategories&post=312821"},{"taxonomy":"post_tag","embeddable":true,"href":"https:\/\/arantv.az\/index.php?rest_route=%2Fwp%2Fv2%2Ftags&post=312821"}],"curies":[{"name":"wp","href":"https:\/\/api.w.org\/{rel}","templated":true}]}}