{"id":312833,"date":"2021-03-15T07:58:26","date_gmt":"2021-03-15T04:58:26","guid":{"rendered":"http:\/\/arantv.az\/?p=312833"},"modified":"2021-03-15T07:58:26","modified_gmt":"2021-03-15T04:58:26","slug":"dovl%c9%99t-bascisi-munaqis%c9%99-artiq-tarix%c9%99-qovusub-v%c9%99-biz-g%c9%99l%c9%99c%c9%99y%c9%99-baxmaliyiq","status":"publish","type":"post","link":"https:\/\/arantv.az\/?p=312833","title":{"rendered":"D\u00f6vl\u0259t ba\u015f\u00e7\u0131s\u0131: &#8220;M\u00fcnaqi\u015f\u0259 art\u0131q tarix\u0259 qovu\u015fub v\u0259 biz g\u0259l\u0259c\u0259y\u0259 baxmal\u0131y\u0131q&#8221;"},"content":{"rendered":"<p>&#8220;AT\u018fT Erm\u0259nistanla Az\u0259rbaycan aras\u0131ndak\u0131 m\u00fcnaqi\u015f\u0259nin h\u0259llin\u0259 birba\u015fa c\u0259lb olunmu\u015f t\u0259\u015fkilatd\u0131r. Bel\u0259likl\u0259, indi m\u00fcnaqi\u015f\u0259 art\u0131q tarix\u0259 qovu\u015fub v\u0259 biz g\u0259l\u0259c\u0259y\u0259 baxmal\u0131y\u0131q&#8221;.<\/p>\n<p><strong>ARANTV.AZ<\/strong>\u00a0\u00a0<a title=\"xeberler son xeberler 2021\" href=\"https:\/\/big.az\/\" target=\"_blank\" rel=\"noopener\">x\u0259b\u0259r<\/a>\u00a0verir ki, bu s\u00f6zl\u0259ri Az\u0259rbaycan Respublikas\u0131n\u0131n Prezidenti \u0130lham \u018fliyev mart\u0131n 14-d\u0259 \u0130sve\u00e7in xarici i\u015fl\u0259r naziri, AT\u018fT-in f\u0259aliyy\u0259td\u0259 olan s\u0259dri xan\u0131m Ann Lindenin ba\u015f\u00e7\u0131l\u0131q etdiyi n\u00fcmay\u0259nd\u0259 hey\u0259tini q\u0259bul ed\u0259rk\u0259n deyib.D\u00f6vl\u0259t ba\u015f\u00e7\u0131s\u0131 bildirib: &#8220;Bu g\u00fcn sizinl\u0259 g\u0259l\u0259c\u0259k i\u015fl\u0259rin nec\u0259 qurulmas\u0131 il\u0259 ba\u011fl\u0131 fikirl\u0259rimizi m\u00fczakir\u0259 etdik. D\u00fc\u015f\u00fcn\u00fcr\u0259m ki, m\u00fcharib\u0259d\u0259n sonra \u00f6t\u0259n 4 ay art\u0131q h\u0259r iki t\u0259r\u0259fin s\u0259hif\u0259ni ba\u011flamaq v\u0259 diqq\u0259ti g\u0259l\u0259c\u0259y\u0259 y\u00f6n\u0259ltm\u0259k irad\u0259sini n\u00fcmayi\u015f etdirir. Bu, \u00e7ox m\u00fch\u00fcmd\u00fcr&#8221;.<\/p>\n","protected":false},"excerpt":{"rendered":"<p>&#8220;AT\u018fT Erm\u0259nistanla Az\u0259rbaycan aras\u0131ndak\u0131 m\u00fcnaqi\u015f\u0259nin h\u0259llin\u0259 birba\u015fa c\u0259lb olunmu\u015f t\u0259\u015fkilatd\u0131r. Bel\u0259likl\u0259, indi m\u00fcnaqi\u015f\u0259 art\u0131q tarix\u0259 qovu\u015fub v\u0259 biz g\u0259l\u0259c\u0259y\u0259 baxmal\u0131y\u0131q&#8221;. ARANTV.AZ\u00a0\u00a0x\u0259b\u0259r\u00a0verir ki, bu s\u00f6zl\u0259ri Az\u0259rbaycan Respublikas\u0131n\u0131n Prezidenti \u0130lham \u018fliyev mart\u0131n 14-d\u0259 \u0130sve\u00e7in xarici i\u015fl\u0259r naziri, AT\u018fT-in f\u0259aliyy\u0259td\u0259 olan s\u0259dri xan\u0131m Ann Lindenin ba\u015f\u00e7\u0131l\u0131q etdiyi n\u00fcmay\u0259nd\u0259 hey\u0259tini q\u0259bul ed\u0259rk\u0259n deyib.D\u00f6vl\u0259t ba\u015f\u00e7\u0131s\u0131 bildirib: &#8220;Bu g\u00fcn sizinl\u0259 g\u0259l\u0259c\u0259k i\u015fl\u0259rin nec\u0259 qurulmas\u0131 il\u0259 ba\u011fl\u0131 fikirl\u0259rimizi m\u00fczakir\u0259 etdik. D\u00fc\u015f\u00fcn\u00fcr\u0259m ki, m\u00fcharib\u0259d\u0259n sonra \u00f6t\u0259n 4 ay art\u0131q h\u0259r iki t\u0259r\u0259fin s\u0259hif\u0259ni ba\u011flamaq v\u0259 diqq\u0259ti g\u0259l\u0259c\u0259y\u0259 y\u00f6n\u0259ltm\u0259k irad\u0259sini n\u00fcmayi\u015f etdirir. Bu, \u00e7ox m\u00fch\u00fcmd\u00fcr&#8221;.<\/p>\n","protected":false},"author":2,"featured_media":312834,"comment_status":"closed","ping_status":"closed","sticky":false,"template":"","format":"standard","meta":{"om_disable_all_campaigns":false,"_monsterinsights_skip_tracking":false,"_monsterinsights_sitenote_active":false,"_monsterinsights_sitenote_note":"","_monsterinsights_sitenote_category":0},"categories":[4],"tags":[],"aioseo_notices":[],"gutentor_comment":0,"rttpg_featured_image_url":{"full":["https:\/\/arantv.az\/wp-content\/uploads\/2021\/03\/3e946408-1cf9-32f3-93cf-862c61fa6cb6_850.jpg",650,405,false],"landscape":["https:\/\/arantv.az\/wp-content\/uploads\/2021\/03\/3e946408-1cf9-32f3-93cf-862c61fa6cb6_850.jpg",650,405,false],"portraits":["https:\/\/arantv.az\/wp-content\/uploads\/2021\/03\/3e946408-1cf9-32f3-93cf-862c61fa6cb6_850.jpg",650,405,false],"thumbnail":["https:\/\/arantv.az\/wp-content\/uploads\/2021\/03\/3e946408-1cf9-32f3-93cf-862c61fa6cb6_850-150x150.jpg",150,150,true],"medium":["https:\/\/arantv.az\/wp-content\/uploads\/2021\/03\/3e946408-1cf9-32f3-93cf-862c61fa6cb6_850-300x187.jpg",300,187,true],"large":["https:\/\/arantv.az\/wp-content\/uploads\/2021\/03\/3e946408-1cf9-32f3-93cf-862c61fa6cb6_850.jpg",640,399,false],"1536x1536":["https:\/\/arantv.az\/wp-content\/uploads\/2021\/03\/3e946408-1cf9-32f3-93cf-862c61fa6cb6_850.jpg",650,405,false],"2048x2048":["https:\/\/arantv.az\/wp-content\/uploads\/2021\/03\/3e946408-1cf9-32f3-93cf-862c61fa6cb6_850.jpg",650,405,false],"post-thumbnail":["https:\/\/arantv.az\/wp-content\/uploads\/2021\/03\/3e946408-1cf9-32f3-93cf-862c61fa6cb6_850-240x172.jpg",240,172,true],"advps-thumb-one":["https:\/\/arantv.az\/wp-content\/uploads\/2021\/03\/3e946408-1cf9-32f3-93cf-862c61fa6cb6_850.jpg",650,405,false]},"rttpg_author":{"display_name":"V\u00fcsal Rafiqo\u011flu","author_link":"https:\/\/arantv.az\/?author=2"},"rttpg_comment":0,"rttpg_category":"<a href=\"https:\/\/arantv.az\/?cat=4\" rel=\"category\">Siyas\u0259t<\/a>","rttpg_excerpt":"&#8220;AT\u018fT Erm\u0259nistanla Az\u0259rbaycan aras\u0131ndak\u0131 m\u00fcnaqi\u015f\u0259nin h\u0259llin\u0259 birba\u015fa c\u0259lb olunmu\u015f t\u0259\u015fkilatd\u0131r. Bel\u0259likl\u0259, indi m\u00fcnaqi\u015f\u0259 art\u0131q tarix\u0259 qovu\u015fub v\u0259 biz g\u0259l\u0259c\u0259y\u0259 baxmal\u0131y\u0131q&#8221;. ARANTV.AZ\u00a0\u00a0x\u0259b\u0259r\u00a0verir ki, bu s\u00f6zl\u0259ri Az\u0259rbaycan Respublikas\u0131n\u0131n Prezidenti \u0130lham \u018fliyev mart\u0131n 14-d\u0259 \u0130sve\u00e7in xarici i\u015fl\u0259r naziri, AT\u018fT-in f\u0259aliyy\u0259td\u0259 olan s\u0259dri xan\u0131m Ann Lindenin ba\u015f\u00e7\u0131l\u0131q etdiyi n\u00fcmay\u0259nd\u0259 hey\u0259tini q\u0259bul ed\u0259rk\u0259n deyib.D\u00f6vl\u0259t ba\u015f\u00e7\u0131s\u0131 bildirib: &#8220;Bu g\u00fcn sizinl\u0259 g\u0259l\u0259c\u0259k&hellip;","_links":{"self":[{"href":"https:\/\/arantv.az\/index.php?rest_route=\/wp\/v2\/posts\/312833"}],"collection":[{"href":"https:\/\/arantv.az\/index.php?rest_route=\/wp\/v2\/posts"}],"about":[{"href":"https:\/\/arantv.az\/index.php?rest_route=\/wp\/v2\/types\/post"}],"author":[{"embeddable":true,"href":"https:\/\/arantv.az\/index.php?rest_route=\/wp\/v2\/users\/2"}],"replies":[{"embeddable":true,"href":"https:\/\/arantv.az\/index.php?rest_route=%2Fwp%2Fv2%2Fcomments&post=312833"}],"version-history":[{"count":0,"href":"https:\/\/arantv.az\/index.php?rest_route=\/wp\/v2\/posts\/312833\/revisions"}],"wp:featuredmedia":[{"embeddable":true,"href":"https:\/\/arantv.az\/index.php?rest_route=\/wp\/v2\/media\/312834"}],"wp:attachment":[{"href":"https:\/\/arantv.az\/index.php?rest_route=%2Fwp%2Fv2%2Fmedia&parent=312833"}],"wp:term":[{"taxonomy":"category","embeddable":true,"href":"https:\/\/arantv.az\/index.php?rest_route=%2Fwp%2Fv2%2Fcategories&post=312833"},{"taxonomy":"post_tag","embeddable":true,"href":"https:\/\/arantv.az\/index.php?rest_route=%2Fwp%2Fv2%2Ftags&post=312833"}],"curies":[{"name":"wp","href":"https:\/\/api.w.org\/{rel}","templated":true}]}}