{"id":312958,"date":"2021-03-15T10:13:04","date_gmt":"2021-03-15T07:13:04","guid":{"rendered":"http:\/\/arantv.az\/?p=312958"},"modified":"2021-03-15T10:13:04","modified_gmt":"2021-03-15T07:13:04","slug":"g%c9%99nc%c9%99d%c9%99-qadinlara-qarsi-cibgirlik-ed%c9%99n-s%c9%99xs-saxlanildi-foto","status":"publish","type":"post","link":"https:\/\/arantv.az\/?p=312958","title":{"rendered":"G\u0259nc\u0259d\u0259 qad\u0131nlara qar\u015f\u0131 cibgirlik ed\u0259n \u015f\u0259xs saxlan\u0131ld\u0131 &#8211; FOTO"},"content":{"rendered":"<p>G\u0259nc\u0259 \u015f\u0259h\u0259rind\u0259\u00a0qad\u0131nlara qar\u015f\u0131 cibgirlik ed\u0259n \u015f\u0259xs saxlan\u0131l\u0131b.<\/p>\n<p>Daxili \u0130\u015fl\u0259r Nazirliyinin M\u0259tbuat Xidm\u0259tinin G\u0259nc\u0259 regional qrupundan veril\u0259n m\u0259lumata g\u00f6r\u0259, G\u0259nc\u0259 \u015f\u0259h\u0259r Ba\u015f Polis \u0130dar\u0259sinin (\u015eBP\u0130) Nizami rayon Polis \u0130dar\u0259sinin \u0259m\u0259kda\u015flar\u0131 t\u0259r\u0259find\u0259n s\u0259rni\u015finl\u0259rin s\u0131x oldu\u011fu vaxtlarda \u015f\u0259h\u0259rdaxili avtobuslarda\u00a0cibgirlik ed\u0259n, \u0259v\u0259ll\u0259r d\u0259f\u0259l\u0259rl\u0259 m\u0259hkum olunmu\u015f, \u015f\u0259h\u0259r sakini, R\u00f6v\u015f\u0259n \u0130smay\u0131lov saxlan\u0131l\u0131b.<\/p>\n<p>Ara\u015fd\u0131rma zaman\u0131 h\u0259min \u015f\u0259xsin mart ay\u0131n\u0131n 10-da avtobuslarda \u00fcmumilikd\u0259 2 v\u0259t\u0259nda\u015f\u0131n \u00e7antas\u0131ndan mobil telefon o\u011furlad\u0131\u011f\u0131 m\u00fc\u0259yy\u0259n edilib. \u0130lkin dindirilm\u0259 zaman\u0131 saxlan\u0131lan \u015f\u0259xs t\u00f6r\u0259tdiyi cinay\u0259t \u0259m\u0259lini etiraf ed\u0259r\u0259k o\u011furlad\u0131\u011f\u0131 mobil telefonlar\u0131n\u0131 satd\u0131\u011f\u0131n\u0131 bildirib.<\/p>\n<p>Faktlarla ba\u011fl\u0131 \u015eBP\u0130-nin \u0130stintaq v\u0259 T\u0259hqiqat \u0130dar\u0259sind\u0259 Cinay\u0259t M\u0259c\u0259ll\u0259sinin m\u00fcvafiq madd\u0259l\u0259ri il\u0259 cinay\u0259t i\u015fi ba\u015flan\u0131l\u0131b, istintaq-\u0259m\u0259liyyat t\u0259dbirl\u0259ri davam etdirilir. R.\u0130smay\u0131lovun dig\u0259r \u015f\u0259h\u0259r v\u0259 rayonlar\u0131n \u0259razisind\u0259 d\u0259 analoji cinay\u0259tl\u0259r etdiyi istisna olunmur. Onlar\u0131n \u0259m\u0259ll\u0259rind\u0259n z\u0259r\u0259r\u00e7\u0259k\u0259n ba\u015fqa v\u0259t\u0259nda\u015flar varsa bu bar\u0259d\u0259 \u0259razi \u00fczr\u0259 polis idar\u0259, \u015f\u00f6b\u0259 v\u0259 b\u00f6lm\u0259l\u0259rin\u0259, habel\u0259 D\u0130N-in \u201c102\u201d Z\u0259ng M\u0259rk\u0259zin\u0259 m\u0259lumat ver\u0259 bil\u0259rl\u0259r.<\/p>\n<div class=\"gallery\">\n<div class=\"gallery-i\"><img src=\"https:\/\/cdn.oxu.az\/uploads\/W1siZiIsIjIwMjEvMDMvMTUvMTAvMjEvMTkvZmE2OWY2NTQtZmMzYi00NmI3LTgxMDgtNjcwZjNhNWIwMjRjL2E2ZjVmMDVhLTI0NDMtNGM0Ny05MWY2LTJlZWRmZThlMzNiOC5qcGciXSxbInAiLCJlbmNvZGUiLCJqcGciLCItcXVhbGl0eSA4MCJdLFsicCIsInRodW1iIiwiNTkweDU5MFx1MDAzZSJdXQ?sha=b862593d9c617de8\" alt=\"\" \/><\/div>\n<\/div>\n","protected":false},"excerpt":{"rendered":"<p>G\u0259nc\u0259 \u015f\u0259h\u0259rind\u0259\u00a0qad\u0131nlara qar\u015f\u0131 cibgirlik ed\u0259n \u015f\u0259xs saxlan\u0131l\u0131b. Daxili \u0130\u015fl\u0259r Nazirliyinin M\u0259tbuat Xidm\u0259tinin G\u0259nc\u0259 regional qrupundan veril\u0259n m\u0259lumata g\u00f6r\u0259, G\u0259nc\u0259 \u015f\u0259h\u0259r Ba\u015f Polis \u0130dar\u0259sinin (\u015eBP\u0130) Nizami rayon Polis \u0130dar\u0259sinin \u0259m\u0259kda\u015flar\u0131 t\u0259r\u0259find\u0259n s\u0259rni\u015finl\u0259rin s\u0131x oldu\u011fu vaxtlarda \u015f\u0259h\u0259rdaxili avtobuslarda\u00a0cibgirlik ed\u0259n, \u0259v\u0259ll\u0259r d\u0259f\u0259l\u0259rl\u0259 m\u0259hkum olunmu\u015f, \u015f\u0259h\u0259r sakini, R\u00f6v\u015f\u0259n \u0130smay\u0131lov saxlan\u0131l\u0131b. Ara\u015fd\u0131rma zaman\u0131 h\u0259min \u015f\u0259xsin mart ay\u0131n\u0131n 10-da avtobuslarda \u00fcmumilikd\u0259 2 v\u0259t\u0259nda\u015f\u0131n \u00e7antas\u0131ndan mobil telefon o\u011furlad\u0131\u011f\u0131 m\u00fc\u0259yy\u0259n edilib. \u0130lkin dindirilm\u0259 zaman\u0131 saxlan\u0131lan \u015f\u0259xs t\u00f6r\u0259tdiyi cinay\u0259t \u0259m\u0259lini etiraf ed\u0259r\u0259k o\u011furlad\u0131\u011f\u0131 mobil telefonlar\u0131n\u0131 satd\u0131\u011f\u0131n\u0131 bildirib. Faktlarla ba\u011fl\u0131 \u015eBP\u0130-nin \u0130stintaq v\u0259 T\u0259hqiqat \u0130dar\u0259sind\u0259 Cinay\u0259t M\u0259c\u0259ll\u0259sinin m\u00fcvafiq madd\u0259l\u0259ri il\u0259&hellip;<\/p>\n","protected":false},"author":2,"featured_media":312959,"comment_status":"closed","ping_status":"closed","sticky":false,"template":"","format":"standard","meta":{"om_disable_all_campaigns":false,"_monsterinsights_skip_tracking":false,"_monsterinsights_sitenote_active":false,"_monsterinsights_sitenote_note":"","_monsterinsights_sitenote_category":0},"categories":[5],"tags":[],"aioseo_notices":[],"gutentor_comment":0,"rttpg_featured_image_url":{"full":["https:\/\/arantv.az\/wp-content\/uploads\/2021\/03\/cib.jpg",620,387,false],"landscape":["https:\/\/arantv.az\/wp-content\/uploads\/2021\/03\/cib.jpg",620,387,false],"portraits":["https:\/\/arantv.az\/wp-content\/uploads\/2021\/03\/cib.jpg",620,387,false],"thumbnail":["https:\/\/arantv.az\/wp-content\/uploads\/2021\/03\/cib-150x150.jpg",150,150,true],"medium":["https:\/\/arantv.az\/wp-content\/uploads\/2021\/03\/cib-300x187.jpg",300,187,true],"large":["https:\/\/arantv.az\/wp-content\/uploads\/2021\/03\/cib.jpg",620,387,false],"1536x1536":["https:\/\/arantv.az\/wp-content\/uploads\/2021\/03\/cib.jpg",620,387,false],"2048x2048":["https:\/\/arantv.az\/wp-content\/uploads\/2021\/03\/cib.jpg",620,387,false],"post-thumbnail":["https:\/\/arantv.az\/wp-content\/uploads\/2021\/03\/cib-240x172.jpg",240,172,true],"advps-thumb-one":["https:\/\/arantv.az\/wp-content\/uploads\/2021\/03\/cib.jpg",620,387,false]},"rttpg_author":{"display_name":"V\u00fcsal Rafiqo\u011flu","author_link":"https:\/\/arantv.az\/?author=2"},"rttpg_comment":0,"rttpg_category":"<a href=\"https:\/\/arantv.az\/?cat=5\" rel=\"category\">Hadis\u0259<\/a>","rttpg_excerpt":"G\u0259nc\u0259 \u015f\u0259h\u0259rind\u0259\u00a0qad\u0131nlara qar\u015f\u0131 cibgirlik ed\u0259n \u015f\u0259xs saxlan\u0131l\u0131b. Daxili \u0130\u015fl\u0259r Nazirliyinin M\u0259tbuat Xidm\u0259tinin G\u0259nc\u0259 regional qrupundan veril\u0259n m\u0259lumata g\u00f6r\u0259, G\u0259nc\u0259 \u015f\u0259h\u0259r Ba\u015f Polis \u0130dar\u0259sinin (\u015eBP\u0130) Nizami rayon Polis \u0130dar\u0259sinin \u0259m\u0259kda\u015flar\u0131 t\u0259r\u0259find\u0259n s\u0259rni\u015finl\u0259rin s\u0131x oldu\u011fu vaxtlarda \u015f\u0259h\u0259rdaxili avtobuslarda\u00a0cibgirlik ed\u0259n, \u0259v\u0259ll\u0259r d\u0259f\u0259l\u0259rl\u0259 m\u0259hkum olunmu\u015f, \u015f\u0259h\u0259r sakini, R\u00f6v\u015f\u0259n \u0130smay\u0131lov saxlan\u0131l\u0131b. Ara\u015fd\u0131rma zaman\u0131 h\u0259min \u015f\u0259xsin mart ay\u0131n\u0131n 10-da avtobuslarda \u00fcmumilikd\u0259&hellip;","_links":{"self":[{"href":"https:\/\/arantv.az\/index.php?rest_route=\/wp\/v2\/posts\/312958"}],"collection":[{"href":"https:\/\/arantv.az\/index.php?rest_route=\/wp\/v2\/posts"}],"about":[{"href":"https:\/\/arantv.az\/index.php?rest_route=\/wp\/v2\/types\/post"}],"author":[{"embeddable":true,"href":"https:\/\/arantv.az\/index.php?rest_route=\/wp\/v2\/users\/2"}],"replies":[{"embeddable":true,"href":"https:\/\/arantv.az\/index.php?rest_route=%2Fwp%2Fv2%2Fcomments&post=312958"}],"version-history":[{"count":0,"href":"https:\/\/arantv.az\/index.php?rest_route=\/wp\/v2\/posts\/312958\/revisions"}],"wp:featuredmedia":[{"embeddable":true,"href":"https:\/\/arantv.az\/index.php?rest_route=\/wp\/v2\/media\/312959"}],"wp:attachment":[{"href":"https:\/\/arantv.az\/index.php?rest_route=%2Fwp%2Fv2%2Fmedia&parent=312958"}],"wp:term":[{"taxonomy":"category","embeddable":true,"href":"https:\/\/arantv.az\/index.php?rest_route=%2Fwp%2Fv2%2Fcategories&post=312958"},{"taxonomy":"post_tag","embeddable":true,"href":"https:\/\/arantv.az\/index.php?rest_route=%2Fwp%2Fv2%2Ftags&post=312958"}],"curies":[{"name":"wp","href":"https:\/\/api.w.org\/{rel}","templated":true}]}}