{"id":312982,"date":"2021-03-15T10:26:05","date_gmt":"2021-03-15T07:26:05","guid":{"rendered":"http:\/\/arantv.az\/?p=312982"},"modified":"2021-03-15T10:26:05","modified_gmt":"2021-03-15T07:26:05","slug":"buraxilis-imtahanlarinin-vaxti-aciqlandi-c%c9%99dv%c9%99l","status":"publish","type":"post","link":"https:\/\/arantv.az\/?p=312982","title":{"rendered":"Burax\u0131l\u0131\u015f imtahanlar\u0131n\u0131n vaxt\u0131 a\u00e7\u0131qland\u0131 &#8211; C\u018fDV\u018fL"},"content":{"rendered":"<p>2021-ci ilin aprel ay\u0131nda ke\u00e7irilm\u0259si n\u0259z\u0259rd\u0259 tutulan imtahanlar\u0131n qrafiki m\u00fc\u0259yy\u0259n olunub.<\/p>\n<p>Bu bar\u0259d\u0259 D\u00f6vl\u0259t \u0130mtahan M\u0259rk\u0259zi m\u0259lumat yay\u0131b.<\/p>\n<p>Bildirilib ki, m\u00fcvafiq qurumlar t\u0259r\u0259find\u0259n sanitar-epidemioloji v\u0259ziyy\u0259tin k\u00fctl\u0259vi imtahanlar\u0131n ke\u00e7irilm\u0259si \u00fc\u00e7\u00fcn \u0259lveri\u015fli hesab olunaca\u011f\u0131 t\u0259qdird\u0259 D\u00f6vl\u0259t \u0130mtahan M\u0259rk\u0259zi t\u0259r\u0259find\u0259n aprel ay\u0131 \u0259rzind\u0259 tam (11 illik) orta t\u0259hsil s\u0259viyy\u0259si \u00fczr\u0259 burax\u0131l\u0131\u015f imtahanlar\u0131n\u0131n ke\u00e7irilm\u0259si n\u0259z\u0259rd\u0259 tutulur.<\/p>\n<div id=\"AdviadNativeVideo0\" class=\"AdviadNativeVideo\"><\/div>\n<p>\u0130mtahan tarixl\u0259ri v\u0259 onlar\u0131n \u015f\u0259h\u0259r-rayonlar \u00fczr\u0259 b\u00f6lg\u00fcs\u00fc a\u015fa\u011f\u0131dak\u0131 c\u0259dv\u0259ld\u0259 verilib.<\/p>\n<div class=\"gallery\">\n<div class=\"gallery-i\"><img src=\"https:\/\/cdn.oxu.az\/uploads\/W1siZiIsIjIwMjEvMDMvMTUvMTEvMjAvMzcvODA5ZTQxMjEtMjhjMi00OGI5LWI1ODYtZDFmYTU5YmViODZmL2FkcXdmLlBORyJdLFsicCIsImVuY29kZSIsImpwZyIsIi1xdWFsaXR5IDgwIl0sWyJwIiwidGh1bWIiLCI1OTB4NTkwXHUwMDNlIl1d?sha=d255efbe6cf55be6\" alt=\"\" \/><\/p>\n<div class=\"gallery-i-caption\"><\/div>\n<\/div>\n<\/div>\n<p>Qeyd ed\u0259k ki, b\u00fct\u00fcn imtahanlar yen\u0259 d\u0259 Nazirl\u0259r Kabineti yan\u0131nda operativ q\u0259rargah\u0131n virusla ba\u011fl\u0131 t\u00f6vsiy\u0259l\u0259ri n\u0259z\u0259r\u0259 al\u0131nmaqla sosial m\u0259saf\u0259nin qorunmas\u0131, eyni binada imtahan ver\u0259nl\u0259rin say\u0131na m\u0259hdudiyy\u0259tin qoyulmas\u0131 v\u0259 Q\u0259rargah\u0131n m\u00fc\u0259yy\u0259n el\u0259diyi dig\u0259r \u015f\u0259rtl\u0259rin yerin\u0259 yetirilm\u0259si il\u0259 t\u0259\u015fkil olunacaq.<\/p>\n<p>K\u00fctl\u0259viliyin v\u0259 t\u0259mas hallar\u0131n\u0131n qar\u015f\u0131s\u0131n\u0131 almaq m\u0259qs\u0259dil\u0259 \u00f6t\u0259n il oldu\u011fu kimi, bu il d\u0259 imtahanlar \u00f6lk\u0259 \u00fczr\u0259 m\u00fcxt\u0259lif \u015f\u0259h\u0259r v\u0259 rayonlara b\u00f6l\u00fcnm\u0259kl\u0259 \u00fc\u00e7 h\u0259ft\u0259 \u0259rzind\u0259 (h\u0259r h\u0259ft\u0259d\u0259 2 g\u00fcn) ke\u00e7iril\u0259c\u0259k.<\/p>\n<p>Burax\u0131l\u0131\u015f imtahanlar\u0131ndan \u0259lav\u0259, aprel ay\u0131n\u0131n 2-d\u0259 GRE, 3-d\u0259 notariat f\u0259aliyy\u0259ti il\u0259 m\u0259\u015f\u011ful olmaq ist\u0259y\u0259nl\u0259r \u00fc\u00e7\u00fcn test imtahan\u0131, 11-d\u0259 is\u0259 inzibati icra\u00e7\u0131 v\u0259zif\u0259l\u0259r (B n\u00f6v) \u00fczr\u0259 d\u00f6vl\u0259t qullu\u011funa q\u0259bul imtahan\u0131 ke\u00e7iril\u0259c\u0259k.<\/p>\n<p>Ali v\u0259 orta ixtisas t\u0259hsili m\u00fc\u0259ssis\u0259l\u0259rin\u0259 s\u0259n\u0259d q\u0259bulu v\u0259 \u0259vv\u0259lki ill\u0259rin m\u0259zunlar\u0131 \u00fc\u00e7\u00fcn ali v\u0259 orta ixtisas t\u0259hsili m\u00fc\u0259ssis\u0259l\u0259rin\u0259 q\u0259bul imtahan\u0131n\u0131n I m\u0259rh\u0259l\u0259sinin vaxt\u0131 bar\u0259d\u0259 mart ay\u0131n\u0131n sonlar\u0131nda m\u0259lumat veril\u0259c\u0259k.<\/p>\n","protected":false},"excerpt":{"rendered":"<p>2021-ci ilin aprel ay\u0131nda ke\u00e7irilm\u0259si n\u0259z\u0259rd\u0259 tutulan imtahanlar\u0131n qrafiki m\u00fc\u0259yy\u0259n olunub. Bu bar\u0259d\u0259 D\u00f6vl\u0259t \u0130mtahan M\u0259rk\u0259zi m\u0259lumat yay\u0131b. Bildirilib ki, m\u00fcvafiq qurumlar t\u0259r\u0259find\u0259n sanitar-epidemioloji v\u0259ziyy\u0259tin k\u00fctl\u0259vi imtahanlar\u0131n ke\u00e7irilm\u0259si \u00fc\u00e7\u00fcn \u0259lveri\u015fli hesab olunaca\u011f\u0131 t\u0259qdird\u0259 D\u00f6vl\u0259t \u0130mtahan M\u0259rk\u0259zi t\u0259r\u0259find\u0259n aprel ay\u0131 \u0259rzind\u0259 tam (11 illik) orta t\u0259hsil s\u0259viyy\u0259si \u00fczr\u0259 burax\u0131l\u0131\u015f imtahanlar\u0131n\u0131n ke\u00e7irilm\u0259si n\u0259z\u0259rd\u0259 tutulur. \u0130mtahan tarixl\u0259ri v\u0259 onlar\u0131n \u015f\u0259h\u0259r-rayonlar \u00fczr\u0259 b\u00f6lg\u00fcs\u00fc a\u015fa\u011f\u0131dak\u0131 c\u0259dv\u0259ld\u0259 verilib. Qeyd ed\u0259k ki, b\u00fct\u00fcn imtahanlar yen\u0259 d\u0259 Nazirl\u0259r Kabineti yan\u0131nda operativ q\u0259rargah\u0131n virusla ba\u011fl\u0131 t\u00f6vsiy\u0259l\u0259ri n\u0259z\u0259r\u0259 al\u0131nmaqla sosial m\u0259saf\u0259nin qorunmas\u0131, eyni binada imtahan ver\u0259nl\u0259rin say\u0131na m\u0259hdudiyy\u0259tin qoyulmas\u0131 v\u0259&hellip;<\/p>\n","protected":false},"author":2,"featured_media":312983,"comment_status":"closed","ping_status":"closed","sticky":false,"template":"","format":"standard","meta":{"om_disable_all_campaigns":false,"_monsterinsights_skip_tracking":false,"_monsterinsights_sitenote_active":false,"_monsterinsights_sitenote_note":"","_monsterinsights_sitenote_category":0},"categories":[23],"tags":[],"aioseo_notices":[],"gutentor_comment":0,"rttpg_featured_image_url":{"full":["https:\/\/arantv.az\/wp-content\/uploads\/2021\/03\/dinn.jpg",620,414,false],"landscape":["https:\/\/arantv.az\/wp-content\/uploads\/2021\/03\/dinn.jpg",620,414,false],"portraits":["https:\/\/arantv.az\/wp-content\/uploads\/2021\/03\/dinn.jpg",620,414,false],"thumbnail":["https:\/\/arantv.az\/wp-content\/uploads\/2021\/03\/dinn-150x150.jpg",150,150,true],"medium":["https:\/\/arantv.az\/wp-content\/uploads\/2021\/03\/dinn-300x200.jpg",300,200,true],"large":["https:\/\/arantv.az\/wp-content\/uploads\/2021\/03\/dinn.jpg",620,414,false],"1536x1536":["https:\/\/arantv.az\/wp-content\/uploads\/2021\/03\/dinn.jpg",620,414,false],"2048x2048":["https:\/\/arantv.az\/wp-content\/uploads\/2021\/03\/dinn.jpg",620,414,false],"post-thumbnail":["https:\/\/arantv.az\/wp-content\/uploads\/2021\/03\/dinn-240x172.jpg",240,172,true],"advps-thumb-one":["https:\/\/arantv.az\/wp-content\/uploads\/2021\/03\/dinn.jpg",620,414,false]},"rttpg_author":{"display_name":"V\u00fcsal Rafiqo\u011flu","author_link":"https:\/\/arantv.az\/?author=2"},"rttpg_comment":0,"rttpg_category":"<a href=\"https:\/\/arantv.az\/?cat=23\" rel=\"category\">T\u0259hsil<\/a>","rttpg_excerpt":"2021-ci ilin aprel ay\u0131nda ke\u00e7irilm\u0259si n\u0259z\u0259rd\u0259 tutulan imtahanlar\u0131n qrafiki m\u00fc\u0259yy\u0259n olunub. Bu bar\u0259d\u0259 D\u00f6vl\u0259t \u0130mtahan M\u0259rk\u0259zi m\u0259lumat yay\u0131b. Bildirilib ki, m\u00fcvafiq qurumlar t\u0259r\u0259find\u0259n sanitar-epidemioloji v\u0259ziyy\u0259tin k\u00fctl\u0259vi imtahanlar\u0131n ke\u00e7irilm\u0259si \u00fc\u00e7\u00fcn \u0259lveri\u015fli hesab olunaca\u011f\u0131 t\u0259qdird\u0259 D\u00f6vl\u0259t \u0130mtahan M\u0259rk\u0259zi t\u0259r\u0259find\u0259n aprel ay\u0131 \u0259rzind\u0259 tam (11 illik) orta t\u0259hsil s\u0259viyy\u0259si \u00fczr\u0259 burax\u0131l\u0131\u015f imtahanlar\u0131n\u0131n ke\u00e7irilm\u0259si n\u0259z\u0259rd\u0259 tutulur. \u0130mtahan tarixl\u0259ri v\u0259&hellip;","_links":{"self":[{"href":"https:\/\/arantv.az\/index.php?rest_route=\/wp\/v2\/posts\/312982"}],"collection":[{"href":"https:\/\/arantv.az\/index.php?rest_route=\/wp\/v2\/posts"}],"about":[{"href":"https:\/\/arantv.az\/index.php?rest_route=\/wp\/v2\/types\/post"}],"author":[{"embeddable":true,"href":"https:\/\/arantv.az\/index.php?rest_route=\/wp\/v2\/users\/2"}],"replies":[{"embeddable":true,"href":"https:\/\/arantv.az\/index.php?rest_route=%2Fwp%2Fv2%2Fcomments&post=312982"}],"version-history":[{"count":0,"href":"https:\/\/arantv.az\/index.php?rest_route=\/wp\/v2\/posts\/312982\/revisions"}],"wp:featuredmedia":[{"embeddable":true,"href":"https:\/\/arantv.az\/index.php?rest_route=\/wp\/v2\/media\/312983"}],"wp:attachment":[{"href":"https:\/\/arantv.az\/index.php?rest_route=%2Fwp%2Fv2%2Fmedia&parent=312982"}],"wp:term":[{"taxonomy":"category","embeddable":true,"href":"https:\/\/arantv.az\/index.php?rest_route=%2Fwp%2Fv2%2Fcategories&post=312982"},{"taxonomy":"post_tag","embeddable":true,"href":"https:\/\/arantv.az\/index.php?rest_route=%2Fwp%2Fv2%2Ftags&post=312982"}],"curies":[{"name":"wp","href":"https:\/\/api.w.org\/{rel}","templated":true}]}}