{"id":31378,"date":"2019-01-09T13:36:12","date_gmt":"2019-01-09T10:36:12","guid":{"rendered":"http:\/\/arantv.az\/?p=31378"},"modified":"2019-01-09T13:36:12","modified_gmt":"2019-01-09T10:36:12","slug":"tarixci-s%c9%99fir-az%c9%99rbaycan-adli-dovl%c9%99t-e-%c9%99-612-ci-ild%c9%99-yaranib","status":"publish","type":"post","link":"https:\/\/arantv.az\/?p=31378","title":{"rendered":"Tarix\u00e7i s\u0259fir: &#8220;&#8221;Az\u0259rbaycan&#8221; adl\u0131 d\u00f6vl\u0259t e.\u0259. 612-ci ild\u0259 yaran\u0131b&#8221;"},"content":{"rendered":"<blockquote><p><em><strong>M\u0259n Roma tarix\u00e7isi Ammian Marsellin (IV \u0259sr) v\u0259 &#8220;Karki de Bet Selox&#8221; adl\u0131 Suriya xronikas\u0131na (V \u0259sr) istinad ed\u0259r\u0259k bildirir\u0259m ki, &#8220;Az\u0259rbaycan&#8221; adl\u0131 d\u00f6vl\u0259t e.\u0259. VII \u0259srd\u0259 yaran\u0131b.<\/strong><\/em><\/p><\/blockquote>\n<p><strong>ARANTV.AZ<\/strong> trend-\u0259 istinad\u0259n x\u0259b\u0259r verir ki, bunu Az\u0259rbaycan\u0131n Pol\u015fadak\u0131 f\u00f6vq\u0259lad\u0259 v\u0259 s\u0259lahiyy\u0259tli s\u0259firi, tarix elml\u0259ri doktoru H\u0259s\u0259n H\u0259s\u0259nov AMEA Tarix \u0130nstitutunun Elmi \u015euras\u0131n\u0131n geni\u015fl\u0259ndirilmi\u015f iclas\u0131nda &#8220;Az\u0259rbaycan&#8221; adl\u0131 d\u00f6vl\u0259tin yaranma tarixi bar\u0259d\u0259 dan\u0131\u015fark\u0259n deyib.<\/p>\n<p>H.H\u0259s\u0259nov iclasda tarix\u00e7i aliml\u0259r\u0259 &#8220;Az\u0259rbaycan&#8221; adl\u0131 d\u00f6vl\u0259tin A\u015f\u015fur imperiyas\u0131n\u0131n s\u00fcqutundan d\u0259rhal sonra yarand\u0131\u011f\u0131n\u0131 t\u0259sdiql\u0259m\u0259y\u0259 imkan ver\u0259n konsepsiya bar\u0259d\u0259 \u0259trafl\u0131 m\u0259lumat verib. O bildirib ki, Atropatena \u00f6lk\u0259sinin ad\u0131 m\u00fcasir &#8220;Az\u0259rbaycan&#8221; anlay\u0131\u015f\u0131n\u0131n fonetik versiyas\u0131d\u0131r: &#8220;\u0130ndiy\u0259 kimi elmimizd\u0259 Atropatena d\u00f6vl\u0259tinin Makedoniyal\u0131 \u0130sg\u0259nd\u0259rin \u00f6l\u00fcm\u00fcnd\u0259n sonra e.\u0259. 321-ci ild\u0259 yarand\u0131\u011f\u0131 bildirilir. \u018fslind\u0259 Atropatena e.\u0259. IV \u0259srd\u0259 yarad\u0131lmay\u0131b, e.\u0259. 321-ci ild\u0259 sad\u0259c\u0259 olaraq onun m\u00fcst\u0259qilliyi b\u0259rpa olunub. Adlar\u0131 \u00e7\u0259kil\u0259n q\u0259dim Suriya v\u0259 Roma m\u0259nb\u0259l\u0259ri \u0259sas verir ki, e. \u0259. 612-ci ild\u0259 A\u015f\u015fur imperiyas\u0131n\u0131n s\u00fcqutu n\u0259tic\u0259sind\u0259 &#8220;Atropatena (Adorbayqan)&#8221; adl\u0131 d\u00f6vl\u0259tin yarand\u0131\u011f\u0131n\u0131 t\u0259sdiq ed\u0259k&#8221;.<\/p>\n<p>H.H\u0259s\u0259nov qeyd edib ki, e.\u0259. 612-ci il &#8220;Az\u0259rbaycan&#8221; adl\u0131 d\u00f6vl\u0259tin yarand\u0131\u011f\u0131 ildir.<\/p>\n<p>Tarix\u00e7i alimin s\u00f6zl\u0259rin\u0259 g\u00f6r\u0259, d\u00f6vl\u0259timizin v\u0259 xalq\u0131m\u0131z\u0131n adlar\u0131n\u0131n \u0259sas\u0131n\u0131 t\u0259\u015fkil ed\u0259n Atarpatena\/Atropatena\/Adorbayqan s\u00f6z\u00fc n\u0259 fars, n\u0259 d\u0259 yunan m\u0259n\u015f\u0259lidir:<\/p>\n<p>&#8220;V \u0259sr Suriya m\u0259nb\u0259sin\u0259 g\u00f6r\u0259, onun k\u00f6k\u00fcnd\u0259 2700 il bundan \u0259vv\u0259l d\u00f6vl\u0259timizi yaradan s\u0259rk\u0259rd\u0259nin valilik titulu olan &#8220;Arpat&#8221; v\u0259 yaxud &#8220;Orbay&#8221; durur. Atropatenan\u0131n \u0259razisi \u015fimal-q\u0259rbd\u0259 Qara d\u0259niz\u0259, \u015fimalda is\u0259 Ba\u015f Qafqaz da\u011flar\u0131nad\u0259k olan \u0259razil\u0259ri \u0259hat\u0259 edirdi&#8221;.<\/p>\n<p>H.H\u0259s\u0259nov m\u0259ruz\u0259sind\u0259 bildirib ki, Albaniya d\u00f6vl\u0259ti e.\u0259. I \u0259srd\u0259 yaran\u0131b:<\/p>\n<p>&#8220;Albaniya d\u00f6vl\u0259tinin yarand\u0131\u011f\u0131 \u0259razi e.\u0259. 612-ci ild\u0259n e.\u0259. II-I \u0259srl\u0259r\u0259 q\u0259d\u0259r Adorbayqan\/Atropatena\/Atarpatena adlanan d\u00f6vl\u0259tin t\u0259rkib hiss\u0259si olub. Alban \u00e7arl\u0131\u011f\u0131 kimmerl\u0259rin Qamir d\u00f6vl\u0259ti v\u0259 skifl\u0259rin A\u015fquz \u00e7arl\u0131\u011f\u0131n\u0131n h\u00fcquqi varisi say\u0131l\u0131r&#8221;.<\/p>\n<p>Tarix \u0130nstitutunun direktoru Yaqub Mahmudov bildirib ki, H.H\u0259s\u0259novun Elmi \u015eurada qald\u0131rd\u0131\u011f\u0131 m\u0259s\u0259l\u0259l\u0259r ilk m\u0259nb\u0259l\u0259r\u0259 v\u0259 elmi \u0259d\u0259biyyata, x\u00fcsus\u0259n q\u0259rb m\u0259nb\u0259l\u0259rin\u0259 v\u0259 Avropa tarix\u00e7il\u0259rinin \u0259s\u0259rl\u0259rin\u0259 \u0259saslan\u0131r: &#8220;Ona g\u00f6r\u0259 d\u0259 ciddi elmi maraq do\u011furur. Elmd\u0259 yeni fikirl\u0259r s\u00fcng\u00fc il\u0259 qar\u015f\u0131lanmamal\u0131, onlara layiqinc\u0259 yer verilm\u0259li, t\u0259dqiqatlar daha da geni\u015fl\u0259ndirilm\u0259lidir&#8221;.<\/p>\n","protected":false},"excerpt":{"rendered":"<p>M\u0259n Roma tarix\u00e7isi Ammian Marsellin (IV \u0259sr) v\u0259 &#8220;Karki de Bet Selox&#8221; adl\u0131 Suriya xronikas\u0131na (V \u0259sr) istinad ed\u0259r\u0259k bildirir\u0259m ki, &#8220;Az\u0259rbaycan&#8221; adl\u0131 d\u00f6vl\u0259t e.\u0259. VII \u0259srd\u0259 yaran\u0131b. ARANTV.AZ trend-\u0259 istinad\u0259n x\u0259b\u0259r verir ki, bunu Az\u0259rbaycan\u0131n Pol\u015fadak\u0131 f\u00f6vq\u0259lad\u0259 v\u0259 s\u0259lahiyy\u0259tli s\u0259firi, tarix elml\u0259ri doktoru H\u0259s\u0259n H\u0259s\u0259nov AMEA Tarix \u0130nstitutunun Elmi \u015euras\u0131n\u0131n geni\u015fl\u0259ndirilmi\u015f iclas\u0131nda &#8220;Az\u0259rbaycan&#8221; adl\u0131 d\u00f6vl\u0259tin yaranma tarixi bar\u0259d\u0259 dan\u0131\u015fark\u0259n deyib. H.H\u0259s\u0259nov iclasda tarix\u00e7i aliml\u0259r\u0259 &#8220;Az\u0259rbaycan&#8221; adl\u0131 d\u00f6vl\u0259tin A\u015f\u015fur imperiyas\u0131n\u0131n s\u00fcqutundan d\u0259rhal sonra yarand\u0131\u011f\u0131n\u0131 t\u0259sdiql\u0259m\u0259y\u0259 imkan ver\u0259n konsepsiya bar\u0259d\u0259 \u0259trafl\u0131 m\u0259lumat verib. O bildirib ki, Atropatena \u00f6lk\u0259sinin ad\u0131 m\u00fcasir &#8220;Az\u0259rbaycan&#8221;&hellip;<\/p>\n","protected":false},"author":2,"featured_media":31379,"comment_status":"closed","ping_status":"closed","sticky":false,"template":"","format":"standard","meta":{"om_disable_all_campaigns":false,"_monsterinsights_skip_tracking":false,"_monsterinsights_sitenote_active":false,"_monsterinsights_sitenote_note":"","_monsterinsights_sitenote_category":0},"categories":[4],"tags":[],"aioseo_notices":[],"gutentor_comment":0,"rttpg_featured_image_url":{"full":["https:\/\/arantv.az\/wp-content\/uploads\/2019\/01\/719650.jpg",800,600,false],"landscape":["https:\/\/arantv.az\/wp-content\/uploads\/2019\/01\/719650.jpg",800,600,false],"portraits":["https:\/\/arantv.az\/wp-content\/uploads\/2019\/01\/719650.jpg",800,600,false],"thumbnail":["https:\/\/arantv.az\/wp-content\/uploads\/2019\/01\/719650-150x150.jpg",150,150,true],"medium":["https:\/\/arantv.az\/wp-content\/uploads\/2019\/01\/719650-300x225.jpg",300,225,true],"large":["https:\/\/arantv.az\/wp-content\/uploads\/2019\/01\/719650.jpg",640,480,false],"1536x1536":["https:\/\/arantv.az\/wp-content\/uploads\/2019\/01\/719650.jpg",800,600,false],"2048x2048":["https:\/\/arantv.az\/wp-content\/uploads\/2019\/01\/719650.jpg",800,600,false],"post-thumbnail":["https:\/\/arantv.az\/wp-content\/uploads\/2019\/01\/719650-240x172.jpg",240,172,true],"advps-thumb-one":["https:\/\/arantv.az\/wp-content\/uploads\/2019\/01\/719650.jpg",800,600,false]},"rttpg_author":{"display_name":"V\u00fcsal Rafiqo\u011flu","author_link":"https:\/\/arantv.az\/?author=2"},"rttpg_comment":0,"rttpg_category":"<a href=\"https:\/\/arantv.az\/?cat=4\" rel=\"category\">Siyas\u0259t<\/a>","rttpg_excerpt":"M\u0259n Roma tarix\u00e7isi Ammian Marsellin (IV \u0259sr) v\u0259 &#8220;Karki de Bet Selox&#8221; adl\u0131 Suriya xronikas\u0131na (V \u0259sr) istinad ed\u0259r\u0259k bildirir\u0259m ki, &#8220;Az\u0259rbaycan&#8221; adl\u0131 d\u00f6vl\u0259t e.\u0259. VII \u0259srd\u0259 yaran\u0131b. ARANTV.AZ trend-\u0259 istinad\u0259n x\u0259b\u0259r verir ki, bunu Az\u0259rbaycan\u0131n Pol\u015fadak\u0131 f\u00f6vq\u0259lad\u0259 v\u0259 s\u0259lahiyy\u0259tli s\u0259firi, tarix elml\u0259ri doktoru H\u0259s\u0259n H\u0259s\u0259nov AMEA Tarix \u0130nstitutunun Elmi \u015euras\u0131n\u0131n geni\u015fl\u0259ndirilmi\u015f iclas\u0131nda &#8220;Az\u0259rbaycan&#8221; adl\u0131&hellip;","_links":{"self":[{"href":"https:\/\/arantv.az\/index.php?rest_route=\/wp\/v2\/posts\/31378"}],"collection":[{"href":"https:\/\/arantv.az\/index.php?rest_route=\/wp\/v2\/posts"}],"about":[{"href":"https:\/\/arantv.az\/index.php?rest_route=\/wp\/v2\/types\/post"}],"author":[{"embeddable":true,"href":"https:\/\/arantv.az\/index.php?rest_route=\/wp\/v2\/users\/2"}],"replies":[{"embeddable":true,"href":"https:\/\/arantv.az\/index.php?rest_route=%2Fwp%2Fv2%2Fcomments&post=31378"}],"version-history":[{"count":0,"href":"https:\/\/arantv.az\/index.php?rest_route=\/wp\/v2\/posts\/31378\/revisions"}],"wp:featuredmedia":[{"embeddable":true,"href":"https:\/\/arantv.az\/index.php?rest_route=\/wp\/v2\/media\/31379"}],"wp:attachment":[{"href":"https:\/\/arantv.az\/index.php?rest_route=%2Fwp%2Fv2%2Fmedia&parent=31378"}],"wp:term":[{"taxonomy":"category","embeddable":true,"href":"https:\/\/arantv.az\/index.php?rest_route=%2Fwp%2Fv2%2Fcategories&post=31378"},{"taxonomy":"post_tag","embeddable":true,"href":"https:\/\/arantv.az\/index.php?rest_route=%2Fwp%2Fv2%2Ftags&post=31378"}],"curies":[{"name":"wp","href":"https:\/\/api.w.org\/{rel}","templated":true}]}}