{"id":31381,"date":"2019-01-09T13:37:46","date_gmt":"2019-01-09T10:37:46","guid":{"rendered":"http:\/\/arantv.az\/?p=31381"},"modified":"2019-01-09T13:37:46","modified_gmt":"2019-01-09T10:37:46","slug":"az%c9%99rbaycanda-576-yasayis-m%c9%99nt%c9%99q%c9%99si-sel-riski-altindadir","status":"publish","type":"post","link":"https:\/\/arantv.az\/?p=31381","title":{"rendered":"Az\u0259rbaycanda 576 ya\u015fay\u0131\u015f m\u0259nt\u0259q\u0259si sel riski alt\u0131ndad\u0131r"},"content":{"rendered":"<blockquote><p><em><strong>Az\u0259rbaycanda 1,2 milyon \u0259halinin ya\u015fad\u0131\u011f\u0131 576 ya\u015fay\u0131\u015f m\u0259nt\u0259q\u0259sinin sel riski alt\u0131nda olmas\u0131 m\u00fc\u0259yy\u0259n edilib.<\/strong><\/em><\/p><\/blockquote>\n<p><strong>ARANTV.AZ<\/strong>\u00a0 x\u0259b\u0259r verir ki, bunu\u00a0<a href=\"https:\/\/az.trend.az\/\" target=\"_blank\" rel=\"noopener\">Trend<\/a>-\u0259 t\u0259dqiqat\u0131 aparm\u0131\u015f Milli Elml\u0259r Akademiyas\u0131n\u0131n Co\u011frafiya \u0130nstitutunun Az\u0259rbaycan\u0131n iqtisadi v\u0259 siyasi co\u011frafiyas\u0131 \u015f\u00f6b\u0259sinin m\u00fcdiri, co\u011frafiya \u00fczr\u0259 elml\u0259r doktoru N\u0259riman Pa\u015fayev deyib.<\/p>\n<p>Selin Az\u0259rbaycanda geni\u015f yay\u0131lan v\u0259 getdikc\u0259 intensiv xarakter alan t\u0259bii f\u0259lak\u0259tl\u0259rd\u0259n biri oldu\u011funu n\u0259z\u0259r\u0259 \u00e7atd\u0131ran N.Pa\u015fayev \u0259lav\u0259 edib ki, gursulu \u00e7aylar\u0131n h\u00f6vz\u0259l\u0259rind\u0259 antropogen y\u00fckl\u0259nm\u0259 v\u0259 \u0259halinin \u0259traf m\u00fchit\u0259 qar\u015f\u0131 m\u00fcdaxil\u0259si 1990-c\u0131 ill\u0259 m\u00fcqayis\u0259d\u0259 3-4 d\u0259f\u0259 art\u0131\u011f\u0131ndan Az\u0259rbaycan Qafqazda yen\u0259 d\u0259 \u0259n \u00e7ox sel t\u0259hl\u00fck\u0259si olan \u0259razil\u0259rd\u0259n biri kimi qal\u0131r:<\/p>\n<div id=\"AdributorNativeVideo0\" class=\"AdributorNativeVideo\"><\/div>\n<p>&#8220;B\u00fct\u00fcn bunlarla yana\u015f\u0131, indiy\u0259 q\u0259d\u0259r Az\u0259rbaycanda bu t\u0259bii f\u0259lak\u0259tin formala\u015fmas\u0131na qar\u015f\u0131 kompleks m\u00fcbariz\u0259 t\u0259dbirl\u0259ri apar\u0131lmay\u0131b. Sel\u0259 qar\u015f\u0131 apar\u0131lan m\u00fcbariz\u0259 t\u0259dbirl\u0259ri \u0259sas\u0259n, sel t\u0259hl\u00fck\u0259si olan \u00e7aylarda betondan sahil-qoruyucu dambalar\u0131n tikilm\u0259si olub&#8221;.<\/p>\n<p>M\u00fct\u0259x\u0259ssis \u0259lav\u0259 edib ki, haz\u0131rda Az\u0259rbaycanda 150 gursulu \u00e7ay\u0131n 67-sinin daha \u00e7ox riskli oldu\u011funu n\u0259z\u0259r\u0259 al\u0131b F\u00f6vq\u0259lad\u0259 Hallar Nazirliyi v\u0259 Ekologiya v\u0259 T\u0259bii S\u0259rv\u0259tl\u0259r Nazirliyinin n\u0259zar\u0259ti alt\u0131nda ilkin m\u0259rh\u0259l\u0259d\u0259 \u0259sas\u0259n, \u015e\u0259ki-Zaqatala v\u0259 Nax\u00e7\u0131van Muxtar Respublikas\u0131, sonrak\u0131 m\u0259rh\u0259l\u0259d\u0259 G\u0259nc\u0259-Qazax v\u0259 Quba-Xa\u00e7maz iqtisadi rayonlar\u0131n\u0131n \u0259razisni \u0259hat\u0259 ed\u0259n, sel t\u0259hl\u00fck\u0259sini x\u0259b\u0259r ver\u0259n 4 avtomatik x\u0259b\u0259rdarl\u0131q sisteminin yarad\u0131lmas\u0131 vacibdir.<\/p>\n","protected":false},"excerpt":{"rendered":"<p>Az\u0259rbaycanda 1,2 milyon \u0259halinin ya\u015fad\u0131\u011f\u0131 576 ya\u015fay\u0131\u015f m\u0259nt\u0259q\u0259sinin sel riski alt\u0131nda olmas\u0131 m\u00fc\u0259yy\u0259n edilib. ARANTV.AZ\u00a0 x\u0259b\u0259r verir ki, bunu\u00a0Trend-\u0259 t\u0259dqiqat\u0131 aparm\u0131\u015f Milli Elml\u0259r Akademiyas\u0131n\u0131n Co\u011frafiya \u0130nstitutunun Az\u0259rbaycan\u0131n iqtisadi v\u0259 siyasi co\u011frafiyas\u0131 \u015f\u00f6b\u0259sinin m\u00fcdiri, co\u011frafiya \u00fczr\u0259 elml\u0259r doktoru N\u0259riman Pa\u015fayev deyib. Selin Az\u0259rbaycanda geni\u015f yay\u0131lan v\u0259 getdikc\u0259 intensiv xarakter alan t\u0259bii f\u0259lak\u0259tl\u0259rd\u0259n biri oldu\u011funu n\u0259z\u0259r\u0259 \u00e7atd\u0131ran N.Pa\u015fayev \u0259lav\u0259 edib ki, gursulu \u00e7aylar\u0131n h\u00f6vz\u0259l\u0259rind\u0259 antropogen y\u00fckl\u0259nm\u0259 v\u0259 \u0259halinin \u0259traf m\u00fchit\u0259 qar\u015f\u0131 m\u00fcdaxil\u0259si 1990-c\u0131 ill\u0259 m\u00fcqayis\u0259d\u0259 3-4 d\u0259f\u0259 art\u0131\u011f\u0131ndan Az\u0259rbaycan Qafqazda yen\u0259 d\u0259 \u0259n \u00e7ox sel t\u0259hl\u00fck\u0259si olan \u0259razil\u0259rd\u0259n biri kimi qal\u0131r: &#8220;B\u00fct\u00fcn&hellip;<\/p>\n","protected":false},"author":2,"featured_media":31382,"comment_status":"closed","ping_status":"closed","sticky":false,"template":"","format":"standard","meta":{"om_disable_all_campaigns":false,"_monsterinsights_skip_tracking":false,"_monsterinsights_sitenote_active":false,"_monsterinsights_sitenote_note":"","_monsterinsights_sitenote_category":0},"categories":[1],"tags":[],"aioseo_notices":[],"gutentor_comment":0,"rttpg_featured_image_url":{"full":["https:\/\/arantv.az\/wp-content\/uploads\/2019\/01\/719661.jpg",800,600,false],"landscape":["https:\/\/arantv.az\/wp-content\/uploads\/2019\/01\/719661.jpg",800,600,false],"portraits":["https:\/\/arantv.az\/wp-content\/uploads\/2019\/01\/719661.jpg",800,600,false],"thumbnail":["https:\/\/arantv.az\/wp-content\/uploads\/2019\/01\/719661-150x150.jpg",150,150,true],"medium":["https:\/\/arantv.az\/wp-content\/uploads\/2019\/01\/719661-300x225.jpg",300,225,true],"large":["https:\/\/arantv.az\/wp-content\/uploads\/2019\/01\/719661.jpg",640,480,false],"1536x1536":["https:\/\/arantv.az\/wp-content\/uploads\/2019\/01\/719661.jpg",800,600,false],"2048x2048":["https:\/\/arantv.az\/wp-content\/uploads\/2019\/01\/719661.jpg",800,600,false],"post-thumbnail":["https:\/\/arantv.az\/wp-content\/uploads\/2019\/01\/719661-240x172.jpg",240,172,true],"advps-thumb-one":["https:\/\/arantv.az\/wp-content\/uploads\/2019\/01\/719661.jpg",800,600,false]},"rttpg_author":{"display_name":"V\u00fcsal Rafiqo\u011flu","author_link":"https:\/\/arantv.az\/?author=2"},"rttpg_comment":0,"rttpg_category":"<a href=\"https:\/\/arantv.az\/?cat=1\" rel=\"category\">C\u0259miyy\u0259t<\/a>","rttpg_excerpt":"Az\u0259rbaycanda 1,2 milyon \u0259halinin ya\u015fad\u0131\u011f\u0131 576 ya\u015fay\u0131\u015f m\u0259nt\u0259q\u0259sinin sel riski alt\u0131nda olmas\u0131 m\u00fc\u0259yy\u0259n edilib. ARANTV.AZ\u00a0 x\u0259b\u0259r verir ki, bunu\u00a0Trend-\u0259 t\u0259dqiqat\u0131 aparm\u0131\u015f Milli Elml\u0259r Akademiyas\u0131n\u0131n Co\u011frafiya \u0130nstitutunun Az\u0259rbaycan\u0131n iqtisadi v\u0259 siyasi co\u011frafiyas\u0131 \u015f\u00f6b\u0259sinin m\u00fcdiri, co\u011frafiya \u00fczr\u0259 elml\u0259r doktoru N\u0259riman Pa\u015fayev deyib. Selin Az\u0259rbaycanda geni\u015f yay\u0131lan v\u0259 getdikc\u0259 intensiv xarakter alan t\u0259bii f\u0259lak\u0259tl\u0259rd\u0259n biri oldu\u011funu n\u0259z\u0259r\u0259 \u00e7atd\u0131ran&hellip;","_links":{"self":[{"href":"https:\/\/arantv.az\/index.php?rest_route=\/wp\/v2\/posts\/31381"}],"collection":[{"href":"https:\/\/arantv.az\/index.php?rest_route=\/wp\/v2\/posts"}],"about":[{"href":"https:\/\/arantv.az\/index.php?rest_route=\/wp\/v2\/types\/post"}],"author":[{"embeddable":true,"href":"https:\/\/arantv.az\/index.php?rest_route=\/wp\/v2\/users\/2"}],"replies":[{"embeddable":true,"href":"https:\/\/arantv.az\/index.php?rest_route=%2Fwp%2Fv2%2Fcomments&post=31381"}],"version-history":[{"count":0,"href":"https:\/\/arantv.az\/index.php?rest_route=\/wp\/v2\/posts\/31381\/revisions"}],"wp:featuredmedia":[{"embeddable":true,"href":"https:\/\/arantv.az\/index.php?rest_route=\/wp\/v2\/media\/31382"}],"wp:attachment":[{"href":"https:\/\/arantv.az\/index.php?rest_route=%2Fwp%2Fv2%2Fmedia&parent=31381"}],"wp:term":[{"taxonomy":"category","embeddable":true,"href":"https:\/\/arantv.az\/index.php?rest_route=%2Fwp%2Fv2%2Fcategories&post=31381"},{"taxonomy":"post_tag","embeddable":true,"href":"https:\/\/arantv.az\/index.php?rest_route=%2Fwp%2Fv2%2Ftags&post=31381"}],"curies":[{"name":"wp","href":"https:\/\/api.w.org\/{rel}","templated":true}]}}