{"id":31384,"date":"2019-01-09T13:40:14","date_gmt":"2019-01-09T10:40:14","guid":{"rendered":"http:\/\/arantv.az\/?p=31384"},"modified":"2019-01-09T13:40:14","modified_gmt":"2019-01-09T10:40:14","slug":"salyanda-namus-cinay%c9%99ti-qardasi-arvadini-basqa-kisi-il%c9%99-tutdu-v%c9%99","status":"publish","type":"post","link":"https:\/\/arantv.az\/?p=31384","title":{"rendered":"Salyanda namus cinay\u0259ti \u2014 Qarda\u015f\u0131 arvad\u0131n\u0131 ba\u015fqa ki\u015fi il\u0259 tutdu v\u0259&#8230;"},"content":{"rendered":"<div class=\"spot\">Qarda\u015f\u0131 arvad\u0131n\u0131n \u00f6l\u00fcm\u00fcnd\u0259 t\u0259qsirli bilin\u0259r\u0259k m\u0259hkum olunan \u015f\u0259xs c\u0259zas\u0131n\u0131n azald\u0131lmas\u0131 \u00fc\u00e7\u00fcn Ali M\u0259hk\u0259m\u0259y\u0259 m\u00fcraci\u0259t edib.<\/div>\n<p><strong>ARANTV.AZ<\/strong>-\u0131n m\u0259lumat\u0131na g\u00f6r\u0259, cinay\u0259t m\u0259c\u0259ll\u0259sinin q\u0259sd\u0259n adam \u00f6ld\u00fcrm\u0259 madd\u0259si il\u0259 m\u0259hkum olunan Quliyev Zaur Rahib o\u011flunun m\u0259hk\u0259m\u0259 prosesi yanvar ay\u0131n\u0131n 15-d\u0259 hakim G\u00fclzar Rzayevan\u0131n s\u0259drliyi il\u0259 ke\u00e7iril\u0259c\u0259k.<\/p>\n<p>Qeyd ed\u0259k ki, 2016-c\u0131 ilin oktyabr ay\u0131nda 1983-c\u00fc il t\u0259v\u0259ll\u00fcdl\u00fc Quliyev M\u0259mm\u0259da\u011fa Rahib o\u011flu h\u0259yat yolda\u015f\u0131, Salyan \u015f\u0259h\u0259r sakini, 1991-ci il t\u0259v\u0259ll\u00fcdl\u00fc G\u00fcl\u015f\u0259n Feyziyevan\u0131 q\u0131sqancl\u0131q z\u0259minind\u0259 bo\u011faraq \u00f6ld\u00fcr\u00fcb. \u0130lk \u0259vv\u0259l G\u00fcl\u015f\u0259n Feyziyevan\u0131n x\u0259st\u0259likd\u0259n (q\u0131colmadan) v\u0259fat etdiyi bildirils\u0259 d\u0259, sonradan Salyan rayon Prokurorlu\u011funun apard\u0131\u011f\u0131 ara\u015fd\u0131rmalar n\u0259tic\u0259sind\u0259 onun h\u0259yat yolda\u015f\u0131 M\u0259mm\u0259da\u011fa Quliyev t\u0259r\u0259find\u0259n q\u0259tl\u0259 yetirildiyi m\u0259lum olub. 26 ya\u015fl\u0131 qad\u0131n\u0131n meyiti eksqumasiya edilib v\u0259 ekspertizadan ke\u00e7irilib.<\/p>\n<p>Ekspertiza n\u0259tic\u0259sind\u0259 m\u0259lum olub ki, qad\u0131n \u0259ll\u0259 bo\u011fularaq q\u0259tl\u0259 yetirilib. \u0130\u015f \u00fczr\u0259 t\u0259qsirl\u0259ndiril\u0259n dig\u0259r \u015f\u0259xs &#8211; M. Quliyevin qarda\u015f\u0131 Zaur Quliyevin h\u0259min ilin oktyabr\u0131n 4-d\u0259 m\u0259rhum G\u00fcl\u015f\u0259n Feyziyeva il\u0259 bir otaqda tutdu\u011fu Salyan sakini, 1994-c\u00fc il t\u0259v\u0259ll\u00fcdl\u00fc Nurlan Nural\u0131 o\u011flu Xanki\u015fiyevi b\u0131\u00e7aqlad\u0131\u011f\u0131 qeyd olunur. Qarda\u015f\u0131n\u0131n \u00e7a\u011f\u0131r\u0131\u015f\u0131 il\u0259 h\u0259min g\u00fcn Bak\u0131dan ev\u0259 d\u00f6n\u0259n M. Quliyevin h\u0259yat yolda\u015f\u0131n\u0131 bo\u011faraq q\u0259tl\u0259 yetirm\u0259sin\u0259 m\u0259hz bu olay s\u0259b\u0259b olub. L\u0259nk\u0259ran A\u011f\u0131r Cinay\u0259tl\u0259r M\u0259hk\u0259m\u0259sinin h\u00f6km\u00fc il\u0259 Quliyev M\u0259mm\u0259da\u011fa Rahib o\u011flu 16 il, qarda\u015f\u0131 Quliyev Zaur Rahib o\u011flu is\u0259 7 il 10 ay m\u00fcdd\u0259tin\u0259 azadl\u0131qdan m\u0259hrum edilib. Bundan sonra 2017-ci ilin noyabr ay\u0131nda \u015eirvan Apellyasiya M\u0259hk\u0259m\u0259sind\u0259 qarda\u015flar\u0131n \u015fikay\u0259tin\u0259 bax\u0131l\u0131b.<\/p>\n<div id=\"AdributorNativeVideo0\" class=\"AdributorNativeVideo\"><\/div>\n<p>Hakim Etibar Camalovun s\u0259drliyi il\u0259 ke\u00e7iril\u0259n prosesd\u0259 Quliyev M\u0259mm\u0259da\u011fa Rahib o\u011flunun apellyasiya \u015fikay\u0259ti qism\u0259n t\u0259min edilib. Birinci instansiya m\u0259hk\u0259m\u0259sinin q\u0259rar\u0131 d\u0259yi\u015fdiril\u0259r\u0259k h\u0259bs m\u00fcdd\u0259ti 1 il azald\u0131l\u0131b. Onun qarda\u015f\u0131 Quliyev Zaur Rahib o\u011flunun is\u0259 apellyasiya \u015fikay\u0259ti t\u0259min edilm\u0259yib.<\/p>\n<p><em><br \/>\n\u00d6lk\u0259.Az<\/em><\/p>\n","protected":false},"excerpt":{"rendered":"<p>Qarda\u015f\u0131 arvad\u0131n\u0131n \u00f6l\u00fcm\u00fcnd\u0259 t\u0259qsirli bilin\u0259r\u0259k m\u0259hkum olunan \u015f\u0259xs c\u0259zas\u0131n\u0131n azald\u0131lmas\u0131 \u00fc\u00e7\u00fcn Ali M\u0259hk\u0259m\u0259y\u0259 m\u00fcraci\u0259t edib. ARANTV.AZ-\u0131n m\u0259lumat\u0131na g\u00f6r\u0259, cinay\u0259t m\u0259c\u0259ll\u0259sinin q\u0259sd\u0259n adam \u00f6ld\u00fcrm\u0259 madd\u0259si il\u0259 m\u0259hkum olunan Quliyev Zaur Rahib o\u011flunun m\u0259hk\u0259m\u0259 prosesi yanvar ay\u0131n\u0131n 15-d\u0259 hakim G\u00fclzar Rzayevan\u0131n s\u0259drliyi il\u0259 ke\u00e7iril\u0259c\u0259k. Qeyd ed\u0259k ki, 2016-c\u0131 ilin oktyabr ay\u0131nda 1983-c\u00fc il t\u0259v\u0259ll\u00fcdl\u00fc Quliyev M\u0259mm\u0259da\u011fa Rahib o\u011flu h\u0259yat yolda\u015f\u0131, Salyan \u015f\u0259h\u0259r sakini, 1991-ci il t\u0259v\u0259ll\u00fcdl\u00fc G\u00fcl\u015f\u0259n Feyziyevan\u0131 q\u0131sqancl\u0131q z\u0259minind\u0259 bo\u011faraq \u00f6ld\u00fcr\u00fcb. \u0130lk \u0259vv\u0259l G\u00fcl\u015f\u0259n Feyziyevan\u0131n x\u0259st\u0259likd\u0259n (q\u0131colmadan) v\u0259fat etdiyi bildirils\u0259 d\u0259, sonradan Salyan rayon Prokurorlu\u011funun apard\u0131\u011f\u0131 ara\u015fd\u0131rmalar n\u0259tic\u0259sind\u0259 onun h\u0259yat yolda\u015f\u0131&hellip;<\/p>\n","protected":false},"author":2,"featured_media":31385,"comment_status":"closed","ping_status":"closed","sticky":false,"template":"","format":"standard","meta":{"om_disable_all_campaigns":false,"_monsterinsights_skip_tracking":false,"_monsterinsights_sitenote_active":false,"_monsterinsights_sitenote_note":"","_monsterinsights_sitenote_category":0},"categories":[3],"tags":[],"aioseo_notices":[],"gutentor_comment":0,"rttpg_featured_image_url":{"full":["https:\/\/arantv.az\/wp-content\/uploads\/2019\/01\/xeyanett.jpg",620,375,false],"landscape":["https:\/\/arantv.az\/wp-content\/uploads\/2019\/01\/xeyanett.jpg",620,375,false],"portraits":["https:\/\/arantv.az\/wp-content\/uploads\/2019\/01\/xeyanett.jpg",620,375,false],"thumbnail":["https:\/\/arantv.az\/wp-content\/uploads\/2019\/01\/xeyanett-150x150.jpg",150,150,true],"medium":["https:\/\/arantv.az\/wp-content\/uploads\/2019\/01\/xeyanett-300x181.jpg",300,181,true],"large":["https:\/\/arantv.az\/wp-content\/uploads\/2019\/01\/xeyanett.jpg",620,375,false],"1536x1536":["https:\/\/arantv.az\/wp-content\/uploads\/2019\/01\/xeyanett.jpg",620,375,false],"2048x2048":["https:\/\/arantv.az\/wp-content\/uploads\/2019\/01\/xeyanett.jpg",620,375,false],"post-thumbnail":["https:\/\/arantv.az\/wp-content\/uploads\/2019\/01\/xeyanett-240x172.jpg",240,172,true],"advps-thumb-one":["https:\/\/arantv.az\/wp-content\/uploads\/2019\/01\/xeyanett.jpg",620,375,false]},"rttpg_author":{"display_name":"V\u00fcsal Rafiqo\u011flu","author_link":"https:\/\/arantv.az\/?author=2"},"rttpg_comment":0,"rttpg_category":"<a href=\"https:\/\/arantv.az\/?cat=3\" rel=\"category\">Kriminal<\/a>","rttpg_excerpt":"Qarda\u015f\u0131 arvad\u0131n\u0131n \u00f6l\u00fcm\u00fcnd\u0259 t\u0259qsirli bilin\u0259r\u0259k m\u0259hkum olunan \u015f\u0259xs c\u0259zas\u0131n\u0131n azald\u0131lmas\u0131 \u00fc\u00e7\u00fcn Ali M\u0259hk\u0259m\u0259y\u0259 m\u00fcraci\u0259t edib. ARANTV.AZ-\u0131n m\u0259lumat\u0131na g\u00f6r\u0259, cinay\u0259t m\u0259c\u0259ll\u0259sinin q\u0259sd\u0259n adam \u00f6ld\u00fcrm\u0259 madd\u0259si il\u0259 m\u0259hkum olunan Quliyev Zaur Rahib o\u011flunun m\u0259hk\u0259m\u0259 prosesi yanvar ay\u0131n\u0131n 15-d\u0259 hakim G\u00fclzar Rzayevan\u0131n s\u0259drliyi il\u0259 ke\u00e7iril\u0259c\u0259k. Qeyd ed\u0259k ki, 2016-c\u0131 ilin oktyabr ay\u0131nda 1983-c\u00fc il t\u0259v\u0259ll\u00fcdl\u00fc Quliyev M\u0259mm\u0259da\u011fa Rahib&hellip;","_links":{"self":[{"href":"https:\/\/arantv.az\/index.php?rest_route=\/wp\/v2\/posts\/31384"}],"collection":[{"href":"https:\/\/arantv.az\/index.php?rest_route=\/wp\/v2\/posts"}],"about":[{"href":"https:\/\/arantv.az\/index.php?rest_route=\/wp\/v2\/types\/post"}],"author":[{"embeddable":true,"href":"https:\/\/arantv.az\/index.php?rest_route=\/wp\/v2\/users\/2"}],"replies":[{"embeddable":true,"href":"https:\/\/arantv.az\/index.php?rest_route=%2Fwp%2Fv2%2Fcomments&post=31384"}],"version-history":[{"count":0,"href":"https:\/\/arantv.az\/index.php?rest_route=\/wp\/v2\/posts\/31384\/revisions"}],"wp:featuredmedia":[{"embeddable":true,"href":"https:\/\/arantv.az\/index.php?rest_route=\/wp\/v2\/media\/31385"}],"wp:attachment":[{"href":"https:\/\/arantv.az\/index.php?rest_route=%2Fwp%2Fv2%2Fmedia&parent=31384"}],"wp:term":[{"taxonomy":"category","embeddable":true,"href":"https:\/\/arantv.az\/index.php?rest_route=%2Fwp%2Fv2%2Fcategories&post=31384"},{"taxonomy":"post_tag","embeddable":true,"href":"https:\/\/arantv.az\/index.php?rest_route=%2Fwp%2Fv2%2Ftags&post=31384"}],"curies":[{"name":"wp","href":"https:\/\/api.w.org\/{rel}","templated":true}]}}