{"id":314905,"date":"2021-03-18T11:06:21","date_gmt":"2021-03-18T08:06:21","guid":{"rendered":"http:\/\/arantv.az\/?p=314905"},"modified":"2021-03-18T11:06:21","modified_gmt":"2021-03-18T08:06:21","slug":"canaqqala-q%c9%99hr%c9%99man-%c9%99cdadimizin-yazdigi-sanli-dastandir-%c9%99rdogan","status":"publish","type":"post","link":"https:\/\/arantv.az\/?p=314905","title":{"rendered":"&#8220;\u00c7anaqqala q\u0259hr\u0259man \u0259cdad\u0131m\u0131z\u0131n yazd\u0131\u011f\u0131 \u015fanl\u0131 dastand\u0131r&#8221; &#8211; \u018frdo\u011fan"},"content":{"rendered":"<p>T\u00fcrkiy\u0259 prezidenti R\u0259c\u0259b Tayyib \u018frdo\u011fan \u00c7anaqqala z\u0259f\u0259rinin 106-c\u0131 ild\u00f6n\u00fcm\u00fc il\u0259 ba\u011fl\u0131 nitq s\u00f6yl\u0259yib.<\/p>\n<p><strong>ARANTV.AZ<\/strong> unikal.org-a istinad\u0259n bildirir ki, \u018frdo\u011fan \u00c7anaqqala z\u0259f\u0259rini \u015fanl\u0131 dastan adland\u0131r\u0131b.<\/p>\n<p>&#8220;\u00c7anaqqala Anadoludak\u0131 T\u00fcrk varl\u0131\u011f\u0131na ve muq\u0259dd\u0259s d\u0259y\u0259rl\u0259rimiz\u0259 qar\u015f\u0131 olanlara qar\u015f\u0131 q\u0259hr\u0259man \u0259cdad\u0131m\u0131z\u0131n yazd\u0131\u011f\u0131 \u015fanl\u0131 bir dastand\u0131r&#8221;, &#8211; \u018frdo\u011fan b\u0259yan edib.<\/p>\n","protected":false},"excerpt":{"rendered":"<p>T\u00fcrkiy\u0259 prezidenti R\u0259c\u0259b Tayyib \u018frdo\u011fan \u00c7anaqqala z\u0259f\u0259rinin 106-c\u0131 ild\u00f6n\u00fcm\u00fc il\u0259 ba\u011fl\u0131 nitq s\u00f6yl\u0259yib. ARANTV.AZ unikal.org-a istinad\u0259n bildirir ki, \u018frdo\u011fan \u00c7anaqqala z\u0259f\u0259rini \u015fanl\u0131 dastan adland\u0131r\u0131b. &#8220;\u00c7anaqqala Anadoludak\u0131 T\u00fcrk varl\u0131\u011f\u0131na ve muq\u0259dd\u0259s d\u0259y\u0259rl\u0259rimiz\u0259 qar\u015f\u0131 olanlara qar\u015f\u0131 q\u0259hr\u0259man \u0259cdad\u0131m\u0131z\u0131n yazd\u0131\u011f\u0131 \u015fanl\u0131 bir dastand\u0131r&#8221;, &#8211; \u018frdo\u011fan b\u0259yan edib.<\/p>\n","protected":false},"author":2,"featured_media":314906,"comment_status":"closed","ping_status":"closed","sticky":false,"template":"","format":"standard","meta":{"om_disable_all_campaigns":false,"_monsterinsights_skip_tracking":false,"_monsterinsights_sitenote_active":false,"_monsterinsights_sitenote_note":"","_monsterinsights_sitenote_category":0},"categories":[7],"tags":[],"aioseo_notices":[],"gutentor_comment":0,"rttpg_featured_image_url":{"full":["https:\/\/arantv.az\/wp-content\/uploads\/2021\/03\/932021.jpg",800,600,false],"landscape":["https:\/\/arantv.az\/wp-content\/uploads\/2021\/03\/932021.jpg",800,600,false],"portraits":["https:\/\/arantv.az\/wp-content\/uploads\/2021\/03\/932021.jpg",800,600,false],"thumbnail":["https:\/\/arantv.az\/wp-content\/uploads\/2021\/03\/932021-150x150.jpg",150,150,true],"medium":["https:\/\/arantv.az\/wp-content\/uploads\/2021\/03\/932021-300x225.jpg",300,225,true],"large":["https:\/\/arantv.az\/wp-content\/uploads\/2021\/03\/932021.jpg",640,480,false],"1536x1536":["https:\/\/arantv.az\/wp-content\/uploads\/2021\/03\/932021.jpg",800,600,false],"2048x2048":["https:\/\/arantv.az\/wp-content\/uploads\/2021\/03\/932021.jpg",800,600,false],"post-thumbnail":["https:\/\/arantv.az\/wp-content\/uploads\/2021\/03\/932021-240x172.jpg",240,172,true],"advps-thumb-one":["https:\/\/arantv.az\/wp-content\/uploads\/2021\/03\/932021.jpg",800,600,false]},"rttpg_author":{"display_name":"V\u00fcsal Rafiqo\u011flu","author_link":"https:\/\/arantv.az\/?author=2"},"rttpg_comment":0,"rttpg_category":"<a href=\"https:\/\/arantv.az\/?cat=7\" rel=\"category\">D\u00fcnya<\/a>","rttpg_excerpt":"T\u00fcrkiy\u0259 prezidenti R\u0259c\u0259b Tayyib \u018frdo\u011fan \u00c7anaqqala z\u0259f\u0259rinin 106-c\u0131 ild\u00f6n\u00fcm\u00fc il\u0259 ba\u011fl\u0131 nitq s\u00f6yl\u0259yib. ARANTV.AZ unikal.org-a istinad\u0259n bildirir ki, \u018frdo\u011fan \u00c7anaqqala z\u0259f\u0259rini \u015fanl\u0131 dastan adland\u0131r\u0131b. &#8220;\u00c7anaqqala Anadoludak\u0131 T\u00fcrk varl\u0131\u011f\u0131na ve muq\u0259dd\u0259s d\u0259y\u0259rl\u0259rimiz\u0259 qar\u015f\u0131 olanlara qar\u015f\u0131 q\u0259hr\u0259man \u0259cdad\u0131m\u0131z\u0131n yazd\u0131\u011f\u0131 \u015fanl\u0131 bir dastand\u0131r&#8221;, &#8211; \u018frdo\u011fan b\u0259yan edib.","_links":{"self":[{"href":"https:\/\/arantv.az\/index.php?rest_route=\/wp\/v2\/posts\/314905"}],"collection":[{"href":"https:\/\/arantv.az\/index.php?rest_route=\/wp\/v2\/posts"}],"about":[{"href":"https:\/\/arantv.az\/index.php?rest_route=\/wp\/v2\/types\/post"}],"author":[{"embeddable":true,"href":"https:\/\/arantv.az\/index.php?rest_route=\/wp\/v2\/users\/2"}],"replies":[{"embeddable":true,"href":"https:\/\/arantv.az\/index.php?rest_route=%2Fwp%2Fv2%2Fcomments&post=314905"}],"version-history":[{"count":0,"href":"https:\/\/arantv.az\/index.php?rest_route=\/wp\/v2\/posts\/314905\/revisions"}],"wp:featuredmedia":[{"embeddable":true,"href":"https:\/\/arantv.az\/index.php?rest_route=\/wp\/v2\/media\/314906"}],"wp:attachment":[{"href":"https:\/\/arantv.az\/index.php?rest_route=%2Fwp%2Fv2%2Fmedia&parent=314905"}],"wp:term":[{"taxonomy":"category","embeddable":true,"href":"https:\/\/arantv.az\/index.php?rest_route=%2Fwp%2Fv2%2Fcategories&post=314905"},{"taxonomy":"post_tag","embeddable":true,"href":"https:\/\/arantv.az\/index.php?rest_route=%2Fwp%2Fv2%2Ftags&post=314905"}],"curies":[{"name":"wp","href":"https:\/\/api.w.org\/{rel}","templated":true}]}}