{"id":314909,"date":"2021-03-18T11:15:35","date_gmt":"2021-03-18T08:15:35","guid":{"rendered":"http:\/\/arantv.az\/?p=314909"},"modified":"2021-03-18T11:15:35","modified_gmt":"2021-03-18T08:15:35","slug":"karantind%c9%99-novruz-t%c9%99tilini-nec%c9%99-kecir%c9%99k-video","status":"publish","type":"post","link":"https:\/\/arantv.az\/?p=314909","title":{"rendered":"Karantind\u0259 Novruz t\u0259tilini nec\u0259 ke\u00e7ir\u0259k? &#8211; V\u0130DEO"},"content":{"rendered":"<p>H\u0259r il Novruz bayram\u0131 \u0259r\u0259f\u0259sind\u0259 Bak\u0131\u00a0k\u00fc\u00e7\u0259l\u0259rind\u0259 t\u0259dbir v\u0259 \u015f\u0259nlikl\u0259r t\u0259\u015fkil edilir.<\/p>\n<p>Haz\u0131rda ya\u015fanan pandemiya s\u0259b\u0259bind\u0259n bu c\u00fcr t\u0259dbirl\u0259r t\u0259\u015fkil olunmayacaq. Bir s\u00f6zl\u0259, bu il Bak\u0131da ke\u00e7\u0259l v\u0259 kosan\u0131 g\u00f6r\u0259 bilm\u0259y\u0259c\u0259yik.<\/p>\n<article class=\"news\">\n<div class=\"news-inner\">\n<p><em><strong>B\u0259s \u015f\u0259h\u0259r sakinl\u0259ri Novruz t\u0259tilini nec\u0259 ke\u00e7ir\u0259c\u0259kl\u0259r?<\/strong><\/em><\/p>\n<p>Baku TV \u015f\u0259h\u0259r sakinl\u0259ri aras\u0131nda sor\u011fu ke\u00e7irib.<\/p>\n<p>Sor\u011funu t\u0259qdim edirik:<\/p>\n<div><iframe loading=\"lazy\" src=\"https:\/\/www.youtube.com\/embed\/XtDomDG-6Xw\" width=\"560\" height=\"315\" frameborder=\"0\" allowfullscreen=\"allowfullscreen\" data-mce-fragment=\"1\"><\/iframe><\/div>\n<\/div>\n<\/article>\n<h2 class=\"news-share-title\"><\/h2>\n","protected":false},"excerpt":{"rendered":"<p>H\u0259r il Novruz bayram\u0131 \u0259r\u0259f\u0259sind\u0259 Bak\u0131\u00a0k\u00fc\u00e7\u0259l\u0259rind\u0259 t\u0259dbir v\u0259 \u015f\u0259nlikl\u0259r t\u0259\u015fkil edilir. Haz\u0131rda ya\u015fanan pandemiya s\u0259b\u0259bind\u0259n bu c\u00fcr t\u0259dbirl\u0259r t\u0259\u015fkil olunmayacaq. Bir s\u00f6zl\u0259, bu il Bak\u0131da ke\u00e7\u0259l v\u0259 kosan\u0131 g\u00f6r\u0259 bilm\u0259y\u0259c\u0259yik. B\u0259s \u015f\u0259h\u0259r sakinl\u0259ri Novruz t\u0259tilini nec\u0259 ke\u00e7ir\u0259c\u0259kl\u0259r? Baku TV \u015f\u0259h\u0259r sakinl\u0259ri aras\u0131nda sor\u011fu ke\u00e7irib. Sor\u011funu t\u0259qdim edirik:<\/p>\n","protected":false},"author":2,"featured_media":314910,"comment_status":"closed","ping_status":"closed","sticky":false,"template":"","format":"standard","meta":{"om_disable_all_campaigns":false,"_monsterinsights_skip_tracking":false,"_monsterinsights_sitenote_active":false,"_monsterinsights_sitenote_note":"","_monsterinsights_sitenote_category":0},"categories":[26],"tags":[],"aioseo_notices":[],"gutentor_comment":0,"rttpg_featured_image_url":{"full":["https:\/\/arantv.az\/wp-content\/uploads\/2021\/03\/MO.jpg",620,414,false],"landscape":["https:\/\/arantv.az\/wp-content\/uploads\/2021\/03\/MO.jpg",620,414,false],"portraits":["https:\/\/arantv.az\/wp-content\/uploads\/2021\/03\/MO.jpg",620,414,false],"thumbnail":["https:\/\/arantv.az\/wp-content\/uploads\/2021\/03\/MO-150x150.jpg",150,150,true],"medium":["https:\/\/arantv.az\/wp-content\/uploads\/2021\/03\/MO-300x200.jpg",300,200,true],"large":["https:\/\/arantv.az\/wp-content\/uploads\/2021\/03\/MO.jpg",620,414,false],"1536x1536":["https:\/\/arantv.az\/wp-content\/uploads\/2021\/03\/MO.jpg",620,414,false],"2048x2048":["https:\/\/arantv.az\/wp-content\/uploads\/2021\/03\/MO.jpg",620,414,false],"post-thumbnail":["https:\/\/arantv.az\/wp-content\/uploads\/2021\/03\/MO-240x172.jpg",240,172,true],"advps-thumb-one":["https:\/\/arantv.az\/wp-content\/uploads\/2021\/03\/MO.jpg",620,414,false]},"rttpg_author":{"display_name":"V\u00fcsal Rafiqo\u011flu","author_link":"https:\/\/arantv.az\/?author=2"},"rttpg_comment":0,"rttpg_category":"<a href=\"https:\/\/arantv.az\/?cat=26\" rel=\"category\">Sosial<\/a>","rttpg_excerpt":"H\u0259r il Novruz bayram\u0131 \u0259r\u0259f\u0259sind\u0259 Bak\u0131\u00a0k\u00fc\u00e7\u0259l\u0259rind\u0259 t\u0259dbir v\u0259 \u015f\u0259nlikl\u0259r t\u0259\u015fkil edilir. Haz\u0131rda ya\u015fanan pandemiya s\u0259b\u0259bind\u0259n bu c\u00fcr t\u0259dbirl\u0259r t\u0259\u015fkil olunmayacaq. Bir s\u00f6zl\u0259, bu il Bak\u0131da ke\u00e7\u0259l v\u0259 kosan\u0131 g\u00f6r\u0259 bilm\u0259y\u0259c\u0259yik. B\u0259s \u015f\u0259h\u0259r sakinl\u0259ri Novruz t\u0259tilini nec\u0259 ke\u00e7ir\u0259c\u0259kl\u0259r? Baku TV \u015f\u0259h\u0259r sakinl\u0259ri aras\u0131nda sor\u011fu ke\u00e7irib. Sor\u011funu t\u0259qdim edirik:","_links":{"self":[{"href":"https:\/\/arantv.az\/index.php?rest_route=\/wp\/v2\/posts\/314909"}],"collection":[{"href":"https:\/\/arantv.az\/index.php?rest_route=\/wp\/v2\/posts"}],"about":[{"href":"https:\/\/arantv.az\/index.php?rest_route=\/wp\/v2\/types\/post"}],"author":[{"embeddable":true,"href":"https:\/\/arantv.az\/index.php?rest_route=\/wp\/v2\/users\/2"}],"replies":[{"embeddable":true,"href":"https:\/\/arantv.az\/index.php?rest_route=%2Fwp%2Fv2%2Fcomments&post=314909"}],"version-history":[{"count":0,"href":"https:\/\/arantv.az\/index.php?rest_route=\/wp\/v2\/posts\/314909\/revisions"}],"wp:featuredmedia":[{"embeddable":true,"href":"https:\/\/arantv.az\/index.php?rest_route=\/wp\/v2\/media\/314910"}],"wp:attachment":[{"href":"https:\/\/arantv.az\/index.php?rest_route=%2Fwp%2Fv2%2Fmedia&parent=314909"}],"wp:term":[{"taxonomy":"category","embeddable":true,"href":"https:\/\/arantv.az\/index.php?rest_route=%2Fwp%2Fv2%2Fcategories&post=314909"},{"taxonomy":"post_tag","embeddable":true,"href":"https:\/\/arantv.az\/index.php?rest_route=%2Fwp%2Fv2%2Ftags&post=314909"}],"curies":[{"name":"wp","href":"https:\/\/api.w.org\/{rel}","templated":true}]}}