{"id":315056,"date":"2021-03-18T13:29:40","date_gmt":"2021-03-18T10:29:40","guid":{"rendered":"http:\/\/arantv.az\/?p=315056"},"modified":"2021-03-18T13:29:40","modified_gmt":"2021-03-18T10:29:40","slug":"xizida-s%c9%99hid-ail%c9%99l%c9%99rin%c9%99-bayram-sovqati-aparilib-foto","status":"publish","type":"post","link":"https:\/\/arantv.az\/?p=315056","title":{"rendered":"X\u0131z\u0131da \u015f\u0259hid ail\u0259l\u0259rin\u0259 bayram sovqat\u0131 apar\u0131l\u0131b &#8211; FOTO"},"content":{"rendered":"<p>X\u0131z\u0131da polis \u0259m\u0259kda\u015flar\u0131 \u015f\u0259hid h\u0259rbi qulluq\u00e7ular\u0131n ail\u0259l\u0259rini ziyar\u0259t edibl\u0259r.<\/p>\n<p>Bu bar\u0259d\u0259\u00a0Oxu.Az-a D\u0130N-in m\u0259tbuat xidm\u0259tinin Quba rayonunda regional qrupundan m\u0259lumat verilib.<\/p>\n<p>M\u0259lumata g\u00f6r\u0259, X\u0131z\u0131 Rayon Polis \u015e\u00f6b\u0259sinin \u0259m\u0259kda\u015flar\u0131 44 g\u00fcn davam ed\u0259n V\u0259t\u0259n m\u00fcharib\u0259sind\u0259 can\u0131ndan igid o\u011fullar\u0131m\u0131z\u0131n ail\u0259l\u0259rini ziyar\u0259t edibl\u0259r.<\/p>\n<div id=\"AdviadNativeVideo0\" class=\"AdviadNativeVideo\"><\/div>\n<p>\u015e\u0259hidl\u0259rin valideynl\u0259ri il\u0259 h\u0259ms\u00f6hb\u0259t olan polisl\u0259r, onlar\u0131n qay\u011f\u0131lar\u0131 il\u0259 maraqlan\u0131b, Novruz bayram\u0131 \u0259r\u0259f\u0259sind\u0259 g\u0259tirdikl\u0259ri sovqatlar\u0131 t\u0259qdim edibl\u0259r.<\/p>\n<p>G\u00f6r\u00fc\u015fl\u0259r zaman\u0131 V\u0259t\u0259n m\u00fcharib\u0259sind\u0259 \u0259ld\u0259 etdiyimiz Q\u0259l\u0259b\u0259nin \u015f\u0259hidl\u0259rimizin, qazil\u0259rimizin v\u0259 haz\u0131rda xidm\u0259tini davam etdir\u0259n m\u0259rd o\u011fullar\u0131m\u0131z\u0131n say\u0259sind\u0259 \u0259ld\u0259 edildiyi vur\u011fulan\u0131b.<\/p>\n<p>\u015e\u0259hid ail\u0259l\u0259ri onlara g\u00f6st\u0259ril\u0259r diqq\u0259t v\u0259 qay\u011f\u0131ya g\u00f6r\u0259 Daxili \u0130\u015fl\u0259r Nazirliyinin b\u00fct\u00fcn kollektivin\u0259 t\u0259\u015f\u0259kk\u00fcr edibl\u0259r.<\/p>\n<div class=\"gallery\">\n<div class=\"gallery-i\"><img src=\"https:\/\/cdn.oxu.az\/uploads\/W1siZiIsIjIwMjEvMDMvMTgvMTEvMzEvMzcvYjJiYjE1M2MtMjM3Yy00YjNhLTg3YTQtZjY0ODVjNjk0YTRkLzQgKDEpLmpwZWciXSxbInAiLCJlbmNvZGUiLCJqcGciLCItcXVhbGl0eSA4MCJdLFsicCIsInRodW1iIiwiNTkweDU5MFx1MDAzZSJdXQ?sha=9803cd3d99e8b47c\" alt=\"\" \/><\/div>\n<\/div>\n","protected":false},"excerpt":{"rendered":"<p>X\u0131z\u0131da polis \u0259m\u0259kda\u015flar\u0131 \u015f\u0259hid h\u0259rbi qulluq\u00e7ular\u0131n ail\u0259l\u0259rini ziyar\u0259t edibl\u0259r. Bu bar\u0259d\u0259\u00a0Oxu.Az-a D\u0130N-in m\u0259tbuat xidm\u0259tinin Quba rayonunda regional qrupundan m\u0259lumat verilib. M\u0259lumata g\u00f6r\u0259, X\u0131z\u0131 Rayon Polis \u015e\u00f6b\u0259sinin \u0259m\u0259kda\u015flar\u0131 44 g\u00fcn davam ed\u0259n V\u0259t\u0259n m\u00fcharib\u0259sind\u0259 can\u0131ndan igid o\u011fullar\u0131m\u0131z\u0131n ail\u0259l\u0259rini ziyar\u0259t edibl\u0259r. \u015e\u0259hidl\u0259rin valideynl\u0259ri il\u0259 h\u0259ms\u00f6hb\u0259t olan polisl\u0259r, onlar\u0131n qay\u011f\u0131lar\u0131 il\u0259 maraqlan\u0131b, Novruz bayram\u0131 \u0259r\u0259f\u0259sind\u0259 g\u0259tirdikl\u0259ri sovqatlar\u0131 t\u0259qdim edibl\u0259r. G\u00f6r\u00fc\u015fl\u0259r zaman\u0131 V\u0259t\u0259n m\u00fcharib\u0259sind\u0259 \u0259ld\u0259 etdiyimiz Q\u0259l\u0259b\u0259nin \u015f\u0259hidl\u0259rimizin, qazil\u0259rimizin v\u0259 haz\u0131rda xidm\u0259tini davam etdir\u0259n m\u0259rd o\u011fullar\u0131m\u0131z\u0131n say\u0259sind\u0259 \u0259ld\u0259 edildiyi vur\u011fulan\u0131b. \u015e\u0259hid ail\u0259l\u0259ri onlara g\u00f6st\u0259ril\u0259r diqq\u0259t v\u0259 qay\u011f\u0131ya g\u00f6r\u0259 Daxili \u0130\u015fl\u0259r Nazirliyinin b\u00fct\u00fcn kollektivin\u0259 t\u0259\u015f\u0259kk\u00fcr&hellip;<\/p>\n","protected":false},"author":2,"featured_media":315057,"comment_status":"closed","ping_status":"closed","sticky":false,"template":"","format":"standard","meta":{"om_disable_all_campaigns":false,"_monsterinsights_skip_tracking":false,"_monsterinsights_sitenote_active":false,"_monsterinsights_sitenote_note":"","_monsterinsights_sitenote_category":0},"categories":[26],"tags":[],"aioseo_notices":[],"gutentor_comment":0,"rttpg_featured_image_url":{"full":["https:\/\/arantv.az\/wp-content\/uploads\/2021\/03\/4-2.jpg",620,464,false],"landscape":["https:\/\/arantv.az\/wp-content\/uploads\/2021\/03\/4-2.jpg",620,464,false],"portraits":["https:\/\/arantv.az\/wp-content\/uploads\/2021\/03\/4-2.jpg",620,464,false],"thumbnail":["https:\/\/arantv.az\/wp-content\/uploads\/2021\/03\/4-2-150x150.jpg",150,150,true],"medium":["https:\/\/arantv.az\/wp-content\/uploads\/2021\/03\/4-2-300x225.jpg",300,225,true],"large":["https:\/\/arantv.az\/wp-content\/uploads\/2021\/03\/4-2.jpg",620,464,false],"1536x1536":["https:\/\/arantv.az\/wp-content\/uploads\/2021\/03\/4-2.jpg",620,464,false],"2048x2048":["https:\/\/arantv.az\/wp-content\/uploads\/2021\/03\/4-2.jpg",620,464,false],"post-thumbnail":["https:\/\/arantv.az\/wp-content\/uploads\/2021\/03\/4-2-240x172.jpg",240,172,true],"advps-thumb-one":["https:\/\/arantv.az\/wp-content\/uploads\/2021\/03\/4-2.jpg",620,464,false]},"rttpg_author":{"display_name":"V\u00fcsal Rafiqo\u011flu","author_link":"https:\/\/arantv.az\/?author=2"},"rttpg_comment":0,"rttpg_category":"<a href=\"https:\/\/arantv.az\/?cat=26\" rel=\"category\">Sosial<\/a>","rttpg_excerpt":"X\u0131z\u0131da polis \u0259m\u0259kda\u015flar\u0131 \u015f\u0259hid h\u0259rbi qulluq\u00e7ular\u0131n ail\u0259l\u0259rini ziyar\u0259t edibl\u0259r. Bu bar\u0259d\u0259\u00a0Oxu.Az-a D\u0130N-in m\u0259tbuat xidm\u0259tinin Quba rayonunda regional qrupundan m\u0259lumat verilib. M\u0259lumata g\u00f6r\u0259, X\u0131z\u0131 Rayon Polis \u015e\u00f6b\u0259sinin \u0259m\u0259kda\u015flar\u0131 44 g\u00fcn davam ed\u0259n V\u0259t\u0259n m\u00fcharib\u0259sind\u0259 can\u0131ndan igid o\u011fullar\u0131m\u0131z\u0131n ail\u0259l\u0259rini ziyar\u0259t edibl\u0259r. \u015e\u0259hidl\u0259rin valideynl\u0259ri il\u0259 h\u0259ms\u00f6hb\u0259t olan polisl\u0259r, onlar\u0131n qay\u011f\u0131lar\u0131 il\u0259 maraqlan\u0131b, Novruz bayram\u0131 \u0259r\u0259f\u0259sind\u0259 g\u0259tirdikl\u0259ri sovqatlar\u0131 t\u0259qdim&hellip;","_links":{"self":[{"href":"https:\/\/arantv.az\/index.php?rest_route=\/wp\/v2\/posts\/315056"}],"collection":[{"href":"https:\/\/arantv.az\/index.php?rest_route=\/wp\/v2\/posts"}],"about":[{"href":"https:\/\/arantv.az\/index.php?rest_route=\/wp\/v2\/types\/post"}],"author":[{"embeddable":true,"href":"https:\/\/arantv.az\/index.php?rest_route=\/wp\/v2\/users\/2"}],"replies":[{"embeddable":true,"href":"https:\/\/arantv.az\/index.php?rest_route=%2Fwp%2Fv2%2Fcomments&post=315056"}],"version-history":[{"count":0,"href":"https:\/\/arantv.az\/index.php?rest_route=\/wp\/v2\/posts\/315056\/revisions"}],"wp:featuredmedia":[{"embeddable":true,"href":"https:\/\/arantv.az\/index.php?rest_route=\/wp\/v2\/media\/315057"}],"wp:attachment":[{"href":"https:\/\/arantv.az\/index.php?rest_route=%2Fwp%2Fv2%2Fmedia&parent=315056"}],"wp:term":[{"taxonomy":"category","embeddable":true,"href":"https:\/\/arantv.az\/index.php?rest_route=%2Fwp%2Fv2%2Fcategories&post=315056"},{"taxonomy":"post_tag","embeddable":true,"href":"https:\/\/arantv.az\/index.php?rest_route=%2Fwp%2Fv2%2Ftags&post=315056"}],"curies":[{"name":"wp","href":"https:\/\/api.w.org\/{rel}","templated":true}]}}