{"id":315072,"date":"2021-03-18T13:35:27","date_gmt":"2021-03-18T10:35:27","guid":{"rendered":"http:\/\/arantv.az\/?p=315072"},"modified":"2021-03-18T13:35:27","modified_gmt":"2021-03-18T10:35:27","slug":"ilk-turkiy%c9%99li-nazir-isgaldan-azad-edilmis-%c9%99razil%c9%99r%c9%99-s%c9%99f%c9%99r-etdi-foto-video","status":"publish","type":"post","link":"https:\/\/arantv.az\/?p=315072","title":{"rendered":"\u0130lk t\u00fcrkiy\u0259li nazir i\u015f\u011faldan azad edilmi\u015f \u0259razil\u0259r\u0259 s\u0259f\u0259r etdi &#8211; FOTO\/V\u0130DEO"},"content":{"rendered":"<p>Az\u0259rbaycanl\u0131 v\u0259 t\u00fcrkiy\u0259li nazirl\u0259r Az\u0259rbaycan\u0131n i\u015f\u011faldan azad olunan \u0259razil\u0259rin\u0259 s\u0259f\u0259r edibl\u0259r.<\/p>\n<p>Bu bar\u0259d\u0259 \u201cAnadolu\u201d\u00a0agentliyi m\u0259lumat yay\u0131b.<\/p>\n<p>Bel\u0259 ki, Az\u0259rbaycan\u0131n K\u0259nd T\u0259s\u0259rr\u00fcfat\u0131 naziri \u0130nam K\u0259rimov, \u00f6lk\u0259mizd\u0259 s\u0259f\u0259rd\u0259 olan T\u00fcrkiy\u0259 Respublikas\u0131n\u0131n K\u0259nd T\u0259s\u0259rr\u00fcfat\u0131 v\u0259 Me\u015f\u0259\u00e7ilik naziri Bekir Pakdemirli il\u0259 birlikd\u0259 i\u015f\u011faldan azad olunmu\u015f F\u00fczuli, C\u0259bray\u0131l v\u0259 Z\u0259ngilan \u015f\u0259h\u0259rl\u0259rind\u0259 olublar.<\/p>\n<div id=\"AdviadNativeVideo0\" class=\"AdviadNativeVideo\"><\/div>\n<p>S\u0259f\u0259rd\u0259 T\u00fcrkiy\u0259nin Az\u0259rbaycandak\u0131 s\u0259firi Erkan \u00d6zoral, Ekologiya v\u0259 T\u0259bii S\u0259rv\u0259tl\u0259r naziri Muxtar Babayev d\u0259 i\u015ftirak edib.<\/p>\n<p>Xat\u0131rladaq ki, T\u00fcrkiy\u0259 Respublikas\u0131n\u0131n K\u0259nd T\u0259s\u0259rr\u00fcfat\u0131 v\u0259 Me\u015f\u0259\u00e7ilik naziri Bekir Pakdemirli azad olunmu\u015f \u0259razil\u0259r\u0259 s\u0259f\u0259r ed\u0259n ilk xarici nazirdir.<\/p>\n<div>\n<div class=\"twitter-tweet twitter-tweet-rendered\"><iframe id=\"twitter-widget-0\" class=\"\" title=\"Twitter Tweet\" src=\"https:\/\/platform.twitter.com\/embed\/Tweet.html?creatorScreenName=oxuaz&amp;dnt=false&amp;embedId=twitter-widget-0&amp;frame=false&amp;hideCard=false&amp;hideThread=false&amp;id=1372467858664476679&amp;lang=en&amp;origin=https%3A%2F%2Foxu.az%2Fsociety%2F477195&amp;siteScreenName=oxuaz&amp;theme=light&amp;widgetsVersion=e1ffbdb%3A1614796141937&amp;width=550px\" frameborder=\"0\" scrolling=\"no\" allowfullscreen=\"allowfullscreen\" data-tweet-id=\"1372467858664476679\" data-mce-fragment=\"1\"><\/iframe><\/div>\n<\/div>\n<div class=\"gallery\">\n<div class=\"gallery-i\"><img src=\"https:\/\/cdn.oxu.az\/uploads\/W1siZiIsIjIwMjEvMDMvMTgvMTIvNTcvMjIvZjRmNWU1Y2UtOWFiYS00YTdhLWJjMTEtYWJlYzc1NWMwOTgyL3RhcmltLXZlLW9ybWFuLWJha2FuaS1wYWtkZW1pcmxpLWRhZ2xpay1rYXJhYi0yLTE0MDAyNDA1X29zZC5qcGciXSxbInAiLCJlbmNvZGUiLCJqcGciLCItcXVhbGl0eSA4MCJdLFsicCIsInRodW1iIiwiNTkweDU5MFx1MDAzZSJdXQ?sha=5f2c8d9e2c74d1b5\" alt=\"\" \/><\/p>\n<div class=\"gallery-i-caption\"><\/div>\n<\/div>\n<div class=\"gallery-i\"><img src=\"https:\/\/cdn.oxu.az\/uploads\/W1siZiIsIjIwMjEvMDMvMTgvMTIvNTcvMjIvOGMzNTY2MTEtODY3ZC00NDU2LWI0YjEtZmJjZjdiYTQ5NTgwL3RhcmltLXZlLW9ybWFuLWJha2FuaS1wYWtkZW1pcmxpLWRhZ2xpay1rYXJhYi0zLTE0MDAyNDA1X29zZC5qcGciXSxbInAiLCJlbmNvZGUiLCJqcGciLCItcXVhbGl0eSA4MCJdLFsicCIsInRodW1iIiwiNTkweDU5MFx1MDAzZSJdXQ?sha=9966a18105638e9b\" alt=\"\" \/><\/p>\n<div class=\"gallery-i-caption\"><\/div>\n<\/div>\n<div class=\"gallery-i\"><img src=\"https:\/\/cdn.oxu.az\/uploads\/W1siZiIsIjIwMjEvMDMvMTgvMTIvNTcvMjIvZDk2ZGIyOGQtMjFiYS00NWIxLTg5OGUtM2Q5NTlkNTU2YTU5L3RhcmltLXZlLW9ybWFuLWJha2FuaS1wYWtkZW1pcmxpLWRhZ2xpay1rYXJhYi00LTE0MDAyNDA1X29zZC5qcGciXSxbInAiLCJlbmNvZGUiLCJqcGciLCItcXVhbGl0eSA4MCJdLFsicCIsInRodW1iIiwiNTkweDU5MFx1MDAzZSJdXQ?sha=cb6df415931242ae\" alt=\"\" \/><\/div>\n<\/div>\n","protected":false},"excerpt":{"rendered":"<p>Az\u0259rbaycanl\u0131 v\u0259 t\u00fcrkiy\u0259li nazirl\u0259r Az\u0259rbaycan\u0131n i\u015f\u011faldan azad olunan \u0259razil\u0259rin\u0259 s\u0259f\u0259r edibl\u0259r. Bu bar\u0259d\u0259 \u201cAnadolu\u201d\u00a0agentliyi m\u0259lumat yay\u0131b. Bel\u0259 ki, Az\u0259rbaycan\u0131n K\u0259nd T\u0259s\u0259rr\u00fcfat\u0131 naziri \u0130nam K\u0259rimov, \u00f6lk\u0259mizd\u0259 s\u0259f\u0259rd\u0259 olan T\u00fcrkiy\u0259 Respublikas\u0131n\u0131n K\u0259nd T\u0259s\u0259rr\u00fcfat\u0131 v\u0259 Me\u015f\u0259\u00e7ilik naziri Bekir Pakdemirli il\u0259 birlikd\u0259 i\u015f\u011faldan azad olunmu\u015f F\u00fczuli, C\u0259bray\u0131l v\u0259 Z\u0259ngilan \u015f\u0259h\u0259rl\u0259rind\u0259 olublar. S\u0259f\u0259rd\u0259 T\u00fcrkiy\u0259nin Az\u0259rbaycandak\u0131 s\u0259firi Erkan \u00d6zoral, Ekologiya v\u0259 T\u0259bii S\u0259rv\u0259tl\u0259r naziri Muxtar Babayev d\u0259 i\u015ftirak edib. Xat\u0131rladaq ki, T\u00fcrkiy\u0259 Respublikas\u0131n\u0131n K\u0259nd T\u0259s\u0259rr\u00fcfat\u0131 v\u0259 Me\u015f\u0259\u00e7ilik naziri Bekir Pakdemirli azad olunmu\u015f \u0259razil\u0259r\u0259 s\u0259f\u0259r ed\u0259n ilk xarici nazirdir.<\/p>\n","protected":false},"author":2,"featured_media":315073,"comment_status":"closed","ping_status":"closed","sticky":false,"template":"","format":"standard","meta":{"om_disable_all_campaigns":false,"_monsterinsights_skip_tracking":false,"_monsterinsights_sitenote_active":false,"_monsterinsights_sitenote_note":"","_monsterinsights_sitenote_category":0},"categories":[26],"tags":[],"aioseo_notices":[],"gutentor_comment":0,"rttpg_featured_image_url":{"full":["https:\/\/arantv.az\/wp-content\/uploads\/2021\/03\/tarim-ve-orman-bakani-pakdemirli-daglik-karab-4-14002405_osd.jpg",620,349,false],"landscape":["https:\/\/arantv.az\/wp-content\/uploads\/2021\/03\/tarim-ve-orman-bakani-pakdemirli-daglik-karab-4-14002405_osd.jpg",620,349,false],"portraits":["https:\/\/arantv.az\/wp-content\/uploads\/2021\/03\/tarim-ve-orman-bakani-pakdemirli-daglik-karab-4-14002405_osd.jpg",620,349,false],"thumbnail":["https:\/\/arantv.az\/wp-content\/uploads\/2021\/03\/tarim-ve-orman-bakani-pakdemirli-daglik-karab-4-14002405_osd-150x150.jpg",150,150,true],"medium":["https:\/\/arantv.az\/wp-content\/uploads\/2021\/03\/tarim-ve-orman-bakani-pakdemirli-daglik-karab-4-14002405_osd-300x169.jpg",300,169,true],"large":["https:\/\/arantv.az\/wp-content\/uploads\/2021\/03\/tarim-ve-orman-bakani-pakdemirli-daglik-karab-4-14002405_osd.jpg",620,349,false],"1536x1536":["https:\/\/arantv.az\/wp-content\/uploads\/2021\/03\/tarim-ve-orman-bakani-pakdemirli-daglik-karab-4-14002405_osd.jpg",620,349,false],"2048x2048":["https:\/\/arantv.az\/wp-content\/uploads\/2021\/03\/tarim-ve-orman-bakani-pakdemirli-daglik-karab-4-14002405_osd.jpg",620,349,false],"post-thumbnail":["https:\/\/arantv.az\/wp-content\/uploads\/2021\/03\/tarim-ve-orman-bakani-pakdemirli-daglik-karab-4-14002405_osd-240x172.jpg",240,172,true],"advps-thumb-one":["https:\/\/arantv.az\/wp-content\/uploads\/2021\/03\/tarim-ve-orman-bakani-pakdemirli-daglik-karab-4-14002405_osd.jpg",620,349,false]},"rttpg_author":{"display_name":"V\u00fcsal Rafiqo\u011flu","author_link":"https:\/\/arantv.az\/?author=2"},"rttpg_comment":0,"rttpg_category":"<a href=\"https:\/\/arantv.az\/?cat=26\" rel=\"category\">Sosial<\/a>","rttpg_excerpt":"Az\u0259rbaycanl\u0131 v\u0259 t\u00fcrkiy\u0259li nazirl\u0259r Az\u0259rbaycan\u0131n i\u015f\u011faldan azad olunan \u0259razil\u0259rin\u0259 s\u0259f\u0259r edibl\u0259r. Bu bar\u0259d\u0259 \u201cAnadolu\u201d\u00a0agentliyi m\u0259lumat yay\u0131b. Bel\u0259 ki, Az\u0259rbaycan\u0131n K\u0259nd T\u0259s\u0259rr\u00fcfat\u0131 naziri \u0130nam K\u0259rimov, \u00f6lk\u0259mizd\u0259 s\u0259f\u0259rd\u0259 olan T\u00fcrkiy\u0259 Respublikas\u0131n\u0131n K\u0259nd T\u0259s\u0259rr\u00fcfat\u0131 v\u0259 Me\u015f\u0259\u00e7ilik naziri Bekir Pakdemirli il\u0259 birlikd\u0259 i\u015f\u011faldan azad olunmu\u015f F\u00fczuli, C\u0259bray\u0131l v\u0259 Z\u0259ngilan \u015f\u0259h\u0259rl\u0259rind\u0259 olublar. S\u0259f\u0259rd\u0259 T\u00fcrkiy\u0259nin Az\u0259rbaycandak\u0131 s\u0259firi Erkan \u00d6zoral, Ekologiya v\u0259&hellip;","_links":{"self":[{"href":"https:\/\/arantv.az\/index.php?rest_route=\/wp\/v2\/posts\/315072"}],"collection":[{"href":"https:\/\/arantv.az\/index.php?rest_route=\/wp\/v2\/posts"}],"about":[{"href":"https:\/\/arantv.az\/index.php?rest_route=\/wp\/v2\/types\/post"}],"author":[{"embeddable":true,"href":"https:\/\/arantv.az\/index.php?rest_route=\/wp\/v2\/users\/2"}],"replies":[{"embeddable":true,"href":"https:\/\/arantv.az\/index.php?rest_route=%2Fwp%2Fv2%2Fcomments&post=315072"}],"version-history":[{"count":0,"href":"https:\/\/arantv.az\/index.php?rest_route=\/wp\/v2\/posts\/315072\/revisions"}],"wp:featuredmedia":[{"embeddable":true,"href":"https:\/\/arantv.az\/index.php?rest_route=\/wp\/v2\/media\/315073"}],"wp:attachment":[{"href":"https:\/\/arantv.az\/index.php?rest_route=%2Fwp%2Fv2%2Fmedia&parent=315072"}],"wp:term":[{"taxonomy":"category","embeddable":true,"href":"https:\/\/arantv.az\/index.php?rest_route=%2Fwp%2Fv2%2Fcategories&post=315072"},{"taxonomy":"post_tag","embeddable":true,"href":"https:\/\/arantv.az\/index.php?rest_route=%2Fwp%2Fv2%2Ftags&post=315072"}],"curies":[{"name":"wp","href":"https:\/\/api.w.org\/{rel}","templated":true}]}}