{"id":316534,"date":"2021-03-22T08:06:28","date_gmt":"2021-03-22T05:06:28","guid":{"rendered":"http:\/\/arantv.az\/?p=316534"},"modified":"2021-03-22T08:06:28","modified_gmt":"2021-03-22T05:06:28","slug":"hicran-huseynova-bu-gun-biz-novruz-bayramini-susada-%c9%99razi-butovluyu-b%c9%99rpa-olunan-az%c9%99rbaycan-da-qeyd-edirik","status":"publish","type":"post","link":"https:\/\/arantv.az\/?p=316534","title":{"rendered":"Hicran H\u00fcseynova: Bu g\u00fcn biz Novruz bayram\u0131n\u0131 \u015eu\u015fada, \u0259razi b\u00fct\u00f6vl\u00fcy\u00fc b\u0259rpa olunan Az\u0259rbaycan da qeyd edirik"},"content":{"rendered":"<p>\u201cH\u0259r il \u0259n\u0259n\u0259vi olaraq Novruz Bayram\u0131 m\u00fcnasib\u0259til\u0259 Prezident c\u0259nab \u0130lham \u018fliyev xalqa m\u00fcraci\u0259t edir.\u00a0 Lakin bu il t\u0259brik m\u00fcraci\u0259ti tam f\u0259rqli idi.\u00a0 Bu il Novruz bayram\u0131n\u0131n m\u0259d\u0259niyy\u0259t paytaxt\u0131 \u015eu\u015fada, C\u0131d\u0131r d\u00fcz\u00fcnd\u0259 qeyd olunmas\u0131n\u0131n Az\u0259rbaycan xalq\u0131n\u0131n \u0259n b\u00f6y\u00fck arzusuna \u00e7atmas\u0131 bax\u0131m\u0131ndan\u00a0 r\u0259mzi v\u0259 tarixi \u0259h\u0259miyy\u0259t da\u015f\u0131yr. B\u00fct\u00fcn prezidentlik d\u00f6v\u00fcr\u00fcn\u00fc\u00a0 m\u0259hz\u00a0 torpaqlar\u0131m\u0131z\u0131n erm\u0259ni i\u015f\u011fal\u0131ndan azad olunmas\u0131na v\u0259 \u0259razi b\u00fct\u00f6vl\u00fcy\u00fcm\u00fcz\u00fcn b\u0259rpa olunmas\u0131na h\u0259sr ed\u0259n\u00a0 \u00f6lk\u0259 ba\u015f\u00e7\u0131s\u0131 bu tarixi missiyan\u0131 yerin\u0259 yetirdi. Lakin bunun \u00fc\u00e7\u00fcn inki\u015faf etm\u0259k, iqtisadi, h\u0259rbi, siyasi, h\u00fcquqi c\u0259h\u0259td\u0259n g\u00fccl\u0259nm\u0259k, qalib g\u0259lm\u0259k \u00fc\u00e7\u00fcn \u015f\u0259rait yaranmal\u0131 idi.\u00a0 2003-c\u00fc ild\u0259n ba\u015falanan bu proses n\u0259hay\u0259t \u00f6z\u00a0 m\u00f6ht\u0259\u015f\u0259m n\u0259tic\u0259 verdi. Art\u0131q bu g\u00fcn biz Novruz bayram\u0131n\u0131 q\u0259dim \u015f\u0259h\u0259rimiz \u015eu\u015fada, Qaraba\u011fda, \u0259razi b\u00fct\u00f6vl\u00fcy\u00fc b\u0259rpa olunan Az\u0259rbaycan da qeyd edirik.\u201d<\/p>\n<p>Bu fikirl\u0259ri\u00a0<strong>\u201c\u0130ki sahil\u201d<\/strong>\u0259 a\u00e7\u0131qlamas\u0131nda\u00a0<strong>Milli M\u0259clisin Ail\u0259,qad\u0131n v\u0259 u\u015faq m\u0259s\u0259l\u0259l\u0259ri komit\u0259sinin s\u0259dri, professor Hicran H\u00fcseynova<\/strong>\u00a0deyib.<\/p>\n<p><img src=\"https:\/\/ikisahil.az\/upload\/\/2021\/03\/18\/\/-8c66bb1916160719463514493841105632.jpg\" alt=\"\" \/><\/p>\n<p>H.H\u00fcseynova qeyd edib ki, \u00f6lk\u0259 ba\u015f\u00e7\u0131s\u0131 bayram m\u00fcraci\u0259tind\u0259 bir \u00e7ox m\u00fch\u00fcm m\u0259s\u0259l\u0259l\u0259r\u0259 toxundu: \u201c\u0130lk n\u00f6vb\u0259d\u0259\u00a0 erm\u0259ni vandallar\u0131n\u0131n Qaraba\u011f\u0131, \u015eu\u015fan\u0131 nec\u0259 talan etm\u0259si, xalq\u0131m\u0131z\u0131n tarixi, m\u0259d\u0259ni irsini nec\u0259 da\u011f\u0131td\u0131\u011f\u0131n\u0131, n\u0259inki\u00a0 canl\u0131 insana, eyni zamanda, evl\u0259r\u0259, abid\u0259l\u0259r\u0259, q\u0259birl\u0259r\u0259, m\u0259scidl\u0259r\u0259, me\u015f\u0259l\u0259r\u0259 qar\u015f\u0131 terror akt\u0131 t\u00f6r\u0259dibl\u0259r. Lakin onlar n\u0259 q\u0259d\u0259r da\u011f\u0131tsalar da, talan ets\u0259l\u0259r d\u0259 bu \u0259razil\u0259rd\u0259 Az\u0259rbaycan ruhunu m\u0259hv ed\u0259 bilm\u0259mi\u015fl\u0259r. Prezident \u0130lham \u018fliyevin dediyi kimi, \u201c \u015eu\u015fa da\u011f\u0131nt\u0131lara m\u0259ruz qald\u0131, \u015eu\u015fada tarixi abid\u0259l\u0259rimiz m\u0259nfur d\u00fc\u015fm\u0259n t\u0259r\u0259find\u0259n da\u011f\u0131d\u0131ld\u0131. Ancaq \u015eu\u015fa \u0259yilm\u0259di, s\u0131nmad\u0131, \u00f6z l\u0259yaq\u0259tini qorudu, Az\u0259rbaycan\u0131n milli ruhunu qorudu v\u0259 bu g\u00fcn \u015eu\u015fada olark\u0259n bir daha bunun canl\u0131 \u015fahidi oluruq. \u015eu\u015fa Az\u0259rbaycan xalq\u0131n\u0131n ruhunu qoruya bildi v\u0259 bizi g\u00f6zl\u0259yirdi.\u201d Bu m\u00fcraci\u0259td\u0259\u00a0 qar\u015f\u0131da biz g\u00f6zl\u0259y\u0259n h\u0259d\u0259fl\u0259r v\u0259 v\u0259zif\u0259l\u0259r d\u0259 g\u00f6st\u0259rilir. Onlardan biri d\u0259 Az\u0259rbaycan\u0131n, Qaraba\u011f\u0131n, \u015eu\u015fan\u0131n\u00a0 h\u0259qiqi tarixinin t\u0259bli\u011f olunmas\u0131 m\u0259s\u0259l\u0259sidir. Bu g\u00fcn bizim h\u0259r birimiz, x\u00fcsusil\u0259 d\u0259 tarix\u00e7il\u0259rimizin, etnoqraf\u015f\u0131lar\u0131n \u00fcz\u0259rin\u0259 b\u00f6y\u00fck i\u015f d\u00fc\u015f\u00fcr, biz t\u0259bli\u011fat m\u0259s\u0259l\u0259l\u0259rind\u0259 daha da aktiv olmal\u0131y\u0131q. Bunun \u00fc\u00e7\u00fcn is\u0259 b\u00fct\u00fcn imkanlar\u0131m\u0131z, tarixi faktlar var. C\u0259nab Prezidentin\u00a0 bildirdiyi kimi, \u201cerm\u0259ni t\u0259bli\u011fat\u0131, saxta aliml\u0259r, f\u0131r\u0131ldaq\u00e7\u0131 siyas\u0259t\u00e7il\u0259r, beyn\u0259lxalq dair\u0259l\u0259r n\u0259 q\u0259d\u0259r des\u0259l\u0259r d\u0259 xeyri yoxdur, tarix var.\u201d\u00a0 Tarix is\u0259 deyir ki, Qaraba\u011f, \u015eu\u015fa\u00a0 h\u0259mi\u015f\u0259 Az\u0259rbaycan\u0131n olub, v\u0259 olacaq.\u00a0 Dig\u0259r bir m\u0259s\u0259l\u0259 is\u0259 \u0259sl reall\u0131\u011f\u0131n n\u0259d\u0259n ibar\u0259t olmas\u0131d\u0131r. \u018ffsuslar olsun ki, bu g\u00fcn\u00a0 erm\u0259nil\u0259rin havadarlar\u0131,erm\u0259nip\u0259r\u0259st q\u00fcvv\u0259l\u0259r\u00a0 h\u0259tta real hadis\u0259ni bel\u0259 saxtala\u015fd\u0131r\u0131rlar. Bu h\u0259m xalq\u0131m\u0131za, h\u0259m d\u0259 beyn\u0259lxalq ictimaiyy\u0259t\u0259 \u00e7ox m\u00fch\u00fcm bir ismar\u0131\u015fdir.\u00a0 Erm\u0259nil\u0259r\u00a0 tarixi\u00a0 saxtala\u015fd\u0131rd\u0131qlar ki,\u00a0 reall\u0131\u011f\u0131 da el\u0259 saxtala\u015fd\u0131r\u0131blar. Onlar\u0131n \u015f\u0259b\u0259k\u0259l\u0259ri d\u00fcnyan\u0131n m\u00fcxt\u0259lif paytaxtlar\u0131nda f\u0259aliyy\u0259t g\u00f6st\u0259rir, saxta m\u0259lumat \u00f6t\u00fcr\u00fcr v\u0259 bu saxta m\u0259lumat \u0259traf\u0131nda sonra m\u00fczakir\u0259l\u0259r gedir v\u0259 olmayan \u015feyl\u0259ri reall\u0131q kimi q\u0259l\u0259m\u0259 verirdil\u0259r. Bu g\u00fcn bir reall\u0131q var, Az\u0259rbaycan \u00f6z \u0259razi b\u00fct\u00f6vl\u00fcy\u00fcn\u00fc b\u0259rpa edib,Qaraba\u011f\u0131 erm\u0259ni fa\u015fizmind\u0259n azad edib, bu g\u00fcn bu \u0259razil\u0259rid\u0259 art\u0131q quruculuq i\u015fl\u0259ri gedir, tezlikl\u0259 v\u0259t\u0259nda\u015flar\u0131m\u0131z \u00f6z do\u011fma ata-baba yurdlar\u0131na qay\u0131dacaqd\u0131r.\u201d<\/p>\n<p>Komit\u0259 s\u0259dri bildirib ki, \u00f6lk\u0259d\u0259 h\u0259yat\u0131 b\u00fct\u00fcn sah\u0259l\u0259rinin inki\u015faf\u0131 o zaman daha b\u00f6y\u00fck t\u00f6fh\u0259 verir ki, onun insan resursu,patensional\u0131 var: \u201cBu ill\u0259r \u0259rzind\u0259 c\u0259nab Prezident h\u0259r bir g\u00f6r\u00fc\u015fd\u0259, b\u0259r bir \u00e7\u0131x\u0131\u015f\u0131nda g\u0259nc n\u0259slin d\u00fczg\u00fcn yeti\u015fm\u0259si, v\u0259t\u0259np\u0259rv\u0259r olmas\u0131, milli ruhda b\u00f6y\u00fcm\u0259si m\u0259s\u0259l\u0259l\u0259rin\u0259 toxunur, g\u0259ncl\u0259ri h\u0259r zaman q\u0259l\u0259b\u0259y\u0259 ruhland\u0131r\u0131rd\u0131. G\u0259nc n\u0259sil\u00a0 44 g\u00fcnl\u00fck V\u0259t\u0259n M\u00fcharib\u0259sind\u0259 b\u00fct\u00fcn c\u0259bh\u0259l\u0259rd\u0259 biliyini, t\u0259cr\u00fcb\u0259sini, can\u0131n\u0131 v\u0259 qanini\u00a0 \u0259sirg\u0259m\u0259di. \u00d6lk\u0259 ba\u015f\u00e7\u0131s\u0131n\u0131n bildirdiyi kimi, \u201cEl\u0259 g\u0259nc n\u0259sil yeti\u015fdi ki, \u00f6z qan\u0131-can\u0131 bahas\u0131na torpa\u011f\u0131m\u0131z\u0131 d\u00fc\u015fm\u0259nin \u0259lind\u0259n ald\u0131. M\u00fcharib\u0259d\u0259 b\u00fct\u00fcn n\u0259sill\u0259rin n\u00fcmay\u0259nd\u0259l\u0259ri i\u015ftirak edibl\u0259r, q\u0259hr\u0259manl\u0131q g\u00f6st\u0259ribl\u0259r. Amma h\u0259r k\u0259s bilm\u0259lidir ki, \u0259sas missiyan\u0131 m\u0259nim prezidentlik d\u00f6vr\u00fcmd\u0259 yeti\u015f\u0259n g\u0259ncl\u0259r yerin\u0259 yetiribl\u0259r, 2003-c\u00fc ild\u0259 u\u015faq olan g\u0259ncl\u0259r yerin\u0259 yetiribl\u0259r. \u0130lk n\u00f6vb\u0259d\u0259, biz onlara borcluyuq, b\u00fct\u00fcn Az\u0259rbaycan xalq\u0131na borcluyuq. B\u00fct\u00fcn xalq\u0131m\u0131z bu Q\u0259l\u0259b\u0259ni yax\u0131nla\u015fd\u0131r\u0131rd\u0131 v\u0259 b\u00fct\u00fcn amill\u0259r birl\u0259\u015f\u0259r\u0259k bu m\u00fcharib\u0259nin n\u0259tic\u0259l\u0259rini \u015f\u0259rtl\u0259ndirdi.\u201d Milli h\u0259mr\u0259ylik, milli birlikg\u00f6st\u0259rn xalq\u0131m\u0131z, bir n\u0259f\u0259r kimi Prezident, Ali Ba\u015f Komandan\u0131n \u0259traf\u0131nda birl\u0259\u015f\u0259r\u0259k m\u00f6ht\u0259\u015f\u0259m Q\u0259l\u0259b\u0259 qazand\u0131q. Da\u011f\u0131lsa, talan olsa bel\u0259 bu torpaqlar\u0131n h\u0259r biri qar\u0131\u015f\u0131 tarixdir, Az\u0259rbaycand\u0131r. \u018flb\u0259tt\u0259 ki, \u00f6lk\u0259 ba\u015f\u00e7\u0131s\u0131n\u0131n irad\u0259si, \u0259zmi v\u0259 r\u0259hb\u0259rliyi il\u0259 biz\u00a0 tezlikl\u0259 bu torpaqlar\u0131 b\u0259rpa ed\u0259c\u0259yik v\u0259 burada \u0259b\u0259di ya\u015fayacay\u0131q. \u00c7\u00fcnki bu torpaqlar\u0131n\u00a0 \u0259sl sahibl\u0259ri\u00a0\u00a0 Az\u0259rbaycan xalq\u0131d\u0131r.\u201d<\/p>\n<p>Professor onu da vur\u011fulay\u0131b ki, bu il Az\u0259rbaycan Respublikas\u0131n\u0131n Prezidenti \u0130lham \u018fliyev, birinci xan\u0131m Mehriban \u018fliyeva v\u0259 q\u0131zlar\u0131 Leyla \u018fliyeva \u015eu\u015fada C\u0131d\u0131r d\u00fcz\u00fcnd\u0259 bayram tonqal\u0131 alovland\u0131rmalar\u0131 bizim h\u0259r birimiz d\u0259 q\u00fcrur v\u0259 sevinc hissi ya\u015fatd\u0131: \u201cBu Az\u0259rbaycan\u0131n haql\u0131 m\u00fcbariz\u0259sinin v\u0259 tarixi \u0259dal\u0259tin b\u0259rpas\u0131n\u0131n b\u00fct\u00fcn d\u00fcnyaya bir daha \u00e7atd\u0131r\u0131lmas\u0131 idi.\u00a0 30 il\u0259 yax\u0131n idi ki, h\u0259r\u00a0 Novruz bayram\u0131nda arzu edirdik ki,\u00a0 g\u0259l\u0259n il\u00a0 bayram\u0131 i\u015f\u011faldan azad edilmi\u015f torpaqlar\u0131m\u0131zda, Qaraba\u011fda\u00a0 qeyd ed\u0259k, n\u0259hay\u0259t bu il\u00a0 arzular\u0131m\u0131z\u00a0 h\u0259qiq\u0259t oldu.\u201d<\/p>\n","protected":false},"excerpt":{"rendered":"<p>\u201cH\u0259r il \u0259n\u0259n\u0259vi olaraq Novruz Bayram\u0131 m\u00fcnasib\u0259til\u0259 Prezident c\u0259nab \u0130lham \u018fliyev xalqa m\u00fcraci\u0259t edir.\u00a0 Lakin bu il t\u0259brik m\u00fcraci\u0259ti tam f\u0259rqli idi.\u00a0 Bu il Novruz bayram\u0131n\u0131n m\u0259d\u0259niyy\u0259t paytaxt\u0131 \u015eu\u015fada, C\u0131d\u0131r d\u00fcz\u00fcnd\u0259 qeyd olunmas\u0131n\u0131n Az\u0259rbaycan xalq\u0131n\u0131n \u0259n b\u00f6y\u00fck arzusuna \u00e7atmas\u0131 bax\u0131m\u0131ndan\u00a0 r\u0259mzi v\u0259 tarixi \u0259h\u0259miyy\u0259t da\u015f\u0131yr. B\u00fct\u00fcn prezidentlik d\u00f6v\u00fcr\u00fcn\u00fc\u00a0 m\u0259hz\u00a0 torpaqlar\u0131m\u0131z\u0131n erm\u0259ni i\u015f\u011fal\u0131ndan azad olunmas\u0131na v\u0259 \u0259razi b\u00fct\u00f6vl\u00fcy\u00fcm\u00fcz\u00fcn b\u0259rpa olunmas\u0131na h\u0259sr ed\u0259n\u00a0 \u00f6lk\u0259 ba\u015f\u00e7\u0131s\u0131 bu tarixi missiyan\u0131 yerin\u0259 yetirdi. Lakin bunun \u00fc\u00e7\u00fcn inki\u015faf etm\u0259k, iqtisadi, h\u0259rbi, siyasi, h\u00fcquqi c\u0259h\u0259td\u0259n g\u00fccl\u0259nm\u0259k, qalib g\u0259lm\u0259k \u00fc\u00e7\u00fcn \u015f\u0259rait yaranmal\u0131 idi.\u00a0 2003-c\u00fc ild\u0259n ba\u015falanan bu proses&hellip;<\/p>\n","protected":false},"author":2,"featured_media":316535,"comment_status":"closed","ping_status":"closed","sticky":false,"template":"","format":"standard","meta":{"om_disable_all_campaigns":false,"_monsterinsights_skip_tracking":false,"_monsterinsights_sitenote_active":false,"_monsterinsights_sitenote_note":"","_monsterinsights_sitenote_category":0},"categories":[4],"tags":[],"aioseo_notices":[],"gutentor_comment":0,"rttpg_featured_image_url":{"full":["https:\/\/arantv.az\/wp-content\/uploads\/2021\/03\/fe740745161624233969357899910508069.jpg",975,540,false],"landscape":["https:\/\/arantv.az\/wp-content\/uploads\/2021\/03\/fe740745161624233969357899910508069.jpg",975,540,false],"portraits":["https:\/\/arantv.az\/wp-content\/uploads\/2021\/03\/fe740745161624233969357899910508069.jpg",975,540,false],"thumbnail":["https:\/\/arantv.az\/wp-content\/uploads\/2021\/03\/fe740745161624233969357899910508069-150x150.jpg",150,150,true],"medium":["https:\/\/arantv.az\/wp-content\/uploads\/2021\/03\/fe740745161624233969357899910508069-300x166.jpg",300,166,true],"large":["https:\/\/arantv.az\/wp-content\/uploads\/2021\/03\/fe740745161624233969357899910508069.jpg",640,354,false],"1536x1536":["https:\/\/arantv.az\/wp-content\/uploads\/2021\/03\/fe740745161624233969357899910508069.jpg",975,540,false],"2048x2048":["https:\/\/arantv.az\/wp-content\/uploads\/2021\/03\/fe740745161624233969357899910508069.jpg",975,540,false],"post-thumbnail":["https:\/\/arantv.az\/wp-content\/uploads\/2021\/03\/fe740745161624233969357899910508069-240x172.jpg",240,172,true],"advps-thumb-one":["https:\/\/arantv.az\/wp-content\/uploads\/2021\/03\/fe740745161624233969357899910508069.jpg",975,540,false]},"rttpg_author":{"display_name":"V\u00fcsal Rafiqo\u011flu","author_link":"https:\/\/arantv.az\/?author=2"},"rttpg_comment":0,"rttpg_category":"<a href=\"https:\/\/arantv.az\/?cat=4\" rel=\"category\">Siyas\u0259t<\/a>","rttpg_excerpt":"\u201cH\u0259r il \u0259n\u0259n\u0259vi olaraq Novruz Bayram\u0131 m\u00fcnasib\u0259til\u0259 Prezident c\u0259nab \u0130lham \u018fliyev xalqa m\u00fcraci\u0259t edir.\u00a0 Lakin bu il t\u0259brik m\u00fcraci\u0259ti tam f\u0259rqli idi.\u00a0 Bu il Novruz bayram\u0131n\u0131n m\u0259d\u0259niyy\u0259t paytaxt\u0131 \u015eu\u015fada, C\u0131d\u0131r d\u00fcz\u00fcnd\u0259 qeyd olunmas\u0131n\u0131n Az\u0259rbaycan xalq\u0131n\u0131n \u0259n b\u00f6y\u00fck arzusuna \u00e7atmas\u0131 bax\u0131m\u0131ndan\u00a0 r\u0259mzi v\u0259 tarixi \u0259h\u0259miyy\u0259t da\u015f\u0131yr. B\u00fct\u00fcn prezidentlik d\u00f6v\u00fcr\u00fcn\u00fc\u00a0 m\u0259hz\u00a0 torpaqlar\u0131m\u0131z\u0131n erm\u0259ni i\u015f\u011fal\u0131ndan azad olunmas\u0131na v\u0259&hellip;","_links":{"self":[{"href":"https:\/\/arantv.az\/index.php?rest_route=\/wp\/v2\/posts\/316534"}],"collection":[{"href":"https:\/\/arantv.az\/index.php?rest_route=\/wp\/v2\/posts"}],"about":[{"href":"https:\/\/arantv.az\/index.php?rest_route=\/wp\/v2\/types\/post"}],"author":[{"embeddable":true,"href":"https:\/\/arantv.az\/index.php?rest_route=\/wp\/v2\/users\/2"}],"replies":[{"embeddable":true,"href":"https:\/\/arantv.az\/index.php?rest_route=%2Fwp%2Fv2%2Fcomments&post=316534"}],"version-history":[{"count":0,"href":"https:\/\/arantv.az\/index.php?rest_route=\/wp\/v2\/posts\/316534\/revisions"}],"wp:featuredmedia":[{"embeddable":true,"href":"https:\/\/arantv.az\/index.php?rest_route=\/wp\/v2\/media\/316535"}],"wp:attachment":[{"href":"https:\/\/arantv.az\/index.php?rest_route=%2Fwp%2Fv2%2Fmedia&parent=316534"}],"wp:term":[{"taxonomy":"category","embeddable":true,"href":"https:\/\/arantv.az\/index.php?rest_route=%2Fwp%2Fv2%2Fcategories&post=316534"},{"taxonomy":"post_tag","embeddable":true,"href":"https:\/\/arantv.az\/index.php?rest_route=%2Fwp%2Fv2%2Ftags&post=316534"}],"curies":[{"name":"wp","href":"https:\/\/api.w.org\/{rel}","templated":true}]}}