{"id":316589,"date":"2021-03-22T08:22:17","date_gmt":"2021-03-22T05:22:17","guid":{"rendered":"http:\/\/arantv.az\/?p=316589"},"modified":"2021-03-22T08:22:17","modified_gmt":"2021-03-22T05:22:17","slug":"amsterdamda-polis-m%c9%99hdudlasdirici-t%c9%99dbirl%c9%99r%c9%99-etiraz-ed%c9%99n-150-d%c9%99n-cox-insani-saxlayib","status":"publish","type":"post","link":"https:\/\/arantv.az\/?p=316589","title":{"rendered":"Amsterdamda polis m\u0259hdudla\u015fd\u0131r\u0131c\u0131 t\u0259dbirl\u0259r\u0259 etiraz ed\u0259n 150-d\u0259n \u00e7ox insan\u0131 saxlay\u0131b"},"content":{"rendered":"<p>Niderland polisi Amsterdamda Muzey Meydan\u0131nda \u00f6lk\u0259d\u0259 koronavirusun yay\u0131lmas\u0131na qar\u015f\u0131 t\u0259tbiq olunan t\u0259dbirl\u0259r\u0259 qar\u015f\u0131 qanunsuz etiraz aksiyas\u0131 zaman\u0131 150-d\u0259n \u00e7ox insan\u0131 saxlay\u0131b.<\/p>\n<p><strong>ARANTV.AZ\u00a0\u00a0<\/strong><a href=\"https:\/\/az.trend.az\/\" target=\"_blank\" rel=\"noopener\">Trend<\/a>-\u0259 istinad\u0259n x\u0259b\u0259r verir ki, bu bar\u0259d\u0259 \u00f6lk\u0259nin h\u00fcquq-m\u00fchafiz\u0259 orqanlar\u0131nda bildirilib.<\/p>\n<p>H\u00fcquq-m\u00fchafiz\u0259 orqanlar\u0131n\u0131n \u0259m\u0259kda\u015flar\u0131n\u0131n a\u00e7\u0131qlamas\u0131nda qeyd olunub ki, &#8220;n\u00fcmayi\u015fd\u0259 t\u0259xmin\u0259n 300 n\u0259f\u0259r i\u015ftirak edib&#8221;. 150-d\u0259n \u00e7ox insan saxlan\u0131l\u0131b.<\/p>\n","protected":false},"excerpt":{"rendered":"<p>Niderland polisi Amsterdamda Muzey Meydan\u0131nda \u00f6lk\u0259d\u0259 koronavirusun yay\u0131lmas\u0131na qar\u015f\u0131 t\u0259tbiq olunan t\u0259dbirl\u0259r\u0259 qar\u015f\u0131 qanunsuz etiraz aksiyas\u0131 zaman\u0131 150-d\u0259n \u00e7ox insan\u0131 saxlay\u0131b. ARANTV.AZ\u00a0\u00a0Trend-\u0259 istinad\u0259n x\u0259b\u0259r verir ki, bu bar\u0259d\u0259 \u00f6lk\u0259nin h\u00fcquq-m\u00fchafiz\u0259 orqanlar\u0131nda bildirilib. H\u00fcquq-m\u00fchafiz\u0259 orqanlar\u0131n\u0131n \u0259m\u0259kda\u015flar\u0131n\u0131n a\u00e7\u0131qlamas\u0131nda qeyd olunub ki, &#8220;n\u00fcmayi\u015fd\u0259 t\u0259xmin\u0259n 300 n\u0259f\u0259r i\u015ftirak edib&#8221;. 150-d\u0259n \u00e7ox insan saxlan\u0131l\u0131b.<\/p>\n","protected":false},"author":2,"featured_media":316590,"comment_status":"closed","ping_status":"closed","sticky":false,"template":"","format":"standard","meta":{"om_disable_all_campaigns":false,"_monsterinsights_skip_tracking":false,"_monsterinsights_sitenote_active":false,"_monsterinsights_sitenote_note":"","_monsterinsights_sitenote_category":0},"categories":[7],"tags":[],"aioseo_notices":[],"gutentor_comment":0,"rttpg_featured_image_url":{"full":["https:\/\/arantv.az\/wp-content\/uploads\/2021\/03\/932931.jpg",790,444,false],"landscape":["https:\/\/arantv.az\/wp-content\/uploads\/2021\/03\/932931.jpg",790,444,false],"portraits":["https:\/\/arantv.az\/wp-content\/uploads\/2021\/03\/932931.jpg",790,444,false],"thumbnail":["https:\/\/arantv.az\/wp-content\/uploads\/2021\/03\/932931-150x150.jpg",150,150,true],"medium":["https:\/\/arantv.az\/wp-content\/uploads\/2021\/03\/932931-300x169.jpg",300,169,true],"large":["https:\/\/arantv.az\/wp-content\/uploads\/2021\/03\/932931.jpg",640,360,false],"1536x1536":["https:\/\/arantv.az\/wp-content\/uploads\/2021\/03\/932931.jpg",790,444,false],"2048x2048":["https:\/\/arantv.az\/wp-content\/uploads\/2021\/03\/932931.jpg",790,444,false],"post-thumbnail":["https:\/\/arantv.az\/wp-content\/uploads\/2021\/03\/932931-240x172.jpg",240,172,true],"advps-thumb-one":["https:\/\/arantv.az\/wp-content\/uploads\/2021\/03\/932931.jpg",790,444,false]},"rttpg_author":{"display_name":"V\u00fcsal Rafiqo\u011flu","author_link":"https:\/\/arantv.az\/?author=2"},"rttpg_comment":0,"rttpg_category":"<a href=\"https:\/\/arantv.az\/?cat=7\" rel=\"category\">D\u00fcnya<\/a>","rttpg_excerpt":"Niderland polisi Amsterdamda Muzey Meydan\u0131nda \u00f6lk\u0259d\u0259 koronavirusun yay\u0131lmas\u0131na qar\u015f\u0131 t\u0259tbiq olunan t\u0259dbirl\u0259r\u0259 qar\u015f\u0131 qanunsuz etiraz aksiyas\u0131 zaman\u0131 150-d\u0259n \u00e7ox insan\u0131 saxlay\u0131b. ARANTV.AZ\u00a0\u00a0Trend-\u0259 istinad\u0259n x\u0259b\u0259r verir ki, bu bar\u0259d\u0259 \u00f6lk\u0259nin h\u00fcquq-m\u00fchafiz\u0259 orqanlar\u0131nda bildirilib. H\u00fcquq-m\u00fchafiz\u0259 orqanlar\u0131n\u0131n \u0259m\u0259kda\u015flar\u0131n\u0131n a\u00e7\u0131qlamas\u0131nda qeyd olunub ki, &#8220;n\u00fcmayi\u015fd\u0259 t\u0259xmin\u0259n 300 n\u0259f\u0259r i\u015ftirak edib&#8221;. 150-d\u0259n \u00e7ox insan saxlan\u0131l\u0131b.","_links":{"self":[{"href":"https:\/\/arantv.az\/index.php?rest_route=\/wp\/v2\/posts\/316589"}],"collection":[{"href":"https:\/\/arantv.az\/index.php?rest_route=\/wp\/v2\/posts"}],"about":[{"href":"https:\/\/arantv.az\/index.php?rest_route=\/wp\/v2\/types\/post"}],"author":[{"embeddable":true,"href":"https:\/\/arantv.az\/index.php?rest_route=\/wp\/v2\/users\/2"}],"replies":[{"embeddable":true,"href":"https:\/\/arantv.az\/index.php?rest_route=%2Fwp%2Fv2%2Fcomments&post=316589"}],"version-history":[{"count":0,"href":"https:\/\/arantv.az\/index.php?rest_route=\/wp\/v2\/posts\/316589\/revisions"}],"wp:featuredmedia":[{"embeddable":true,"href":"https:\/\/arantv.az\/index.php?rest_route=\/wp\/v2\/media\/316590"}],"wp:attachment":[{"href":"https:\/\/arantv.az\/index.php?rest_route=%2Fwp%2Fv2%2Fmedia&parent=316589"}],"wp:term":[{"taxonomy":"category","embeddable":true,"href":"https:\/\/arantv.az\/index.php?rest_route=%2Fwp%2Fv2%2Fcategories&post=316589"},{"taxonomy":"post_tag","embeddable":true,"href":"https:\/\/arantv.az\/index.php?rest_route=%2Fwp%2Fv2%2Ftags&post=316589"}],"curies":[{"name":"wp","href":"https:\/\/api.w.org\/{rel}","templated":true}]}}