{"id":316605,"date":"2021-03-22T08:26:52","date_gmt":"2021-03-22T05:26:52","guid":{"rendered":"http:\/\/arantv.az\/?p=316605"},"modified":"2021-03-22T08:26:52","modified_gmt":"2021-03-22T05:26:52","slug":"az%c9%99rbaycan-ordusunun-karvani-lacin-d%c9%99hlizind%c9%99n-kecdi","status":"publish","type":"post","link":"https:\/\/arantv.az\/?p=316605","title":{"rendered":"Az\u0259rbaycan Ordusunun karvan\u0131 La\u00e7\u0131n d\u0259hlizind\u0259n KE\u00c7D\u0130"},"content":{"rendered":"<p><strong>Qaraba\u011fda sutka \u0259rzind\u0259 b\u00fct\u00fcn t\u0259mas x\u0259tti boyunca at\u0259\u015fk\u0259s\u0259 \u0259m\u0259l edilib.<\/strong><\/p>\n<p><b>ARANTV.AZ\u00a0<\/b>x\u0259b\u0259r verir ki, bu bar\u0259d\u0259 Rusiya Federasiyas\u0131 M\u00fcdafi\u0259 Nazirliyi m\u0259lumat yay\u0131b.<\/p>\n<p>&#8220;S\u00fclhm\u0259raml\u0131lar 27 m\u0259nt\u0259q\u0259d\u0259 gec\u0259-g\u00fcnd\u00fcz m\u00fc\u015fahid\u0259 apar\u0131r, v\u0259t\u0259nda\u015flar\u0131n t\u0259hl\u00fck\u0259siz h\u0259r\u0259k\u0259tini v\u0259 m\u00fclki infrastrukturun b\u0259rpas\u0131n\u0131 t\u0259min edir, \u0259haliy\u0259 humanitar yard\u0131m g\u00f6st\u0259rirl\u0259r&#8221;, &#8211; m\u0259lumatda qeyd olunub.<\/p>\n<p>H\u0259m\u00e7inin bildirilib ki, rus s\u00fclhm\u0259raml\u0131lar\u0131 mart\u0131n 21-d\u0259 Az\u0259rbaycan Respublikas\u0131 Silahl\u0131 Q\u00fcvv\u0259l\u0259rinin alt\u0131 karvan\u0131n\u0131 m\u00fc\u015fayi\u0259t edib:<\/p>\n<p>&#8220;Karvan\u0131n d\u00f6rd\u00fc &#8211; \u015fimal v\u0259 c\u0259nub istiqam\u0259tind\u0259 La\u00e7\u0131n d\u0259hlizind\u0259n, bir karvan \u015eu\u015fa- Q\u0131rm\u0131z\u0131 Bazar- Qacar mar\u015frutu v\u0259 biri \u0259ks istiqam\u0259td\u0259 m\u00fc\u015faiy\u0259t olunub&#8221;.<\/p>\n<p>Humanitar Minat\u0259mizl\u0259m\u0259 M\u0259rk\u0259zinin minalardan t\u0259mizl\u0259nm\u0259si qruplar\u0131 Qaraba\u011f \u0259razisini minalardan t\u0259mizl\u0259m\u0259y\u0259 davam edirl\u0259r. G\u00fcn \u0259rzind\u0259 15 hektar \u0259razi, 5 km yol t\u0259mizl\u0259nib.<\/p>\n<p>Bu g\u00fcn\u0259 kimi 1739 hektar \u0259razi, 541 km yol, 1616 ya\u015fay\u0131\u015f binas\u0131, o c\u00fcml\u0259d\u0259n 30 sosial \u0259h\u0259miyy\u0259tli obyekt partlamam\u0131\u015f h\u0259rbi sursatlardan t\u0259mizl\u0259nib. 25.349 partlay\u0131c\u0131 madd\u0259 a\u015fkar ed\u0259r\u0259k z\u0259r\u0259rsizl\u0259\u015fdirilib.<\/p>\n<p>Rusiya s\u00fclhm\u0259raml\u0131 kontingentinin m\u0259suliyy\u0259t zonas\u0131nda ba\u015f ver\u0259 bil\u0259c\u0259k hadis\u0259l\u0259rin qar\u015f\u0131s\u0131n\u0131 almaq \u00fc\u00e7\u00fcn s\u0259yl\u0259ri koordinasiya etm\u0259k m\u0259qs\u0259dil\u0259 Az\u0259rbaycan v\u0259 Erm\u0259nistan silahl\u0131 q\u00fcvv\u0259l\u0259rinin ba\u015f q\u0259rargahlar\u0131 il\u0259 davaml\u0131 qar\u015f\u0131l\u0131ql\u0131 \u0259laq\u0259 saxlan\u0131l\u0131r&#8221;.Publika.az<\/p>\n","protected":false},"excerpt":{"rendered":"<p>Qaraba\u011fda sutka \u0259rzind\u0259 b\u00fct\u00fcn t\u0259mas x\u0259tti boyunca at\u0259\u015fk\u0259s\u0259 \u0259m\u0259l edilib. ARANTV.AZ\u00a0x\u0259b\u0259r verir ki, bu bar\u0259d\u0259 Rusiya Federasiyas\u0131 M\u00fcdafi\u0259 Nazirliyi m\u0259lumat yay\u0131b. &#8220;S\u00fclhm\u0259raml\u0131lar 27 m\u0259nt\u0259q\u0259d\u0259 gec\u0259-g\u00fcnd\u00fcz m\u00fc\u015fahid\u0259 apar\u0131r, v\u0259t\u0259nda\u015flar\u0131n t\u0259hl\u00fck\u0259siz h\u0259r\u0259k\u0259tini v\u0259 m\u00fclki infrastrukturun b\u0259rpas\u0131n\u0131 t\u0259min edir, \u0259haliy\u0259 humanitar yard\u0131m g\u00f6st\u0259rirl\u0259r&#8221;, &#8211; m\u0259lumatda qeyd olunub. H\u0259m\u00e7inin bildirilib ki, rus s\u00fclhm\u0259raml\u0131lar\u0131 mart\u0131n 21-d\u0259 Az\u0259rbaycan Respublikas\u0131 Silahl\u0131 Q\u00fcvv\u0259l\u0259rinin alt\u0131 karvan\u0131n\u0131 m\u00fc\u015fayi\u0259t edib: &#8220;Karvan\u0131n d\u00f6rd\u00fc &#8211; \u015fimal v\u0259 c\u0259nub istiqam\u0259tind\u0259 La\u00e7\u0131n d\u0259hlizind\u0259n, bir karvan \u015eu\u015fa- Q\u0131rm\u0131z\u0131 Bazar- Qacar mar\u015frutu v\u0259 biri \u0259ks istiqam\u0259td\u0259 m\u00fc\u015faiy\u0259t olunub&#8221;. Humanitar Minat\u0259mizl\u0259m\u0259 M\u0259rk\u0259zinin minalardan t\u0259mizl\u0259nm\u0259si qruplar\u0131 Qaraba\u011f \u0259razisini minalardan&hellip;<\/p>\n","protected":false},"author":2,"featured_media":316606,"comment_status":"closed","ping_status":"closed","sticky":false,"template":"","format":"standard","meta":{"om_disable_all_campaigns":false,"_monsterinsights_skip_tracking":false,"_monsterinsights_sitenote_active":false,"_monsterinsights_sitenote_note":"","_monsterinsights_sitenote_category":0},"categories":[10],"tags":[],"aioseo_notices":[],"gutentor_comment":0,"rttpg_featured_image_url":{"full":["https:\/\/arantv.az\/wp-content\/uploads\/2021\/03\/ordu-telim.jpg",800,450,false],"landscape":["https:\/\/arantv.az\/wp-content\/uploads\/2021\/03\/ordu-telim.jpg",800,450,false],"portraits":["https:\/\/arantv.az\/wp-content\/uploads\/2021\/03\/ordu-telim.jpg",800,450,false],"thumbnail":["https:\/\/arantv.az\/wp-content\/uploads\/2021\/03\/ordu-telim-150x150.jpg",150,150,true],"medium":["https:\/\/arantv.az\/wp-content\/uploads\/2021\/03\/ordu-telim-300x169.jpg",300,169,true],"large":["https:\/\/arantv.az\/wp-content\/uploads\/2021\/03\/ordu-telim.jpg",640,360,false],"1536x1536":["https:\/\/arantv.az\/wp-content\/uploads\/2021\/03\/ordu-telim.jpg",800,450,false],"2048x2048":["https:\/\/arantv.az\/wp-content\/uploads\/2021\/03\/ordu-telim.jpg",800,450,false],"post-thumbnail":["https:\/\/arantv.az\/wp-content\/uploads\/2021\/03\/ordu-telim-240x172.jpg",240,172,true],"advps-thumb-one":["https:\/\/arantv.az\/wp-content\/uploads\/2021\/03\/ordu-telim.jpg",800,450,false]},"rttpg_author":{"display_name":"V\u00fcsal Rafiqo\u011flu","author_link":"https:\/\/arantv.az\/?author=2"},"rttpg_comment":0,"rttpg_category":"<a href=\"https:\/\/arantv.az\/?cat=10\" rel=\"category\">C\u0259bh\u0259d\u0259n X\u0259b\u0259r<\/a>","rttpg_excerpt":"Qaraba\u011fda sutka \u0259rzind\u0259 b\u00fct\u00fcn t\u0259mas x\u0259tti boyunca at\u0259\u015fk\u0259s\u0259 \u0259m\u0259l edilib. ARANTV.AZ\u00a0x\u0259b\u0259r verir ki, bu bar\u0259d\u0259 Rusiya Federasiyas\u0131 M\u00fcdafi\u0259 Nazirliyi m\u0259lumat yay\u0131b. &#8220;S\u00fclhm\u0259raml\u0131lar 27 m\u0259nt\u0259q\u0259d\u0259 gec\u0259-g\u00fcnd\u00fcz m\u00fc\u015fahid\u0259 apar\u0131r, v\u0259t\u0259nda\u015flar\u0131n t\u0259hl\u00fck\u0259siz h\u0259r\u0259k\u0259tini v\u0259 m\u00fclki infrastrukturun b\u0259rpas\u0131n\u0131 t\u0259min edir, \u0259haliy\u0259 humanitar yard\u0131m g\u00f6st\u0259rirl\u0259r&#8221;, &#8211; m\u0259lumatda qeyd olunub. H\u0259m\u00e7inin bildirilib ki, rus s\u00fclhm\u0259raml\u0131lar\u0131 mart\u0131n 21-d\u0259 Az\u0259rbaycan Respublikas\u0131 Silahl\u0131 Q\u00fcvv\u0259l\u0259rinin&hellip;","_links":{"self":[{"href":"https:\/\/arantv.az\/index.php?rest_route=\/wp\/v2\/posts\/316605"}],"collection":[{"href":"https:\/\/arantv.az\/index.php?rest_route=\/wp\/v2\/posts"}],"about":[{"href":"https:\/\/arantv.az\/index.php?rest_route=\/wp\/v2\/types\/post"}],"author":[{"embeddable":true,"href":"https:\/\/arantv.az\/index.php?rest_route=\/wp\/v2\/users\/2"}],"replies":[{"embeddable":true,"href":"https:\/\/arantv.az\/index.php?rest_route=%2Fwp%2Fv2%2Fcomments&post=316605"}],"version-history":[{"count":0,"href":"https:\/\/arantv.az\/index.php?rest_route=\/wp\/v2\/posts\/316605\/revisions"}],"wp:featuredmedia":[{"embeddable":true,"href":"https:\/\/arantv.az\/index.php?rest_route=\/wp\/v2\/media\/316606"}],"wp:attachment":[{"href":"https:\/\/arantv.az\/index.php?rest_route=%2Fwp%2Fv2%2Fmedia&parent=316605"}],"wp:term":[{"taxonomy":"category","embeddable":true,"href":"https:\/\/arantv.az\/index.php?rest_route=%2Fwp%2Fv2%2Fcategories&post=316605"},{"taxonomy":"post_tag","embeddable":true,"href":"https:\/\/arantv.az\/index.php?rest_route=%2Fwp%2Fv2%2Ftags&post=316605"}],"curies":[{"name":"wp","href":"https:\/\/api.w.org\/{rel}","templated":true}]}}