{"id":316629,"date":"2021-03-22T09:08:54","date_gmt":"2021-03-22T06:08:54","guid":{"rendered":"http:\/\/arantv.az\/?p=316629"},"modified":"2021-03-22T09:08:54","modified_gmt":"2021-03-22T06:08:54","slug":"g%c9%99nc%c9%99-sakini-qardasini-bicaqlayib","status":"publish","type":"post","link":"https:\/\/arantv.az\/?p=316629","title":{"rendered":"G\u0259nc\u0259 sakini qarda\u015f\u0131n\u0131 b\u0131\u00e7aqlay\u0131b"},"content":{"rendered":"<p>G\u0259nc\u0259d\u0259 b\u0131\u00e7aqlanma hadis\u0259si ba\u015f verib.<\/p>\n<p><strong>ARANTV.AZ\u00a0<\/strong> milli.az-a\u00a0\u00a0istinad\u0259n x\u0259b\u0259r verir ki,\u00a0hadis\u0259 k\u00f6hn\u0259 Yevlax avtova\u011fzal\u0131n\u0131n yax\u0131nl\u0131\u011f\u0131nda qeyd\u0259 al\u0131n\u0131b.<\/p>\n<p>1981-ci il t\u0259v\u0259ll\u00fcdl\u00fc Emin Quliyev d\u00f6\u015f q\u0259f\u0259sinin b\u0131\u00e7aq x\u0259sar\u0259ti il\u0259 x\u0259st\u0259xanaya yerl\u0259\u015fdirilib.<\/p>\n<p>D\u0259rhal x\u0259st\u0259 \u0259m\u0259liyyat olunub.<\/p>\n<p>\u0130lkin m\u0259lumata g\u00f6r\u0259, hadis\u0259y\u0259 s\u0259b\u0259b qarda\u015flar aras\u0131ndak\u0131 m\u00fcbahis\u0259 olub.<\/p>\n<p>Faktla ba\u011fl\u0131 ara\u015fd\u0131rma apar\u0131l\u0131r.<\/p>\n","protected":false},"excerpt":{"rendered":"<p>G\u0259nc\u0259d\u0259 b\u0131\u00e7aqlanma hadis\u0259si ba\u015f verib. ARANTV.AZ\u00a0 milli.az-a\u00a0\u00a0istinad\u0259n x\u0259b\u0259r verir ki,\u00a0hadis\u0259 k\u00f6hn\u0259 Yevlax avtova\u011fzal\u0131n\u0131n yax\u0131nl\u0131\u011f\u0131nda qeyd\u0259 al\u0131n\u0131b. 1981-ci il t\u0259v\u0259ll\u00fcdl\u00fc Emin Quliyev d\u00f6\u015f q\u0259f\u0259sinin b\u0131\u00e7aq x\u0259sar\u0259ti il\u0259 x\u0259st\u0259xanaya yerl\u0259\u015fdirilib. D\u0259rhal x\u0259st\u0259 \u0259m\u0259liyyat olunub. \u0130lkin m\u0259lumata g\u00f6r\u0259, hadis\u0259y\u0259 s\u0259b\u0259b qarda\u015flar aras\u0131ndak\u0131 m\u00fcbahis\u0259 olub. Faktla ba\u011fl\u0131 ara\u015fd\u0131rma apar\u0131l\u0131r.<\/p>\n","protected":false},"author":2,"featured_media":316630,"comment_status":"closed","ping_status":"closed","sticky":false,"template":"","format":"standard","meta":{"om_disable_all_campaigns":false,"_monsterinsights_skip_tracking":false,"_monsterinsights_sitenote_active":false,"_monsterinsights_sitenote_note":"","_monsterinsights_sitenote_category":0},"categories":[3],"tags":[],"aioseo_notices":[],"gutentor_comment":0,"rttpg_featured_image_url":{"full":["https:\/\/arantv.az\/wp-content\/uploads\/2021\/03\/8ce1a43f161635498727226788210391924.jpg",975,540,false],"landscape":["https:\/\/arantv.az\/wp-content\/uploads\/2021\/03\/8ce1a43f161635498727226788210391924.jpg",975,540,false],"portraits":["https:\/\/arantv.az\/wp-content\/uploads\/2021\/03\/8ce1a43f161635498727226788210391924.jpg",975,540,false],"thumbnail":["https:\/\/arantv.az\/wp-content\/uploads\/2021\/03\/8ce1a43f161635498727226788210391924-150x150.jpg",150,150,true],"medium":["https:\/\/arantv.az\/wp-content\/uploads\/2021\/03\/8ce1a43f161635498727226788210391924-300x166.jpg",300,166,true],"large":["https:\/\/arantv.az\/wp-content\/uploads\/2021\/03\/8ce1a43f161635498727226788210391924.jpg",640,354,false],"1536x1536":["https:\/\/arantv.az\/wp-content\/uploads\/2021\/03\/8ce1a43f161635498727226788210391924.jpg",975,540,false],"2048x2048":["https:\/\/arantv.az\/wp-content\/uploads\/2021\/03\/8ce1a43f161635498727226788210391924.jpg",975,540,false],"post-thumbnail":["https:\/\/arantv.az\/wp-content\/uploads\/2021\/03\/8ce1a43f161635498727226788210391924-240x172.jpg",240,172,true],"advps-thumb-one":["https:\/\/arantv.az\/wp-content\/uploads\/2021\/03\/8ce1a43f161635498727226788210391924.jpg",975,540,false]},"rttpg_author":{"display_name":"V\u00fcsal Rafiqo\u011flu","author_link":"https:\/\/arantv.az\/?author=2"},"rttpg_comment":0,"rttpg_category":"<a href=\"https:\/\/arantv.az\/?cat=3\" rel=\"category\">Kriminal<\/a>","rttpg_excerpt":"G\u0259nc\u0259d\u0259 b\u0131\u00e7aqlanma hadis\u0259si ba\u015f verib. ARANTV.AZ\u00a0 milli.az-a\u00a0\u00a0istinad\u0259n x\u0259b\u0259r verir ki,\u00a0hadis\u0259 k\u00f6hn\u0259 Yevlax avtova\u011fzal\u0131n\u0131n yax\u0131nl\u0131\u011f\u0131nda qeyd\u0259 al\u0131n\u0131b. 1981-ci il t\u0259v\u0259ll\u00fcdl\u00fc Emin Quliyev d\u00f6\u015f q\u0259f\u0259sinin b\u0131\u00e7aq x\u0259sar\u0259ti il\u0259 x\u0259st\u0259xanaya yerl\u0259\u015fdirilib. D\u0259rhal x\u0259st\u0259 \u0259m\u0259liyyat olunub. \u0130lkin m\u0259lumata g\u00f6r\u0259, hadis\u0259y\u0259 s\u0259b\u0259b qarda\u015flar aras\u0131ndak\u0131 m\u00fcbahis\u0259 olub. Faktla ba\u011fl\u0131 ara\u015fd\u0131rma apar\u0131l\u0131r.","_links":{"self":[{"href":"https:\/\/arantv.az\/index.php?rest_route=\/wp\/v2\/posts\/316629"}],"collection":[{"href":"https:\/\/arantv.az\/index.php?rest_route=\/wp\/v2\/posts"}],"about":[{"href":"https:\/\/arantv.az\/index.php?rest_route=\/wp\/v2\/types\/post"}],"author":[{"embeddable":true,"href":"https:\/\/arantv.az\/index.php?rest_route=\/wp\/v2\/users\/2"}],"replies":[{"embeddable":true,"href":"https:\/\/arantv.az\/index.php?rest_route=%2Fwp%2Fv2%2Fcomments&post=316629"}],"version-history":[{"count":0,"href":"https:\/\/arantv.az\/index.php?rest_route=\/wp\/v2\/posts\/316629\/revisions"}],"wp:featuredmedia":[{"embeddable":true,"href":"https:\/\/arantv.az\/index.php?rest_route=\/wp\/v2\/media\/316630"}],"wp:attachment":[{"href":"https:\/\/arantv.az\/index.php?rest_route=%2Fwp%2Fv2%2Fmedia&parent=316629"}],"wp:term":[{"taxonomy":"category","embeddable":true,"href":"https:\/\/arantv.az\/index.php?rest_route=%2Fwp%2Fv2%2Fcategories&post=316629"},{"taxonomy":"post_tag","embeddable":true,"href":"https:\/\/arantv.az\/index.php?rest_route=%2Fwp%2Fv2%2Ftags&post=316629"}],"curies":[{"name":"wp","href":"https:\/\/api.w.org\/{rel}","templated":true}]}}