{"id":316682,"date":"2021-03-22T09:59:24","date_gmt":"2021-03-22T06:59:24","guid":{"rendered":"http:\/\/arantv.az\/?p=316682"},"modified":"2021-03-22T09:59:24","modified_gmt":"2021-03-22T06:59:24","slug":"turkiy%c9%99d%c9%99-yen%c9%99-z%c9%99lz%c9%99l%c9%99-oldu-2","status":"publish","type":"post","link":"https:\/\/arantv.az\/?p=316682","title":{"rendered":"T\u00fcrkiy\u0259d\u0259 yen\u0259 z\u0259lz\u0259l\u0259 oldu"},"content":{"rendered":"<p><strong>M\u0259rm\u0259r\u0259 d\u0259nizinin T\u00fcrkiy\u0259y\u0259 aid hiss\u0259sind\u0259\u00a03,7 bal g\u00fcc\u00fcnd\u0259 z\u0259lz\u0259l\u0259 ba\u015f verib.<\/strong><\/p>\n<p><strong>ARANTV.AZ\u00a0<\/strong> &#8220;qafqazinfo&#8221;ya istinad\u0259n x\u0259b\u0259r verir ki,\u00a0T\u00fcrkiy\u0259nin Kandilli Seysmologiya M\u0259rk\u0259zi z\u0259lz\u0259l\u0259nin yerli vaxtla saat 00:33-d\u0259 qeyd\u0259 al\u0131nd\u0131\u011f\u0131n\u0131, \u0130stanbul, Bal\u0131kesir v\u0259 \u0259traf rayonlarda hiss edildiyini a\u00e7\u0131qlay\u0131b.<\/p>\n<p>Yeralt\u0131 t\u0259kanlar\u0131n oca\u011f\u0131 11,1 km d\u0259rinlikd\u0259 yerl\u0259\u015fib.<\/p>\n<p>F\u00f6vq\u0259lad\u0259 Hallar\u0131n \u0130dar\u0259olunmas\u0131 Agentliyi (AFAD) z\u0259lz\u0259l\u0259nin 3,3 maqnitudal\u0131 oldu\u011funu a\u00e7\u0131qlay\u0131b.<\/p>\n","protected":false},"excerpt":{"rendered":"<p>M\u0259rm\u0259r\u0259 d\u0259nizinin T\u00fcrkiy\u0259y\u0259 aid hiss\u0259sind\u0259\u00a03,7 bal g\u00fcc\u00fcnd\u0259 z\u0259lz\u0259l\u0259 ba\u015f verib. ARANTV.AZ\u00a0 &#8220;qafqazinfo&#8221;ya istinad\u0259n x\u0259b\u0259r verir ki,\u00a0T\u00fcrkiy\u0259nin Kandilli Seysmologiya M\u0259rk\u0259zi z\u0259lz\u0259l\u0259nin yerli vaxtla saat 00:33-d\u0259 qeyd\u0259 al\u0131nd\u0131\u011f\u0131n\u0131, \u0130stanbul, Bal\u0131kesir v\u0259 \u0259traf rayonlarda hiss edildiyini a\u00e7\u0131qlay\u0131b. Yeralt\u0131 t\u0259kanlar\u0131n oca\u011f\u0131 11,1 km d\u0259rinlikd\u0259 yerl\u0259\u015fib. F\u00f6vq\u0259lad\u0259 Hallar\u0131n \u0130dar\u0259olunmas\u0131 Agentliyi (AFAD) z\u0259lz\u0259l\u0259nin 3,3 maqnitudal\u0131 oldu\u011funu a\u00e7\u0131qlay\u0131b.<\/p>\n","protected":false},"author":2,"featured_media":316683,"comment_status":"closed","ping_status":"closed","sticky":false,"template":"","format":"standard","meta":{"om_disable_all_campaigns":false,"_monsterinsights_skip_tracking":false,"_monsterinsights_sitenote_active":false,"_monsterinsights_sitenote_note":"","_monsterinsights_sitenote_category":0},"categories":[7],"tags":[],"aioseo_notices":[],"gutentor_comment":0,"rttpg_featured_image_url":{"full":["https:\/\/arantv.az\/wp-content\/uploads\/2021\/03\/zelzele-2.jpg",800,600,false],"landscape":["https:\/\/arantv.az\/wp-content\/uploads\/2021\/03\/zelzele-2.jpg",800,600,false],"portraits":["https:\/\/arantv.az\/wp-content\/uploads\/2021\/03\/zelzele-2.jpg",800,600,false],"thumbnail":["https:\/\/arantv.az\/wp-content\/uploads\/2021\/03\/zelzele-2-150x150.jpg",150,150,true],"medium":["https:\/\/arantv.az\/wp-content\/uploads\/2021\/03\/zelzele-2-300x225.jpg",300,225,true],"large":["https:\/\/arantv.az\/wp-content\/uploads\/2021\/03\/zelzele-2.jpg",640,480,false],"1536x1536":["https:\/\/arantv.az\/wp-content\/uploads\/2021\/03\/zelzele-2.jpg",800,600,false],"2048x2048":["https:\/\/arantv.az\/wp-content\/uploads\/2021\/03\/zelzele-2.jpg",800,600,false],"post-thumbnail":["https:\/\/arantv.az\/wp-content\/uploads\/2021\/03\/zelzele-2-240x172.jpg",240,172,true],"advps-thumb-one":["https:\/\/arantv.az\/wp-content\/uploads\/2021\/03\/zelzele-2.jpg",800,600,false]},"rttpg_author":{"display_name":"V\u00fcsal Rafiqo\u011flu","author_link":"https:\/\/arantv.az\/?author=2"},"rttpg_comment":0,"rttpg_category":"<a href=\"https:\/\/arantv.az\/?cat=7\" rel=\"category\">D\u00fcnya<\/a>","rttpg_excerpt":"M\u0259rm\u0259r\u0259 d\u0259nizinin T\u00fcrkiy\u0259y\u0259 aid hiss\u0259sind\u0259\u00a03,7 bal g\u00fcc\u00fcnd\u0259 z\u0259lz\u0259l\u0259 ba\u015f verib. ARANTV.AZ\u00a0 &#8220;qafqazinfo&#8221;ya istinad\u0259n x\u0259b\u0259r verir ki,\u00a0T\u00fcrkiy\u0259nin Kandilli Seysmologiya M\u0259rk\u0259zi z\u0259lz\u0259l\u0259nin yerli vaxtla saat 00:33-d\u0259 qeyd\u0259 al\u0131nd\u0131\u011f\u0131n\u0131, \u0130stanbul, Bal\u0131kesir v\u0259 \u0259traf rayonlarda hiss edildiyini a\u00e7\u0131qlay\u0131b. Yeralt\u0131 t\u0259kanlar\u0131n oca\u011f\u0131 11,1 km d\u0259rinlikd\u0259 yerl\u0259\u015fib. F\u00f6vq\u0259lad\u0259 Hallar\u0131n \u0130dar\u0259olunmas\u0131 Agentliyi (AFAD) z\u0259lz\u0259l\u0259nin 3,3 maqnitudal\u0131 oldu\u011funu a\u00e7\u0131qlay\u0131b.","_links":{"self":[{"href":"https:\/\/arantv.az\/index.php?rest_route=\/wp\/v2\/posts\/316682"}],"collection":[{"href":"https:\/\/arantv.az\/index.php?rest_route=\/wp\/v2\/posts"}],"about":[{"href":"https:\/\/arantv.az\/index.php?rest_route=\/wp\/v2\/types\/post"}],"author":[{"embeddable":true,"href":"https:\/\/arantv.az\/index.php?rest_route=\/wp\/v2\/users\/2"}],"replies":[{"embeddable":true,"href":"https:\/\/arantv.az\/index.php?rest_route=%2Fwp%2Fv2%2Fcomments&post=316682"}],"version-history":[{"count":0,"href":"https:\/\/arantv.az\/index.php?rest_route=\/wp\/v2\/posts\/316682\/revisions"}],"wp:featuredmedia":[{"embeddable":true,"href":"https:\/\/arantv.az\/index.php?rest_route=\/wp\/v2\/media\/316683"}],"wp:attachment":[{"href":"https:\/\/arantv.az\/index.php?rest_route=%2Fwp%2Fv2%2Fmedia&parent=316682"}],"wp:term":[{"taxonomy":"category","embeddable":true,"href":"https:\/\/arantv.az\/index.php?rest_route=%2Fwp%2Fv2%2Fcategories&post=316682"},{"taxonomy":"post_tag","embeddable":true,"href":"https:\/\/arantv.az\/index.php?rest_route=%2Fwp%2Fv2%2Ftags&post=316682"}],"curies":[{"name":"wp","href":"https:\/\/api.w.org\/{rel}","templated":true}]}}