{"id":316942,"date":"2021-03-23T07:59:11","date_gmt":"2021-03-23T04:59:11","guid":{"rendered":"http:\/\/arantv.az\/?p=316942"},"modified":"2021-03-23T07:59:11","modified_gmt":"2021-03-23T04:59:11","slug":"nazp%c9%99ri-dost%c9%99liyeva-oglunun-olumund%c9%99n-danisdi-foto","status":"publish","type":"post","link":"https:\/\/arantv.az\/?p=316942","title":{"rendered":"Nazp\u0259ri Dost\u0259liyeva o\u011flunun \u00f6l\u00fcm\u00fcnd\u0259n dan\u0131\u015fd\u0131 &#8211; FOTO"},"content":{"rendered":"<p>\u201cO\u011flum valideynl\u0259riml\u0259 qarda\u015f\u0131m\u0131n d\u0259fn olundu\u011fu Qobustan q\u0259biristanl\u0131\u011f\u0131nda torpa\u011fa tap\u015f\u0131r\u0131lacaq\u201d.<\/p>\n<p>Bu s\u00f6zl\u0259ri News24.az-a a\u00e7\u0131qlamas\u0131nda Xalq artisti Nazp\u0259ri Dost\u0259liyeva deyib.<\/p>\n<p>O\u011flunun v\u0259fat\u0131n\u0131n \u015fokunu ya\u015fayan s\u0259n\u0259t\u00e7i onun \u00f6l\u00fcm\u00fcn\u00fcn anid\u0259n ba\u015f verdiyini bildirib:<\/p>\n<div id=\"AdviadNativeVideo0\" class=\"AdviadNativeVideo\"><\/div>\n<p>\u201cO\u011flum qu\u015f kimi yan\u0131mdan u\u00e7ub getdi. Xalas\u0131 il\u0259, m\u0259niml\u0259 dey\u0259-g\u00fcl\u0259 getdi balam. T\u0259cili yard\u0131m g\u0259l\u0259n\u0259 q\u0259d\u0259r can\u0131n\u0131 tap\u015f\u0131rd\u0131. El\u0259 bil, c\u0259nn\u0259t qu\u015fu idi&#8230; Dem\u0259li, h\u0259yat\u0131ma bu da yaz\u0131l\u0131bm\u0131\u015f\u201d, &#8211; dey\u0259n s\u0259n\u0259t\u00e7i g\u00f6z ya\u015flar\u0131n\u0131 saxlaya bilm\u0259yib.<\/p>\n<p>Qeyd ed\u0259k ki, Xalq artistinin b\u00f6y\u00fck o\u011flu \u018fli Quliyev bu g\u00fcn g\u00fcnorta saatlar\u0131nda \u00fcr\u0259k \u00e7at\u0131\u015fmazl\u0131\u011f\u0131ndan v\u0259fat edib.<\/p>\n<div class=\"gallery\">\n<div class=\"gallery-i\"><img src=\"https:\/\/cdn.oxu.az\/uploads\/W1siZiIsIjIwMjEvMDMvMjIvMjEvMjgvMzAvYTVkYTk1NTctNjQ1YS00MWUzLTg2OTItMDk2MjJhMjNjNGYwL25henBlcmlpLmpwZyJdLFsicCIsImVuY29kZSIsImpwZyIsIi1xdWFsaXR5IDgwIl0sWyJwIiwidGh1bWIiLCI1OTB4NTkwXHUwMDNlIl1d?sha=0d4246c5412deb6d\" \/><\/div>\n<\/div>\n","protected":false},"excerpt":{"rendered":"<p>\u201cO\u011flum valideynl\u0259riml\u0259 qarda\u015f\u0131m\u0131n d\u0259fn olundu\u011fu Qobustan q\u0259biristanl\u0131\u011f\u0131nda torpa\u011fa tap\u015f\u0131r\u0131lacaq\u201d. Bu s\u00f6zl\u0259ri News24.az-a a\u00e7\u0131qlamas\u0131nda Xalq artisti Nazp\u0259ri Dost\u0259liyeva deyib. O\u011flunun v\u0259fat\u0131n\u0131n \u015fokunu ya\u015fayan s\u0259n\u0259t\u00e7i onun \u00f6l\u00fcm\u00fcn\u00fcn anid\u0259n ba\u015f verdiyini bildirib: \u201cO\u011flum qu\u015f kimi yan\u0131mdan u\u00e7ub getdi. Xalas\u0131 il\u0259, m\u0259niml\u0259 dey\u0259-g\u00fcl\u0259 getdi balam. T\u0259cili yard\u0131m g\u0259l\u0259n\u0259 q\u0259d\u0259r can\u0131n\u0131 tap\u015f\u0131rd\u0131. El\u0259 bil, c\u0259nn\u0259t qu\u015fu idi&#8230; Dem\u0259li, h\u0259yat\u0131ma bu da yaz\u0131l\u0131bm\u0131\u015f\u201d, &#8211; dey\u0259n s\u0259n\u0259t\u00e7i g\u00f6z ya\u015flar\u0131n\u0131 saxlaya bilm\u0259yib. Qeyd ed\u0259k ki, Xalq artistinin b\u00f6y\u00fck o\u011flu \u018fli Quliyev bu g\u00fcn g\u00fcnorta saatlar\u0131nda \u00fcr\u0259k \u00e7at\u0131\u015fmazl\u0131\u011f\u0131ndan v\u0259fat edib.<\/p>\n","protected":false},"author":2,"featured_media":316943,"comment_status":"closed","ping_status":"closed","sticky":false,"template":"","format":"standard","meta":{"om_disable_all_campaigns":false,"_monsterinsights_skip_tracking":false,"_monsterinsights_sitenote_active":false,"_monsterinsights_sitenote_note":"","_monsterinsights_sitenote_category":0},"categories":[20],"tags":[],"aioseo_notices":[],"gutentor_comment":0,"rttpg_featured_image_url":{"full":["https:\/\/arantv.az\/wp-content\/uploads\/2021\/03\/Bez-imeni-1-vosstanovleno-2.jpg",620,413,false],"landscape":["https:\/\/arantv.az\/wp-content\/uploads\/2021\/03\/Bez-imeni-1-vosstanovleno-2.jpg",620,413,false],"portraits":["https:\/\/arantv.az\/wp-content\/uploads\/2021\/03\/Bez-imeni-1-vosstanovleno-2.jpg",620,413,false],"thumbnail":["https:\/\/arantv.az\/wp-content\/uploads\/2021\/03\/Bez-imeni-1-vosstanovleno-2-150x150.jpg",150,150,true],"medium":["https:\/\/arantv.az\/wp-content\/uploads\/2021\/03\/Bez-imeni-1-vosstanovleno-2-300x200.jpg",300,200,true],"large":["https:\/\/arantv.az\/wp-content\/uploads\/2021\/03\/Bez-imeni-1-vosstanovleno-2.jpg",620,413,false],"1536x1536":["https:\/\/arantv.az\/wp-content\/uploads\/2021\/03\/Bez-imeni-1-vosstanovleno-2.jpg",620,413,false],"2048x2048":["https:\/\/arantv.az\/wp-content\/uploads\/2021\/03\/Bez-imeni-1-vosstanovleno-2.jpg",620,413,false],"post-thumbnail":["https:\/\/arantv.az\/wp-content\/uploads\/2021\/03\/Bez-imeni-1-vosstanovleno-2-240x172.jpg",240,172,true],"advps-thumb-one":["https:\/\/arantv.az\/wp-content\/uploads\/2021\/03\/Bez-imeni-1-vosstanovleno-2.jpg",620,413,false]},"rttpg_author":{"display_name":"V\u00fcsal Rafiqo\u011flu","author_link":"https:\/\/arantv.az\/?author=2"},"rttpg_comment":0,"rttpg_category":"<a href=\"https:\/\/arantv.az\/?cat=20\" rel=\"category\">\u015eou biznes<\/a>","rttpg_excerpt":"\u201cO\u011flum valideynl\u0259riml\u0259 qarda\u015f\u0131m\u0131n d\u0259fn olundu\u011fu Qobustan q\u0259biristanl\u0131\u011f\u0131nda torpa\u011fa tap\u015f\u0131r\u0131lacaq\u201d. Bu s\u00f6zl\u0259ri News24.az-a a\u00e7\u0131qlamas\u0131nda Xalq artisti Nazp\u0259ri Dost\u0259liyeva deyib. O\u011flunun v\u0259fat\u0131n\u0131n \u015fokunu ya\u015fayan s\u0259n\u0259t\u00e7i onun \u00f6l\u00fcm\u00fcn\u00fcn anid\u0259n ba\u015f verdiyini bildirib: \u201cO\u011flum qu\u015f kimi yan\u0131mdan u\u00e7ub getdi. Xalas\u0131 il\u0259, m\u0259niml\u0259 dey\u0259-g\u00fcl\u0259 getdi balam. T\u0259cili yard\u0131m g\u0259l\u0259n\u0259 q\u0259d\u0259r can\u0131n\u0131 tap\u015f\u0131rd\u0131. El\u0259 bil, c\u0259nn\u0259t qu\u015fu idi&#8230; Dem\u0259li, h\u0259yat\u0131ma bu&hellip;","_links":{"self":[{"href":"https:\/\/arantv.az\/index.php?rest_route=\/wp\/v2\/posts\/316942"}],"collection":[{"href":"https:\/\/arantv.az\/index.php?rest_route=\/wp\/v2\/posts"}],"about":[{"href":"https:\/\/arantv.az\/index.php?rest_route=\/wp\/v2\/types\/post"}],"author":[{"embeddable":true,"href":"https:\/\/arantv.az\/index.php?rest_route=\/wp\/v2\/users\/2"}],"replies":[{"embeddable":true,"href":"https:\/\/arantv.az\/index.php?rest_route=%2Fwp%2Fv2%2Fcomments&post=316942"}],"version-history":[{"count":0,"href":"https:\/\/arantv.az\/index.php?rest_route=\/wp\/v2\/posts\/316942\/revisions"}],"wp:featuredmedia":[{"embeddable":true,"href":"https:\/\/arantv.az\/index.php?rest_route=\/wp\/v2\/media\/316943"}],"wp:attachment":[{"href":"https:\/\/arantv.az\/index.php?rest_route=%2Fwp%2Fv2%2Fmedia&parent=316942"}],"wp:term":[{"taxonomy":"category","embeddable":true,"href":"https:\/\/arantv.az\/index.php?rest_route=%2Fwp%2Fv2%2Fcategories&post=316942"},{"taxonomy":"post_tag","embeddable":true,"href":"https:\/\/arantv.az\/index.php?rest_route=%2Fwp%2Fv2%2Ftags&post=316942"}],"curies":[{"name":"wp","href":"https:\/\/api.w.org\/{rel}","templated":true}]}}