{"id":316946,"date":"2021-03-23T07:59:53","date_gmt":"2021-03-23T04:59:53","guid":{"rendered":"http:\/\/arantv.az\/?p=316946"},"modified":"2021-03-23T07:59:53","modified_gmt":"2021-03-23T04:59:53","slug":"ukraynali-jurnalist-qarabagdan-film-c%c9%99kib-video","status":"publish","type":"post","link":"https:\/\/arantv.az\/?p=316946","title":{"rendered":"Ukraynal\u0131 jurnalist Qaraba\u011fdan film \u00e7\u0259kib \u2013 V\u0130DEO"},"content":{"rendered":"<article class=\"news\">\n<div class=\"news-inner\">\n<p>M\u0259\u015fhur ukraynal\u0131 jurnalist Roman Bo\u00e7kala Da\u011fl\u0131q Qaraba\u011fda, Az\u0259rbaycan\u0131n i\u015f\u011faldan azad edil\u0259n b\u00f6lg\u0259l\u0259rini ziyar\u0259t edib.<\/p>\n<p>O, \u201cQaraba\u011f\u0131n bu g\u00fcn\u00fc. Az\u0259rbaycanla Erm\u0259nistan aras\u0131nda m\u00fcharib\u0259 nec\u0259 bitdi?\u201d adl\u0131 33 d\u0259qiq\u0259lik film haz\u0131rlay\u0131b v\u0259 \u201cYoutube\u201dd\u0259 yay\u0131mlay\u0131b.<\/p>\n<p>Filmd\u0259 jurnalist A\u011fdamdan, erm\u0259nil\u0259rin bu \u015f\u0259h\u0259ri b\u00fct\u00fcnl\u00fckd\u0259 da\u011f\u0131tmas\u0131ndan b\u0259hs edib.<\/p>\n<div id=\"AdviadNativeVideo0\" class=\"AdviadNativeVideo\"><\/div>\n<p>O bildirib ki, bu \u0259razinin h\u0259r yerind\u0259 partlamam\u0131\u015f minalar var.<\/p>\n<p>Daha \u0259trafl\u0131 Baku TV-nin s\u00fcjetind\u0259:<\/p>\n<p><iframe loading=\"lazy\" title=\"YouTube video player\" src=\"https:\/\/www.youtube.com\/embed\/SXytERiZ3Z8\" width=\"560\" height=\"315\" frameborder=\"0\" allowfullscreen=\"allowfullscreen\" data-mce-fragment=\"1\"><\/iframe><\/p>\n<\/div>\n<\/article>\n<h2 class=\"news-share-title\"><\/h2>\n","protected":false},"excerpt":{"rendered":"<p>M\u0259\u015fhur ukraynal\u0131 jurnalist Roman Bo\u00e7kala Da\u011fl\u0131q Qaraba\u011fda, Az\u0259rbaycan\u0131n i\u015f\u011faldan azad edil\u0259n b\u00f6lg\u0259l\u0259rini ziyar\u0259t edib. O, \u201cQaraba\u011f\u0131n bu g\u00fcn\u00fc. Az\u0259rbaycanla Erm\u0259nistan aras\u0131nda m\u00fcharib\u0259 nec\u0259 bitdi?\u201d adl\u0131 33 d\u0259qiq\u0259lik film haz\u0131rlay\u0131b v\u0259 \u201cYoutube\u201dd\u0259 yay\u0131mlay\u0131b. Filmd\u0259 jurnalist A\u011fdamdan, erm\u0259nil\u0259rin bu \u015f\u0259h\u0259ri b\u00fct\u00fcnl\u00fckd\u0259 da\u011f\u0131tmas\u0131ndan b\u0259hs edib. O bildirib ki, bu \u0259razinin h\u0259r yerind\u0259 partlamam\u0131\u015f minalar var. Daha \u0259trafl\u0131 Baku TV-nin s\u00fcjetind\u0259:<\/p>\n","protected":false},"author":2,"featured_media":316947,"comment_status":"closed","ping_status":"closed","sticky":false,"template":"","format":"standard","meta":{"om_disable_all_campaigns":false,"_monsterinsights_skip_tracking":false,"_monsterinsights_sitenote_active":false,"_monsterinsights_sitenote_note":"","_monsterinsights_sitenote_category":0},"categories":[26],"tags":[],"aioseo_notices":[],"gutentor_comment":0,"rttpg_featured_image_url":{"full":["https:\/\/arantv.az\/wp-content\/uploads\/2021\/03\/agdam.jpg",620,349,false],"landscape":["https:\/\/arantv.az\/wp-content\/uploads\/2021\/03\/agdam.jpg",620,349,false],"portraits":["https:\/\/arantv.az\/wp-content\/uploads\/2021\/03\/agdam.jpg",620,349,false],"thumbnail":["https:\/\/arantv.az\/wp-content\/uploads\/2021\/03\/agdam-150x150.jpg",150,150,true],"medium":["https:\/\/arantv.az\/wp-content\/uploads\/2021\/03\/agdam-300x169.jpg",300,169,true],"large":["https:\/\/arantv.az\/wp-content\/uploads\/2021\/03\/agdam.jpg",620,349,false],"1536x1536":["https:\/\/arantv.az\/wp-content\/uploads\/2021\/03\/agdam.jpg",620,349,false],"2048x2048":["https:\/\/arantv.az\/wp-content\/uploads\/2021\/03\/agdam.jpg",620,349,false],"post-thumbnail":["https:\/\/arantv.az\/wp-content\/uploads\/2021\/03\/agdam-240x172.jpg",240,172,true],"advps-thumb-one":["https:\/\/arantv.az\/wp-content\/uploads\/2021\/03\/agdam.jpg",620,349,false]},"rttpg_author":{"display_name":"V\u00fcsal Rafiqo\u011flu","author_link":"https:\/\/arantv.az\/?author=2"},"rttpg_comment":0,"rttpg_category":"<a href=\"https:\/\/arantv.az\/?cat=26\" rel=\"category\">Sosial<\/a>","rttpg_excerpt":"M\u0259\u015fhur ukraynal\u0131 jurnalist Roman Bo\u00e7kala Da\u011fl\u0131q Qaraba\u011fda, Az\u0259rbaycan\u0131n i\u015f\u011faldan azad edil\u0259n b\u00f6lg\u0259l\u0259rini ziyar\u0259t edib. O, \u201cQaraba\u011f\u0131n bu g\u00fcn\u00fc. Az\u0259rbaycanla Erm\u0259nistan aras\u0131nda m\u00fcharib\u0259 nec\u0259 bitdi?\u201d adl\u0131 33 d\u0259qiq\u0259lik film haz\u0131rlay\u0131b v\u0259 \u201cYoutube\u201dd\u0259 yay\u0131mlay\u0131b. Filmd\u0259 jurnalist A\u011fdamdan, erm\u0259nil\u0259rin bu \u015f\u0259h\u0259ri b\u00fct\u00fcnl\u00fckd\u0259 da\u011f\u0131tmas\u0131ndan b\u0259hs edib. O bildirib ki, bu \u0259razinin h\u0259r yerind\u0259 partlamam\u0131\u015f minalar var. Daha \u0259trafl\u0131 Baku&hellip;","_links":{"self":[{"href":"https:\/\/arantv.az\/index.php?rest_route=\/wp\/v2\/posts\/316946"}],"collection":[{"href":"https:\/\/arantv.az\/index.php?rest_route=\/wp\/v2\/posts"}],"about":[{"href":"https:\/\/arantv.az\/index.php?rest_route=\/wp\/v2\/types\/post"}],"author":[{"embeddable":true,"href":"https:\/\/arantv.az\/index.php?rest_route=\/wp\/v2\/users\/2"}],"replies":[{"embeddable":true,"href":"https:\/\/arantv.az\/index.php?rest_route=%2Fwp%2Fv2%2Fcomments&post=316946"}],"version-history":[{"count":0,"href":"https:\/\/arantv.az\/index.php?rest_route=\/wp\/v2\/posts\/316946\/revisions"}],"wp:featuredmedia":[{"embeddable":true,"href":"https:\/\/arantv.az\/index.php?rest_route=\/wp\/v2\/media\/316947"}],"wp:attachment":[{"href":"https:\/\/arantv.az\/index.php?rest_route=%2Fwp%2Fv2%2Fmedia&parent=316946"}],"wp:term":[{"taxonomy":"category","embeddable":true,"href":"https:\/\/arantv.az\/index.php?rest_route=%2Fwp%2Fv2%2Fcategories&post=316946"},{"taxonomy":"post_tag","embeddable":true,"href":"https:\/\/arantv.az\/index.php?rest_route=%2Fwp%2Fv2%2Ftags&post=316946"}],"curies":[{"name":"wp","href":"https:\/\/api.w.org\/{rel}","templated":true}]}}