{"id":316962,"date":"2021-03-23T08:02:34","date_gmt":"2021-03-23T05:02:34","guid":{"rendered":"http:\/\/arantv.az\/?p=316962"},"modified":"2021-03-23T08:02:34","modified_gmt":"2021-03-23T05:02:34","slug":"c%c9%99nub-bolg%c9%99sinin-yegan%c9%99-keramika-ustasi-video","status":"publish","type":"post","link":"https:\/\/arantv.az\/?p=316962","title":{"rendered":"C\u0259nub b\u00f6lg\u0259sinin yegan\u0259 keramika ustas\u0131 &#8211; V\u0130DEO"},"content":{"rendered":"<p>Az\u0259rbaycan vaxtil\u0259 d\u00fcnyada keramika m\u0259rk\u0259zl\u0259rind\u0259n biri say\u0131l\u0131b. Haz\u0131rda bu s\u0259n\u0259t\u0259 maraq g\u00f6st\u0259r\u0259nl\u0259r, el\u0259c\u0259 d\u0259 s\u0259n\u0259tkarlar barmaqla say\u0131lacaq q\u0259d\u0259r azd\u0131r. C\u0259nub b\u00f6lg\u0259sind\u0259 is\u0259 bu i\u015fl\u0259 m\u0259\u015f\u011ful olan yegan\u0259 s\u0259n\u0259tkar L\u0259nk\u0259ran sakini T\u0259rlan Sad\u0131qovdur.<\/p>\n<article class=\"news\">\n<div class=\"news-inner\">\n<p>T.Sad\u0131qov bildirir ki, s\u0259n\u0259tkar \u00fc\u00e7\u00fcn i\u015fin \u0259sas\u0131 keyfiyy\u0259tli xammaldan ba\u015flay\u0131r. El\u0259 keramika s\u0259n\u0259tind\u0259 d\u0259 gilin d\u00fczg\u00fcn se\u00e7imi vacibdi. Qum qat\u0131n\u0131n aras\u0131ndan s\u00fcz\u00fcl\u0259n gil \u0259n keyfiyy\u0259tli\u00a0 xammal say\u0131l\u0131r.<\/p>\n<p>20 ildir bu i\u015fl\u0259 m\u0259\u015f\u011ful olan s\u0259n\u0259tkar deyir ki, s\u0259n\u0259ti s\u0259br v\u0259 inc\u0259lik t\u0259l\u0259b edir.<\/p>\n<div><iframe loading=\"lazy\" title=\"YouTube video player\" src=\"https:\/\/www.youtube.com\/embed\/COb3nRdUQMs\" width=\"560\" height=\"315\" frameborder=\"0\" allowfullscreen=\"allowfullscreen\" data-mce-fragment=\"1\"><\/iframe><\/div>\n<\/div>\n<\/article>\n<h2 class=\"news-share-title\"><\/h2>\n","protected":false},"excerpt":{"rendered":"<p>Az\u0259rbaycan vaxtil\u0259 d\u00fcnyada keramika m\u0259rk\u0259zl\u0259rind\u0259n biri say\u0131l\u0131b. Haz\u0131rda bu s\u0259n\u0259t\u0259 maraq g\u00f6st\u0259r\u0259nl\u0259r, el\u0259c\u0259 d\u0259 s\u0259n\u0259tkarlar barmaqla say\u0131lacaq q\u0259d\u0259r azd\u0131r. C\u0259nub b\u00f6lg\u0259sind\u0259 is\u0259 bu i\u015fl\u0259 m\u0259\u015f\u011ful olan yegan\u0259 s\u0259n\u0259tkar L\u0259nk\u0259ran sakini T\u0259rlan Sad\u0131qovdur. T.Sad\u0131qov bildirir ki, s\u0259n\u0259tkar \u00fc\u00e7\u00fcn i\u015fin \u0259sas\u0131 keyfiyy\u0259tli xammaldan ba\u015flay\u0131r. El\u0259 keramika s\u0259n\u0259tind\u0259 d\u0259 gilin d\u00fczg\u00fcn se\u00e7imi vacibdi. Qum qat\u0131n\u0131n aras\u0131ndan s\u00fcz\u00fcl\u0259n gil \u0259n keyfiyy\u0259tli\u00a0 xammal say\u0131l\u0131r. 20 ildir bu i\u015fl\u0259 m\u0259\u015f\u011ful olan s\u0259n\u0259tkar deyir ki, s\u0259n\u0259ti s\u0259br v\u0259 inc\u0259lik t\u0259l\u0259b edir.<\/p>\n","protected":false},"author":2,"featured_media":316963,"comment_status":"closed","ping_status":"closed","sticky":false,"template":"","format":"standard","meta":{"om_disable_all_campaigns":false,"_monsterinsights_skip_tracking":false,"_monsterinsights_sitenote_active":false,"_monsterinsights_sitenote_note":"","_monsterinsights_sitenote_category":0},"categories":[26],"tags":[],"aioseo_notices":[],"gutentor_comment":0,"rttpg_featured_image_url":{"full":["https:\/\/arantv.az\/wp-content\/uploads\/2021\/03\/dgL.jpg",620,349,false],"landscape":["https:\/\/arantv.az\/wp-content\/uploads\/2021\/03\/dgL.jpg",620,349,false],"portraits":["https:\/\/arantv.az\/wp-content\/uploads\/2021\/03\/dgL.jpg",620,349,false],"thumbnail":["https:\/\/arantv.az\/wp-content\/uploads\/2021\/03\/dgL-150x150.jpg",150,150,true],"medium":["https:\/\/arantv.az\/wp-content\/uploads\/2021\/03\/dgL-300x169.jpg",300,169,true],"large":["https:\/\/arantv.az\/wp-content\/uploads\/2021\/03\/dgL.jpg",620,349,false],"1536x1536":["https:\/\/arantv.az\/wp-content\/uploads\/2021\/03\/dgL.jpg",620,349,false],"2048x2048":["https:\/\/arantv.az\/wp-content\/uploads\/2021\/03\/dgL.jpg",620,349,false],"post-thumbnail":["https:\/\/arantv.az\/wp-content\/uploads\/2021\/03\/dgL-240x172.jpg",240,172,true],"advps-thumb-one":["https:\/\/arantv.az\/wp-content\/uploads\/2021\/03\/dgL.jpg",620,349,false]},"rttpg_author":{"display_name":"V\u00fcsal Rafiqo\u011flu","author_link":"https:\/\/arantv.az\/?author=2"},"rttpg_comment":0,"rttpg_category":"<a href=\"https:\/\/arantv.az\/?cat=26\" rel=\"category\">Sosial<\/a>","rttpg_excerpt":"Az\u0259rbaycan vaxtil\u0259 d\u00fcnyada keramika m\u0259rk\u0259zl\u0259rind\u0259n biri say\u0131l\u0131b. Haz\u0131rda bu s\u0259n\u0259t\u0259 maraq g\u00f6st\u0259r\u0259nl\u0259r, el\u0259c\u0259 d\u0259 s\u0259n\u0259tkarlar barmaqla say\u0131lacaq q\u0259d\u0259r azd\u0131r. C\u0259nub b\u00f6lg\u0259sind\u0259 is\u0259 bu i\u015fl\u0259 m\u0259\u015f\u011ful olan yegan\u0259 s\u0259n\u0259tkar L\u0259nk\u0259ran sakini T\u0259rlan Sad\u0131qovdur. T.Sad\u0131qov bildirir ki, s\u0259n\u0259tkar \u00fc\u00e7\u00fcn i\u015fin \u0259sas\u0131 keyfiyy\u0259tli xammaldan ba\u015flay\u0131r. El\u0259 keramika s\u0259n\u0259tind\u0259 d\u0259 gilin d\u00fczg\u00fcn se\u00e7imi vacibdi. Qum qat\u0131n\u0131n aras\u0131ndan s\u00fcz\u00fcl\u0259n gil&hellip;","_links":{"self":[{"href":"https:\/\/arantv.az\/index.php?rest_route=\/wp\/v2\/posts\/316962"}],"collection":[{"href":"https:\/\/arantv.az\/index.php?rest_route=\/wp\/v2\/posts"}],"about":[{"href":"https:\/\/arantv.az\/index.php?rest_route=\/wp\/v2\/types\/post"}],"author":[{"embeddable":true,"href":"https:\/\/arantv.az\/index.php?rest_route=\/wp\/v2\/users\/2"}],"replies":[{"embeddable":true,"href":"https:\/\/arantv.az\/index.php?rest_route=%2Fwp%2Fv2%2Fcomments&post=316962"}],"version-history":[{"count":0,"href":"https:\/\/arantv.az\/index.php?rest_route=\/wp\/v2\/posts\/316962\/revisions"}],"wp:featuredmedia":[{"embeddable":true,"href":"https:\/\/arantv.az\/index.php?rest_route=\/wp\/v2\/media\/316963"}],"wp:attachment":[{"href":"https:\/\/arantv.az\/index.php?rest_route=%2Fwp%2Fv2%2Fmedia&parent=316962"}],"wp:term":[{"taxonomy":"category","embeddable":true,"href":"https:\/\/arantv.az\/index.php?rest_route=%2Fwp%2Fv2%2Fcategories&post=316962"},{"taxonomy":"post_tag","embeddable":true,"href":"https:\/\/arantv.az\/index.php?rest_route=%2Fwp%2Fv2%2Ftags&post=316962"}],"curies":[{"name":"wp","href":"https:\/\/api.w.org\/{rel}","templated":true}]}}