{"id":317977,"date":"2021-03-25T10:10:26","date_gmt":"2021-03-25T07:10:26","guid":{"rendered":"http:\/\/arantv.az\/?p=317977"},"modified":"2021-03-25T10:10:26","modified_gmt":"2021-03-25T07:10:26","slug":"bakida-m%c9%99hbus-dasiyan-polis-masini-q%c9%99zaya-dusdu-video","status":"publish","type":"post","link":"https:\/\/arantv.az\/?p=317977","title":{"rendered":"Bak\u0131da m\u0259hbus da\u015f\u0131yan polis ma\u015f\u0131n\u0131 q\u0259zaya d\u00fc\u015fd\u00fc &#8211; V\u0130DEO"},"content":{"rendered":"<p><strong>Bak\u0131da polis mikroavtobusu q\u0259zaya d\u00fc\u015f\u00fcb.<\/strong><\/p>\n<p><strong>ARANTV.AZ<\/strong> unikal.org-a istinad\u0259n x\u0259b\u0259r verir ki, hadis\u0259 Sabun\u00e7u rayonunun Balaxan\u0131 q\u0259s\u0259b\u0259si \u0259razisind\u0259 ba\u015f verib.<\/p>\n<p>Bel\u0259 ki, Daxili \u0130\u015fl\u0259r Nazirliyin\u0259 m\u0259xsus m\u0259hbus da\u015f\u0131yan avtomobil &#8220;K\u0130A&#8221; markal\u0131 ma\u015f\u0131nla toqqu\u015fub. Avtomobill\u0259rd\u0259n biri yol k\u0259nar\u0131nda olan i\u015f\u0131q dir\u0259yin\u0259 \u00e7\u0131rp\u0131l\u0131b<\/p>\n<div class=\"article_text\">\n<div>\n<div id=\"AdviadNativeVideo0\" class=\"AdviadNativeVideo\"><\/div>\n<\/div>\n<p><iframe loading=\"lazy\" src=\"https:\/\/daytube.az\/az\/embed\/104780\" width=\"670\" height=\"400\" frameborder=\"0\" allowfullscreen=\"allowfullscreen\" data-mce-fragment=\"1\"><\/iframe><\/p>\n<\/div>\n<div class=\"social-banner\"><\/div>\n","protected":false},"excerpt":{"rendered":"<p>Bak\u0131da polis mikroavtobusu q\u0259zaya d\u00fc\u015f\u00fcb. ARANTV.AZ unikal.org-a istinad\u0259n x\u0259b\u0259r verir ki, hadis\u0259 Sabun\u00e7u rayonunun Balaxan\u0131 q\u0259s\u0259b\u0259si \u0259razisind\u0259 ba\u015f verib. Bel\u0259 ki, Daxili \u0130\u015fl\u0259r Nazirliyin\u0259 m\u0259xsus m\u0259hbus da\u015f\u0131yan avtomobil &#8220;K\u0130A&#8221; markal\u0131 ma\u015f\u0131nla toqqu\u015fub. Avtomobill\u0259rd\u0259n biri yol k\u0259nar\u0131nda olan i\u015f\u0131q dir\u0259yin\u0259 \u00e7\u0131rp\u0131l\u0131b<\/p>\n","protected":false},"author":2,"featured_media":317978,"comment_status":"closed","ping_status":"closed","sticky":false,"template":"","format":"standard","meta":{"om_disable_all_campaigns":false,"_monsterinsights_skip_tracking":false,"_monsterinsights_sitenote_active":false,"_monsterinsights_sitenote_note":"","_monsterinsights_sitenote_category":0},"categories":[5],"tags":[],"aioseo_notices":[],"gutentor_comment":0,"rttpg_featured_image_url":{"full":["https:\/\/arantv.az\/wp-content\/uploads\/2021\/03\/933645.jpg",800,600,false],"landscape":["https:\/\/arantv.az\/wp-content\/uploads\/2021\/03\/933645.jpg",800,600,false],"portraits":["https:\/\/arantv.az\/wp-content\/uploads\/2021\/03\/933645.jpg",800,600,false],"thumbnail":["https:\/\/arantv.az\/wp-content\/uploads\/2021\/03\/933645-150x150.jpg",150,150,true],"medium":["https:\/\/arantv.az\/wp-content\/uploads\/2021\/03\/933645-300x225.jpg",300,225,true],"large":["https:\/\/arantv.az\/wp-content\/uploads\/2021\/03\/933645.jpg",640,480,false],"1536x1536":["https:\/\/arantv.az\/wp-content\/uploads\/2021\/03\/933645.jpg",800,600,false],"2048x2048":["https:\/\/arantv.az\/wp-content\/uploads\/2021\/03\/933645.jpg",800,600,false],"post-thumbnail":["https:\/\/arantv.az\/wp-content\/uploads\/2021\/03\/933645-240x172.jpg",240,172,true],"advps-thumb-one":["https:\/\/arantv.az\/wp-content\/uploads\/2021\/03\/933645.jpg",800,600,false]},"rttpg_author":{"display_name":"V\u00fcsal Rafiqo\u011flu","author_link":"https:\/\/arantv.az\/?author=2"},"rttpg_comment":0,"rttpg_category":"<a href=\"https:\/\/arantv.az\/?cat=5\" rel=\"category\">Hadis\u0259<\/a>","rttpg_excerpt":"Bak\u0131da polis mikroavtobusu q\u0259zaya d\u00fc\u015f\u00fcb. ARANTV.AZ unikal.org-a istinad\u0259n x\u0259b\u0259r verir ki, hadis\u0259 Sabun\u00e7u rayonunun Balaxan\u0131 q\u0259s\u0259b\u0259si \u0259razisind\u0259 ba\u015f verib. Bel\u0259 ki, Daxili \u0130\u015fl\u0259r Nazirliyin\u0259 m\u0259xsus m\u0259hbus da\u015f\u0131yan avtomobil &#8220;K\u0130A&#8221; markal\u0131 ma\u015f\u0131nla toqqu\u015fub. Avtomobill\u0259rd\u0259n biri yol k\u0259nar\u0131nda olan i\u015f\u0131q dir\u0259yin\u0259 \u00e7\u0131rp\u0131l\u0131b","_links":{"self":[{"href":"https:\/\/arantv.az\/index.php?rest_route=\/wp\/v2\/posts\/317977"}],"collection":[{"href":"https:\/\/arantv.az\/index.php?rest_route=\/wp\/v2\/posts"}],"about":[{"href":"https:\/\/arantv.az\/index.php?rest_route=\/wp\/v2\/types\/post"}],"author":[{"embeddable":true,"href":"https:\/\/arantv.az\/index.php?rest_route=\/wp\/v2\/users\/2"}],"replies":[{"embeddable":true,"href":"https:\/\/arantv.az\/index.php?rest_route=%2Fwp%2Fv2%2Fcomments&post=317977"}],"version-history":[{"count":0,"href":"https:\/\/arantv.az\/index.php?rest_route=\/wp\/v2\/posts\/317977\/revisions"}],"wp:featuredmedia":[{"embeddable":true,"href":"https:\/\/arantv.az\/index.php?rest_route=\/wp\/v2\/media\/317978"}],"wp:attachment":[{"href":"https:\/\/arantv.az\/index.php?rest_route=%2Fwp%2Fv2%2Fmedia&parent=317977"}],"wp:term":[{"taxonomy":"category","embeddable":true,"href":"https:\/\/arantv.az\/index.php?rest_route=%2Fwp%2Fv2%2Fcategories&post=317977"},{"taxonomy":"post_tag","embeddable":true,"href":"https:\/\/arantv.az\/index.php?rest_route=%2Fwp%2Fv2%2Ftags&post=317977"}],"curies":[{"name":"wp","href":"https:\/\/api.w.org\/{rel}","templated":true}]}}