{"id":317989,"date":"2021-03-25T10:39:07","date_gmt":"2021-03-25T07:39:07","guid":{"rendered":"http:\/\/arantv.az\/?p=317989"},"modified":"2021-03-25T10:39:07","modified_gmt":"2021-03-25T07:39:07","slug":"%c9%99rdogan-turk-surasi-il%c9%99-bagli-bagli-iki-muhum-protokolu-t%c9%99sdiql%c9%99di","status":"publish","type":"post","link":"https:\/\/arantv.az\/?p=317989","title":{"rendered":"\u018frdo\u011fan T\u00fcrk \u015euras\u0131 il\u0259 ba\u011fl\u0131 ba\u011fl\u0131 iki m\u00fch\u00fcm protokolu t\u0259sdiql\u0259di"},"content":{"rendered":"<p>T\u00fcrkiy\u0259 Prezidenti R\u0259c\u0259b Tayyib \u018frdo\u011fan T\u00fcrk \u015euras\u0131na \u00fczv d\u00f6vl\u0259tl\u0259rin Beyn\u0259lxalq T\u00fcrk M\u0259d\u0259niyy\u0259ti v\u0259 \u0130rsi Fondunun B\u00fcdc\u0259sin\u0259 m\u0259cburi \u00f6d\u0259ni\u015fl\u0259rinin h\u0259cmin\u0259 dair Protokolu t\u0259sdiql\u0259yib.<\/p>\n<p>Bu bar\u0259d\u0259 \u201cResmi gazete\u201d m\u0259lumat yay\u0131b.<\/p>\n<p>S\u0259n\u0259d 2020-ci ilin noyabr\u0131n 28-d\u0259 \u0130stanbulda imzalan\u0131b v\u0259 fondun b\u00fcdc\u0259sinin formala\u015fd\u0131r\u0131lmas\u0131n\u0131 n\u0259z\u0259rd\u0259 tutur.<\/p>\n<div id=\"AdviadNativeVideo0\" class=\"AdviadNativeVideo\"><\/div>\n<p>T\u00fcrkiy\u0259 lideri h\u0259m\u00e7inin s\u00f6z\u00fcged\u0259n tarixd\u0259 imzalanm\u0131\u015f daha bir s\u0259n\u0259di &#8211; \u201cT\u00fcrk Akademiyas\u0131n\u0131n B\u00fcdc\u0259sin\u0259 M\u0259cburi \u00d6d\u0259ni\u015fl\u0259rinin H\u0259cmin\u0259 dair Protokol\u201du da t\u0259sdiql\u0259yib.<\/p>\n<p>Qeyd ed\u0259k ki, 2009-cu il oktyabr\u0131n 3-d\u0259 Nax\u00e7\u0131van \u015f\u0259h\u0259rind\u0259 ke\u00e7irilmi\u015f T\u00fcrkdilli \u00d6lk\u0259l\u0259rin D\u00f6vl\u0259t Ba\u015f\u00e7\u0131lar\u0131n\u0131n IX Zirv\u0259 Toplant\u0131s\u0131nda Beyn\u0259lxalq T\u00fcrk M\u0259d\u0259niyy\u0259ti v\u0259 \u0130rsi Fondunun\u00a0yarad\u0131lmas\u0131 t\u0259\u015f\u0259bb\u00fcs\u00fc il\u0259 ba\u011fl\u0131 q\u0259rar q\u0259bul edilmi\u015f v\u0259 h\u0259min q\u0259rar 2010-cu il sentyabr\u0131n 16-da T\u00fcrkiy\u0259 Respublikas\u0131n\u0131n \u0130stanbul \u015f\u0259h\u0259rind\u0259 ke\u00e7irilmi\u015f T\u00fcrkdilli \u00d6lk\u0259l\u0259rin D\u00f6vl\u0259t Ba\u015f\u00e7\u0131lar\u0131n\u0131n X Zirv\u0259 Toplant\u0131s\u0131nda d\u0259st\u0259kl\u0259nib. Fondun Nizamnam\u0259si 2012-ci il avqustun 23-d\u0259 Q\u0131r\u011f\u0131z\u0131stan Respublikas\u0131n\u0131n Bi\u015fkek \u015f\u0259h\u0259rind\u0259 ke\u00e7iril\u0259n Zirv\u0259 G\u00f6r\u00fc\u015f\u00fcnd\u0259 Az\u0259rbaycan, Qazax\u0131stan, Q\u0131r\u011f\u0131z\u0131stan v\u0259 T\u00fcrkiy\u0259 Respublikalar\u0131n\u0131n h\u00f6kum\u0259t ba\u015f\u00e7\u0131lar\u0131 t\u0259r\u0259find\u0259n q\u0259bul edilmi\u015fdir. T\u0259\u015fkilat\u0131n m\u0259nzil-q\u0259rargah\u0131 Bak\u0131 \u015f\u0259h\u0259rind\u0259 yerl\u0259\u015fir.<\/p>\n<p>3 oktyabr, 2009-cu ild\u0259 Az\u0259rbaycan\u0131n Nax\u00e7\u0131van \u015f\u0259h\u0259rind\u0259 ke\u00e7irilmi\u015f T\u00fcrkdilli D\u00f6vl\u0259t Ba\u015f\u00e7\u0131lar\u0131n\u0131n IX Zirv\u0259 G\u00f6r\u00fc\u015f\u00fcnd\u0259 Qazax\u0131stan Respublikas\u0131 Prezidenti Nursultan Nazarbayev T\u00fcrk D\u00fcnyas\u0131 \u00fczr\u0259 t\u0259dqiqatlar aparan beyn\u0259lxalq t\u0259dqiqat m\u0259rk\u0259zinin yarad\u0131lmas\u0131n\u0131 t\u0259klif etmi\u015fdir.<\/p>\n<p>28 may\u00a02010-cu ild\u0259 Qazax\u0131stan Respublikas\u0131n\u0131n paytaxt\u0131nda S\u00fclh v\u0259 Bar\u0131\u015f\u0131q Saray\u0131nda T\u00fcrk Akademiyas\u0131 t\u0259sis edilib.<\/p>\n","protected":false},"excerpt":{"rendered":"<p>T\u00fcrkiy\u0259 Prezidenti R\u0259c\u0259b Tayyib \u018frdo\u011fan T\u00fcrk \u015euras\u0131na \u00fczv d\u00f6vl\u0259tl\u0259rin Beyn\u0259lxalq T\u00fcrk M\u0259d\u0259niyy\u0259ti v\u0259 \u0130rsi Fondunun B\u00fcdc\u0259sin\u0259 m\u0259cburi \u00f6d\u0259ni\u015fl\u0259rinin h\u0259cmin\u0259 dair Protokolu t\u0259sdiql\u0259yib. Bu bar\u0259d\u0259 \u201cResmi gazete\u201d m\u0259lumat yay\u0131b. S\u0259n\u0259d 2020-ci ilin noyabr\u0131n 28-d\u0259 \u0130stanbulda imzalan\u0131b v\u0259 fondun b\u00fcdc\u0259sinin formala\u015fd\u0131r\u0131lmas\u0131n\u0131 n\u0259z\u0259rd\u0259 tutur. T\u00fcrkiy\u0259 lideri h\u0259m\u00e7inin s\u00f6z\u00fcged\u0259n tarixd\u0259 imzalanm\u0131\u015f daha bir s\u0259n\u0259di &#8211; \u201cT\u00fcrk Akademiyas\u0131n\u0131n B\u00fcdc\u0259sin\u0259 M\u0259cburi \u00d6d\u0259ni\u015fl\u0259rinin H\u0259cmin\u0259 dair Protokol\u201du da t\u0259sdiql\u0259yib. Qeyd ed\u0259k ki, 2009-cu il oktyabr\u0131n 3-d\u0259 Nax\u00e7\u0131van \u015f\u0259h\u0259rind\u0259 ke\u00e7irilmi\u015f T\u00fcrkdilli \u00d6lk\u0259l\u0259rin D\u00f6vl\u0259t Ba\u015f\u00e7\u0131lar\u0131n\u0131n IX Zirv\u0259 Toplant\u0131s\u0131nda Beyn\u0259lxalq T\u00fcrk M\u0259d\u0259niyy\u0259ti v\u0259 \u0130rsi Fondunun\u00a0yarad\u0131lmas\u0131 t\u0259\u015f\u0259bb\u00fcs\u00fc il\u0259 ba\u011fl\u0131 q\u0259rar q\u0259bul edilmi\u015f&hellip;<\/p>\n","protected":false},"author":2,"featured_media":317990,"comment_status":"closed","ping_status":"closed","sticky":false,"template":"","format":"standard","meta":{"om_disable_all_campaigns":false,"_monsterinsights_skip_tracking":false,"_monsterinsights_sitenote_active":false,"_monsterinsights_sitenote_note":"","_monsterinsights_sitenote_category":0},"categories":[4],"tags":[],"aioseo_notices":[],"gutentor_comment":0,"rttpg_featured_image_url":{"full":["https:\/\/arantv.az\/wp-content\/uploads\/2021\/03\/5e7c26b50f254422b463b0f7.jpg",620,349,false],"landscape":["https:\/\/arantv.az\/wp-content\/uploads\/2021\/03\/5e7c26b50f254422b463b0f7.jpg",620,349,false],"portraits":["https:\/\/arantv.az\/wp-content\/uploads\/2021\/03\/5e7c26b50f254422b463b0f7.jpg",620,349,false],"thumbnail":["https:\/\/arantv.az\/wp-content\/uploads\/2021\/03\/5e7c26b50f254422b463b0f7-150x150.jpg",150,150,true],"medium":["https:\/\/arantv.az\/wp-content\/uploads\/2021\/03\/5e7c26b50f254422b463b0f7-300x169.jpg",300,169,true],"large":["https:\/\/arantv.az\/wp-content\/uploads\/2021\/03\/5e7c26b50f254422b463b0f7.jpg",620,349,false],"1536x1536":["https:\/\/arantv.az\/wp-content\/uploads\/2021\/03\/5e7c26b50f254422b463b0f7.jpg",620,349,false],"2048x2048":["https:\/\/arantv.az\/wp-content\/uploads\/2021\/03\/5e7c26b50f254422b463b0f7.jpg",620,349,false],"post-thumbnail":["https:\/\/arantv.az\/wp-content\/uploads\/2021\/03\/5e7c26b50f254422b463b0f7-240x172.jpg",240,172,true],"advps-thumb-one":["https:\/\/arantv.az\/wp-content\/uploads\/2021\/03\/5e7c26b50f254422b463b0f7.jpg",620,349,false]},"rttpg_author":{"display_name":"V\u00fcsal Rafiqo\u011flu","author_link":"https:\/\/arantv.az\/?author=2"},"rttpg_comment":0,"rttpg_category":"<a href=\"https:\/\/arantv.az\/?cat=4\" rel=\"category\">Siyas\u0259t<\/a>","rttpg_excerpt":"T\u00fcrkiy\u0259 Prezidenti R\u0259c\u0259b Tayyib \u018frdo\u011fan T\u00fcrk \u015euras\u0131na \u00fczv d\u00f6vl\u0259tl\u0259rin Beyn\u0259lxalq T\u00fcrk M\u0259d\u0259niyy\u0259ti v\u0259 \u0130rsi Fondunun B\u00fcdc\u0259sin\u0259 m\u0259cburi \u00f6d\u0259ni\u015fl\u0259rinin h\u0259cmin\u0259 dair Protokolu t\u0259sdiql\u0259yib. Bu bar\u0259d\u0259 \u201cResmi gazete\u201d m\u0259lumat yay\u0131b. S\u0259n\u0259d 2020-ci ilin noyabr\u0131n 28-d\u0259 \u0130stanbulda imzalan\u0131b v\u0259 fondun b\u00fcdc\u0259sinin formala\u015fd\u0131r\u0131lmas\u0131n\u0131 n\u0259z\u0259rd\u0259 tutur. T\u00fcrkiy\u0259 lideri h\u0259m\u00e7inin s\u00f6z\u00fcged\u0259n tarixd\u0259 imzalanm\u0131\u015f daha bir s\u0259n\u0259di &#8211; \u201cT\u00fcrk Akademiyas\u0131n\u0131n B\u00fcdc\u0259sin\u0259 M\u0259cburi&hellip;","_links":{"self":[{"href":"https:\/\/arantv.az\/index.php?rest_route=\/wp\/v2\/posts\/317989"}],"collection":[{"href":"https:\/\/arantv.az\/index.php?rest_route=\/wp\/v2\/posts"}],"about":[{"href":"https:\/\/arantv.az\/index.php?rest_route=\/wp\/v2\/types\/post"}],"author":[{"embeddable":true,"href":"https:\/\/arantv.az\/index.php?rest_route=\/wp\/v2\/users\/2"}],"replies":[{"embeddable":true,"href":"https:\/\/arantv.az\/index.php?rest_route=%2Fwp%2Fv2%2Fcomments&post=317989"}],"version-history":[{"count":0,"href":"https:\/\/arantv.az\/index.php?rest_route=\/wp\/v2\/posts\/317989\/revisions"}],"wp:featuredmedia":[{"embeddable":true,"href":"https:\/\/arantv.az\/index.php?rest_route=\/wp\/v2\/media\/317990"}],"wp:attachment":[{"href":"https:\/\/arantv.az\/index.php?rest_route=%2Fwp%2Fv2%2Fmedia&parent=317989"}],"wp:term":[{"taxonomy":"category","embeddable":true,"href":"https:\/\/arantv.az\/index.php?rest_route=%2Fwp%2Fv2%2Fcategories&post=317989"},{"taxonomy":"post_tag","embeddable":true,"href":"https:\/\/arantv.az\/index.php?rest_route=%2Fwp%2Fv2%2Ftags&post=317989"}],"curies":[{"name":"wp","href":"https:\/\/api.w.org\/{rel}","templated":true}]}}