{"id":317997,"date":"2021-03-25T10:43:00","date_gmt":"2021-03-25T07:43:00","guid":{"rendered":"http:\/\/arantv.az\/?p=317997"},"modified":"2021-03-25T10:43:00","modified_gmt":"2021-03-25T07:43:00","slug":"erm%c9%99nil%c9%99r-susadaki-rus-kils%c9%99sini-erm%c9%99ni-kils%c9%99si-kimi-t%c9%99qdim-edibl%c9%99r","status":"publish","type":"post","link":"https:\/\/arantv.az\/?p=317997","title":{"rendered":"Erm\u0259nil\u0259r \u015eu\u015fadak\u0131 rus kils\u0259sini erm\u0259ni kils\u0259si kimi t\u0259qdim edibl\u0259r"},"content":{"rendered":"<p>Erm\u0259nistan t\u0259r\u0259fi Qaraba\u011fda rus icmas\u0131 ad\u0131ndan istifad\u0259 ed\u0259r\u0259k t\u0259xribat xarakterli m\u0259lumatlar yay\u0131r.<\/p>\n<p><strong>ARANTV.AZ<\/strong> Sputnik Az\u0259rbaycan-a istinad\u0259n x\u0259b\u0259r verir ki, bunu\u00a0Az\u0259rbaycan\u0131n Da\u011fl\u0131q Qaraba\u011f b\u00f6lg\u0259sinin az\u0259rbaycanl\u0131 icmas\u0131n\u0131n s\u0259dri Tural G\u0259nc\u0259liyev\u00a0deyib.<\/p>\n<p>O qeyd edib ki, erm\u0259nil\u0259r guya Qaraba\u011fda rus icmas\u0131na v\u0259 etnik ruslar\u0131n ya\u015fad\u0131\u011f\u0131 \u0259razil\u0259rd\u0259 guya rus miras\u0131n\u0131n da\u011f\u0131d\u0131lmas\u0131 il\u0259 ba\u011fl\u0131 t\u0259xribat xarakterli m\u0259lumatlar yayaraq insanlar\u0131 aldatma\u011fa \u00e7al\u0131\u015f\u0131rlar:<\/p>\n<blockquote class=\"marker-quote1\"><p>&#8220;M\u0259n Xank\u0259ndi \u015f\u0259h\u0259rind\u0259n olan mill\u0259t v\u0259kili kimi bununla ba\u011fl\u0131 fikrimi bildir\u0259r\u0259k dem\u0259k ist\u0259yir\u0259m ki, erm\u0259ni t\u0259r\u0259finin yayd\u0131\u011f\u0131 bu m\u0259lumat tamamil\u0259 q\u0259buledilm\u0259zdir\u00a0v\u0259 b\u00fct\u00fcn do\u011fru m\u0259lumatlara \u0259ks olaraq d\u00fcnya ictimaiyy\u0259tini aldatma\u011fa y\u00f6n\u0259lib. \u00c7\u00fcnki biz Qaraba\u011fda, Az\u0259rbaycan\u0131n i\u015f\u011fal edilmi\u015f \u0259razil\u0259rind\u0259 \u015fahidi olmu\u015fuq ki, n\u0259inki Az\u0259rbaycan xalq\u0131na m\u0259xsus tarixi abid\u0259l\u0259r m\u0259hv edilib, eyni zamanda Qaraba\u011fda ya\u015fam\u0131\u015f etnik qruplara, x\u00fcsusil\u0259 d\u0259 rus icmas\u0131na m\u0259xsus abid\u0259l\u0259r d\u0259 da\u011f\u0131d\u0131l\u0131b&#8221;.<\/p><\/blockquote>\n<p>G\u0259nc\u0259liyevin s\u00f6zl\u0259rin\u0259 g\u00f6r\u0259, x\u00fcsusil\u0259 \u015eu\u015fa \u015f\u0259h\u0259rind\u0259 olan rus kils\u0259si v\u0259 dig\u0259r \u0259razil\u0259rd\u0259 olmu\u015f rus icmas\u0131na m\u0259xsus b\u0259zi abid\u0259l\u0259r son 30 ild\u0259 m\u0259hv edil\u0259r\u0259k d\u0259yi\u015fdirilib. \u015eu\u015fa \u015f\u0259h\u0259rind\u0259 m\u0259\u015fhur rus kils\u0259si erm\u0259nil\u0259r t\u0259r\u0259find\u0259n tamamil\u0259 d\u0259yi\u015fdirilib v\u0259 erm\u0259ni kils\u0259si kimi t\u0259qdim edilib.<\/p>\n<p>&#8220;\u0130\u015f\u011fal fakt\u0131 ba\u015fa \u00e7atd\u0131qdan sonra ham\u0131 g\u00f6rd\u00fc ki, erm\u0259nil\u0259r Az\u0259rbaycana qar\u015f\u0131, irsimiz\u0259, miras\u0131m\u0131za, multikultural d\u0259y\u0259rl\u0259rimiz\u0259 qar\u015f\u0131 hans\u0131 v\u0259h\u015filikl\u0259ri edib. Bundan t\u0259\u015fvi\u015f\u0259 d\u00fc\u015f\u0259n erm\u0259nil\u0259r \u00f6zl\u0259rinin t\u00f6r\u0259tmi\u015f oldu\u011fu beyn\u0259lxalq v\u0259 m\u0259d\u0259ni cinay\u0259tl\u0259ri \u00f6rt-basd\u0131r etm\u0259k \u00fc\u00e7\u00fcn bel\u0259 t\u0259xribat xarakterli m\u0259lumatlar yay\u0131rlar. Guya rus icmas\u0131n\u0131n Qaraba\u011fda hans\u0131sa t\u0259sir\u0259 m\u0259ruz qald\u0131\u011f\u0131n\u0131, ruslara m\u0259xsus hans\u0131sa\u00a0 abid\u0259l\u0259rin da\u011f\u0131d\u0131lmas\u0131n\u0131 qabard\u0131rlar. Halbuki, vaxtil\u0259 rus icmas\u0131na, rus irsin\u0259 m\u0259xsus tarixi abid\u0259l\u0259ri, kils\u0259l\u0259ri da\u011f\u0131danlar el\u0259 erm\u0259nil\u0259rin \u00f6zl\u0259ri v\u0259 onlar\u0131n havadarlar\u0131 olub&#8221;, &#8211; G\u0259nc\u0259liyev deyib.<\/p>\n<p>Da\u011fl\u0131q Qaraba\u011f\u0131n az\u0259rbaycanl\u0131 icmas\u0131n\u0131n s\u0259dri beyn\u0259lxalq t\u0259\u015fkilatlara m\u00fcraci\u0259t ed\u0259r\u0259k bu m\u0259s\u0259l\u0259l\u0259rd\u0259 onlar\u0131 aktiv olma\u011fa \u00e7a\u011f\u0131r\u0131b:<\/p>\n<p>&#8220;M\u0259n bir daha Xank\u0259ndi deputat\u0131 olaraq beyn\u0259lxalq ictimaiyy\u0259t\u0259 v\u0259 beyn\u0259lxalq t\u0259\u015fkilatlara, x\u00fcsusil\u0259 d\u0259 bu m\u0259s\u0259l\u0259l\u0259rd\u0259 ixtisasla\u015fm\u0131\u015f UNESCO kimi t\u0259\u015fkilata m\u00fcraci\u0259t ed\u0259r\u0259k bildirm\u0259k ist\u0259yir\u0259m ki, onlar bu saxtakarl\u0131\u011fa g\u00f6z yummas\u0131nlar. Erm\u0259nil\u0259rin rus icmas\u0131n\u0131n v\u0259 etnik rus icmas\u0131na m\u0259xsus abid\u0259l\u0259rin \u00f6z \u0259ll\u0259rind\u0259 t\u0259xribat xarakterli m\u0259s\u0259l\u0259l\u0259rd\u0259 silah kimi istifad\u0259 etm\u0259l\u0259rin\u0259 imkan verm\u0259sinl\u0259r v\u0259 bunun qar\u015f\u0131s\u0131n\u0131 almaq \u00fc\u00e7\u00fcn Erm\u0259nistan t\u0259r\u0259fin\u0259 \u00e7a\u011f\u0131r\u0131\u015f etsinl\u0259r&#8221;.<\/p>\n","protected":false},"excerpt":{"rendered":"<p>Erm\u0259nistan t\u0259r\u0259fi Qaraba\u011fda rus icmas\u0131 ad\u0131ndan istifad\u0259 ed\u0259r\u0259k t\u0259xribat xarakterli m\u0259lumatlar yay\u0131r. ARANTV.AZ Sputnik Az\u0259rbaycan-a istinad\u0259n x\u0259b\u0259r verir ki, bunu\u00a0Az\u0259rbaycan\u0131n Da\u011fl\u0131q Qaraba\u011f b\u00f6lg\u0259sinin az\u0259rbaycanl\u0131 icmas\u0131n\u0131n s\u0259dri Tural G\u0259nc\u0259liyev\u00a0deyib. O qeyd edib ki, erm\u0259nil\u0259r guya Qaraba\u011fda rus icmas\u0131na v\u0259 etnik ruslar\u0131n ya\u015fad\u0131\u011f\u0131 \u0259razil\u0259rd\u0259 guya rus miras\u0131n\u0131n da\u011f\u0131d\u0131lmas\u0131 il\u0259 ba\u011fl\u0131 t\u0259xribat xarakterli m\u0259lumatlar yayaraq insanlar\u0131 aldatma\u011fa \u00e7al\u0131\u015f\u0131rlar: &#8220;M\u0259n Xank\u0259ndi \u015f\u0259h\u0259rind\u0259n olan mill\u0259t v\u0259kili kimi bununla ba\u011fl\u0131 fikrimi bildir\u0259r\u0259k dem\u0259k ist\u0259yir\u0259m ki, erm\u0259ni t\u0259r\u0259finin yayd\u0131\u011f\u0131 bu m\u0259lumat tamamil\u0259 q\u0259buledilm\u0259zdir\u00a0v\u0259 b\u00fct\u00fcn do\u011fru m\u0259lumatlara \u0259ks olaraq d\u00fcnya ictimaiyy\u0259tini aldatma\u011fa y\u00f6n\u0259lib. \u00c7\u00fcnki biz Qaraba\u011fda, Az\u0259rbaycan\u0131n i\u015f\u011fal&hellip;<\/p>\n","protected":false},"author":2,"featured_media":317998,"comment_status":"closed","ping_status":"closed","sticky":false,"template":"","format":"standard","meta":{"om_disable_all_campaigns":false,"_monsterinsights_skip_tracking":false,"_monsterinsights_sitenote_active":false,"_monsterinsights_sitenote_note":"","_monsterinsights_sitenote_category":0},"categories":[19],"tags":[],"aioseo_notices":[],"gutentor_comment":0,"rttpg_featured_image_url":{"full":["https:\/\/arantv.az\/wp-content\/uploads\/2021\/03\/933594.jpg",800,600,false],"landscape":["https:\/\/arantv.az\/wp-content\/uploads\/2021\/03\/933594.jpg",800,600,false],"portraits":["https:\/\/arantv.az\/wp-content\/uploads\/2021\/03\/933594.jpg",800,600,false],"thumbnail":["https:\/\/arantv.az\/wp-content\/uploads\/2021\/03\/933594-150x150.jpg",150,150,true],"medium":["https:\/\/arantv.az\/wp-content\/uploads\/2021\/03\/933594-300x225.jpg",300,225,true],"large":["https:\/\/arantv.az\/wp-content\/uploads\/2021\/03\/933594.jpg",640,480,false],"1536x1536":["https:\/\/arantv.az\/wp-content\/uploads\/2021\/03\/933594.jpg",800,600,false],"2048x2048":["https:\/\/arantv.az\/wp-content\/uploads\/2021\/03\/933594.jpg",800,600,false],"post-thumbnail":["https:\/\/arantv.az\/wp-content\/uploads\/2021\/03\/933594-240x172.jpg",240,172,true],"advps-thumb-one":["https:\/\/arantv.az\/wp-content\/uploads\/2021\/03\/933594.jpg",800,600,false]},"rttpg_author":{"display_name":"V\u00fcsal Rafiqo\u011flu","author_link":"https:\/\/arantv.az\/?author=2"},"rttpg_comment":0,"rttpg_category":"<a href=\"https:\/\/arantv.az\/?cat=19\" rel=\"category\">G\u00fcnd\u0259m<\/a>","rttpg_excerpt":"Erm\u0259nistan t\u0259r\u0259fi Qaraba\u011fda rus icmas\u0131 ad\u0131ndan istifad\u0259 ed\u0259r\u0259k t\u0259xribat xarakterli m\u0259lumatlar yay\u0131r. ARANTV.AZ Sputnik Az\u0259rbaycan-a istinad\u0259n x\u0259b\u0259r verir ki, bunu\u00a0Az\u0259rbaycan\u0131n Da\u011fl\u0131q Qaraba\u011f b\u00f6lg\u0259sinin az\u0259rbaycanl\u0131 icmas\u0131n\u0131n s\u0259dri Tural G\u0259nc\u0259liyev\u00a0deyib. O qeyd edib ki, erm\u0259nil\u0259r guya Qaraba\u011fda rus icmas\u0131na v\u0259 etnik ruslar\u0131n ya\u015fad\u0131\u011f\u0131 \u0259razil\u0259rd\u0259 guya rus miras\u0131n\u0131n da\u011f\u0131d\u0131lmas\u0131 il\u0259 ba\u011fl\u0131 t\u0259xribat xarakterli m\u0259lumatlar yayaraq insanlar\u0131 aldatma\u011fa \u00e7al\u0131\u015f\u0131rlar:&hellip;","_links":{"self":[{"href":"https:\/\/arantv.az\/index.php?rest_route=\/wp\/v2\/posts\/317997"}],"collection":[{"href":"https:\/\/arantv.az\/index.php?rest_route=\/wp\/v2\/posts"}],"about":[{"href":"https:\/\/arantv.az\/index.php?rest_route=\/wp\/v2\/types\/post"}],"author":[{"embeddable":true,"href":"https:\/\/arantv.az\/index.php?rest_route=\/wp\/v2\/users\/2"}],"replies":[{"embeddable":true,"href":"https:\/\/arantv.az\/index.php?rest_route=%2Fwp%2Fv2%2Fcomments&post=317997"}],"version-history":[{"count":0,"href":"https:\/\/arantv.az\/index.php?rest_route=\/wp\/v2\/posts\/317997\/revisions"}],"wp:featuredmedia":[{"embeddable":true,"href":"https:\/\/arantv.az\/index.php?rest_route=\/wp\/v2\/media\/317998"}],"wp:attachment":[{"href":"https:\/\/arantv.az\/index.php?rest_route=%2Fwp%2Fv2%2Fmedia&parent=317997"}],"wp:term":[{"taxonomy":"category","embeddable":true,"href":"https:\/\/arantv.az\/index.php?rest_route=%2Fwp%2Fv2%2Fcategories&post=317997"},{"taxonomy":"post_tag","embeddable":true,"href":"https:\/\/arantv.az\/index.php?rest_route=%2Fwp%2Fv2%2Ftags&post=317997"}],"curies":[{"name":"wp","href":"https:\/\/api.w.org\/{rel}","templated":true}]}}