{"id":3180,"date":"2018-07-31T15:38:31","date_gmt":"2018-07-31T12:38:31","guid":{"rendered":"http:\/\/arantv.az\/?p=3180"},"modified":"2018-07-31T15:38:31","modified_gmt":"2018-07-31T12:38:31","slug":"v%c9%99r%c9%99m-x%c9%99st%c9%99si-dispanserd%c9%99n-qacdi","status":"publish","type":"post","link":"https:\/\/arantv.az\/?p=3180","title":{"rendered":"V\u0259r\u0259m x\u0259st\u0259si dispanserd\u0259n qa\u00e7d\u0131"},"content":{"rendered":"<p>X\u0259st\u0259xanadan x\u0259st\u0259 qa\u00e7\u0131b.<\/p>\n<p><b>ARANTV.AZ<\/b>-\u0131n m\u0259lumat\u0131na g\u00f6r\u0259, 1977-ci il t\u0259v\u0259ll\u00fcdl\u00fc\u00a0<strong>\u0130manov Ayd\u0131n S\u0259rv\u0259r o\u011flu\u00a0<\/strong>Buzovnada yerl\u0259\u015f\u0259n 7 sayl\u0131 V\u0259r\u0259m \u018fleyhin\u0259 Dispanserd\u0259n qa\u00e7\u0131b.<\/p>\n<p>Bel\u0259 ki, X\u0259z\u0259r rayonu, T\u00fcrkan q\u0259s\u0259b\u0259 sakini m\u00fcalic\u0259 olunmaq \u00fc\u00e7\u00fcn iyulun 23-d\u0259 dispanser\u0259 yerl\u0259\u015fdirilib. \u0130yulun 24-d\u0259n 25-n\u0259 ke\u00e7\u0259n gec\u0259 is\u0259 x\u0259st\u0259xanadan qa\u00e7\u0131b.<\/p>\n<p>Yax\u0131nlar\u0131n\u0131n sayt\u0131m\u0131za verdiyi m\u0259lumata g\u00f6r\u0259, x\u0259st\u0259xanada Ayd\u0131nla eyni otaqda qalan \u015f\u0259xs iyulun 24-d\u0259 onun yax\u0131nlar\u0131na z\u0259ng edib v\u0259 bildirib ki, Ayd\u0131n \u00f6z\u00fcn\u00fc pis hiss edir. H\u0259yat yolda\u015f\u0131 dispanser\u0259 ged\u0259n zaman Ayd\u0131n\u0131n x\u0259st\u0259xanadan getdiyi deyilib.<\/p>\n<p>M\u0259s\u0259l\u0259 bar\u0259d\u0259 7 sayl\u0131 V\u0259r\u0259m \u018fleyhin\u0259 Dispanserl\u0259 \u0259laq\u0259 saxlad\u0131q.<\/p>\n<p>Dispanserin h\u0259kimi\u00a0<strong>Samir Quliyev\u00a0<\/strong>Ayd\u0131n \u0130manovun x\u0259st\u0259xanadan qa\u00e7mas\u0131 x\u0259b\u0259rini t\u0259sdiq edib:<\/p>\n<p>\u201cX\u0259st\u0259ni zorla dispanserd\u0259 saxlamaq m\u00fcmk\u00fcn deyil. O, \u00f6zba\u015f\u0131na \u00e7\u0131x\u0131b-gedib. Ona g\u00fcc t\u0259tbiq etm\u0259k d\u00fczg\u00fcn deyil. Ayd\u0131n b\u0259y\u00a0x\u0259st\u0259xanan\u0131 t\u0259rk edib\u201d.<\/p>\n<p>Dispanserd\u0259n qeyd edilib ki, x\u0259st\u0259xanada m\u00fc\u015fahid\u0259 kameralar\u0131 yoxdur:<\/p>\n<p>\u201cX\u0259st\u0259xanan\u0131n yeni binas\u0131 tikil\u0259c\u0259k v\u0259 orada kamera olacaq\u201d.<\/p>\n<p>oxu.az<\/p>\n","protected":false},"excerpt":{"rendered":"<p>X\u0259st\u0259xanadan x\u0259st\u0259 qa\u00e7\u0131b. ARANTV.AZ-\u0131n m\u0259lumat\u0131na g\u00f6r\u0259, 1977-ci il t\u0259v\u0259ll\u00fcdl\u00fc\u00a0\u0130manov Ayd\u0131n S\u0259rv\u0259r o\u011flu\u00a0Buzovnada yerl\u0259\u015f\u0259n 7 sayl\u0131 V\u0259r\u0259m \u018fleyhin\u0259 Dispanserd\u0259n qa\u00e7\u0131b. Bel\u0259 ki, X\u0259z\u0259r rayonu, T\u00fcrkan q\u0259s\u0259b\u0259 sakini m\u00fcalic\u0259 olunmaq \u00fc\u00e7\u00fcn iyulun 23-d\u0259 dispanser\u0259 yerl\u0259\u015fdirilib. \u0130yulun 24-d\u0259n 25-n\u0259 ke\u00e7\u0259n gec\u0259 is\u0259 x\u0259st\u0259xanadan qa\u00e7\u0131b. Yax\u0131nlar\u0131n\u0131n sayt\u0131m\u0131za verdiyi m\u0259lumata g\u00f6r\u0259, x\u0259st\u0259xanada Ayd\u0131nla eyni otaqda qalan \u015f\u0259xs iyulun 24-d\u0259 onun yax\u0131nlar\u0131na z\u0259ng edib v\u0259 bildirib ki, Ayd\u0131n \u00f6z\u00fcn\u00fc pis hiss edir. H\u0259yat yolda\u015f\u0131 dispanser\u0259 ged\u0259n zaman Ayd\u0131n\u0131n x\u0259st\u0259xanadan getdiyi deyilib. M\u0259s\u0259l\u0259 bar\u0259d\u0259 7 sayl\u0131 V\u0259r\u0259m \u018fleyhin\u0259 Dispanserl\u0259 \u0259laq\u0259 saxlad\u0131q. Dispanserin h\u0259kimi\u00a0Samir Quliyev\u00a0Ayd\u0131n \u0130manovun x\u0259st\u0259xanadan qa\u00e7mas\u0131&hellip;<\/p>\n","protected":false},"author":2,"featured_media":3181,"comment_status":"open","ping_status":"open","sticky":false,"template":"","format":"standard","meta":{"om_disable_all_campaigns":false,"_monsterinsights_skip_tracking":false,"_monsterinsights_sitenote_active":false,"_monsterinsights_sitenote_note":"","_monsterinsights_sitenote_category":0},"categories":[5],"tags":[],"aioseo_notices":[],"gutentor_comment":0,"rttpg_featured_image_url":{"full":["https:\/\/arantv.az\/wp-content\/uploads\/2018\/07\/veremin-sifresi-onda.jpg",620,328,false],"landscape":["https:\/\/arantv.az\/wp-content\/uploads\/2018\/07\/veremin-sifresi-onda.jpg",620,328,false],"portraits":["https:\/\/arantv.az\/wp-content\/uploads\/2018\/07\/veremin-sifresi-onda.jpg",620,328,false],"thumbnail":["https:\/\/arantv.az\/wp-content\/uploads\/2018\/07\/veremin-sifresi-onda-150x150.jpg",150,150,true],"medium":["https:\/\/arantv.az\/wp-content\/uploads\/2018\/07\/veremin-sifresi-onda-300x159.jpg",300,159,true],"large":["https:\/\/arantv.az\/wp-content\/uploads\/2018\/07\/veremin-sifresi-onda.jpg",620,328,false],"1536x1536":["https:\/\/arantv.az\/wp-content\/uploads\/2018\/07\/veremin-sifresi-onda.jpg",620,328,false],"2048x2048":["https:\/\/arantv.az\/wp-content\/uploads\/2018\/07\/veremin-sifresi-onda.jpg",620,328,false],"post-thumbnail":["https:\/\/arantv.az\/wp-content\/uploads\/2018\/07\/veremin-sifresi-onda.jpg",240,127,false],"advps-thumb-one":["https:\/\/arantv.az\/wp-content\/uploads\/2018\/07\/veremin-sifresi-onda.jpg",620,328,false]},"rttpg_author":{"display_name":"V\u00fcsal Rafiqo\u011flu","author_link":"https:\/\/arantv.az\/?author=2"},"rttpg_comment":0,"rttpg_category":"<a href=\"https:\/\/arantv.az\/?cat=5\" rel=\"category\">Hadis\u0259<\/a>","rttpg_excerpt":"X\u0259st\u0259xanadan x\u0259st\u0259 qa\u00e7\u0131b. ARANTV.AZ-\u0131n m\u0259lumat\u0131na g\u00f6r\u0259, 1977-ci il t\u0259v\u0259ll\u00fcdl\u00fc\u00a0\u0130manov Ayd\u0131n S\u0259rv\u0259r o\u011flu\u00a0Buzovnada yerl\u0259\u015f\u0259n 7 sayl\u0131 V\u0259r\u0259m \u018fleyhin\u0259 Dispanserd\u0259n qa\u00e7\u0131b. Bel\u0259 ki, X\u0259z\u0259r rayonu, T\u00fcrkan q\u0259s\u0259b\u0259 sakini m\u00fcalic\u0259 olunmaq \u00fc\u00e7\u00fcn iyulun 23-d\u0259 dispanser\u0259 yerl\u0259\u015fdirilib. \u0130yulun 24-d\u0259n 25-n\u0259 ke\u00e7\u0259n gec\u0259 is\u0259 x\u0259st\u0259xanadan qa\u00e7\u0131b. Yax\u0131nlar\u0131n\u0131n sayt\u0131m\u0131za verdiyi m\u0259lumata g\u00f6r\u0259, x\u0259st\u0259xanada Ayd\u0131nla eyni otaqda qalan \u015f\u0259xs iyulun 24-d\u0259 onun&hellip;","_links":{"self":[{"href":"https:\/\/arantv.az\/index.php?rest_route=\/wp\/v2\/posts\/3180"}],"collection":[{"href":"https:\/\/arantv.az\/index.php?rest_route=\/wp\/v2\/posts"}],"about":[{"href":"https:\/\/arantv.az\/index.php?rest_route=\/wp\/v2\/types\/post"}],"author":[{"embeddable":true,"href":"https:\/\/arantv.az\/index.php?rest_route=\/wp\/v2\/users\/2"}],"replies":[{"embeddable":true,"href":"https:\/\/arantv.az\/index.php?rest_route=%2Fwp%2Fv2%2Fcomments&post=3180"}],"version-history":[{"count":0,"href":"https:\/\/arantv.az\/index.php?rest_route=\/wp\/v2\/posts\/3180\/revisions"}],"wp:featuredmedia":[{"embeddable":true,"href":"https:\/\/arantv.az\/index.php?rest_route=\/wp\/v2\/media\/3181"}],"wp:attachment":[{"href":"https:\/\/arantv.az\/index.php?rest_route=%2Fwp%2Fv2%2Fmedia&parent=3180"}],"wp:term":[{"taxonomy":"category","embeddable":true,"href":"https:\/\/arantv.az\/index.php?rest_route=%2Fwp%2Fv2%2Fcategories&post=3180"},{"taxonomy":"post_tag","embeddable":true,"href":"https:\/\/arantv.az\/index.php?rest_route=%2Fwp%2Fv2%2Ftags&post=3180"}],"curies":[{"name":"wp","href":"https:\/\/api.w.org\/{rel}","templated":true}]}}