{"id":318018,"date":"2021-03-25T10:49:23","date_gmt":"2021-03-25T07:49:23","guid":{"rendered":"http:\/\/arantv.az\/?p=318018"},"modified":"2021-03-25T10:49:23","modified_gmt":"2021-03-25T07:49:23","slug":"bmt-d%c9%99n-qorxunc-x%c9%99b%c9%99rdarliq-34-milyon-insan-t%c9%99hluk%c9%99d%c9%99","status":"publish","type":"post","link":"https:\/\/arantv.az\/?p=318018","title":{"rendered":"BMT-d\u0259n QORXUNC X\u018fB\u018fRDARLIQ: 34 milyon insan T\u018fHL\u00dcK\u018fD\u018f"},"content":{"rendered":"<p><strong>BMT yax\u0131n bir ne\u00e7\u0259 ayda 20-d\u0259n \u00e7ox \u00f6lk\u0259d\u0259 acl\u0131\u011f\u0131n k\u0259skin artaca\u011f\u0131 il\u0259 ba\u011fl\u0131 x\u0259b\u0259rdarl\u0131q edib.<\/strong><\/p>\n<p><strong>ARANTV.AZ\u00a0<\/strong> x\u0259b\u0259r verir ki, bu bar\u0259d\u0259 BMT-nin n\u0259zdind\u0259 Qida v\u0259 K\u0259nd T\u0259s\u0259rr\u00fcfat\u0131 T\u0259\u015fkilat\u0131 il\u0259 \u00dcmumd\u00fcnya Qida Proqram\u0131 hesabat yay\u0131b.<\/p>\n<p>Hesabata g\u00f6r\u0259, t\u0259xmin\u0259n 34 milyon insan COVID-19 v\u0259 bununla \u0259laq\u0259dar iqtisadi \u00e7\u0259tinlikl\u0259r s\u0259b\u0259bi il\u0259 acl\u0131qla \u00fcz-\u00fcz\u0259 qalacaq.<\/p>\n<p>K\u0259skin acl\u0131q \u0259rzaq \u00e7at\u0131\u015fmazl\u0131\u011f\u0131n\u0131n \u00f6l\u00fcmc\u00fcl hala g\u0259lm\u0259si dem\u0259kdir ki, bu da h\u0259rbi qar\u015f\u0131durmalar, iqlim d\u0259yi\u015fikliyi v\u0259 COVID-19 pandemiyas\u0131 t\u0259r\u0259find\u0259n idar\u0259 olunur. Ayr\u0131ca, b\u0259zi yerl\u0259rd\u0259 s\u0259hra \u00e7\u0259yirtk\u0259l\u0259ri d\u0259 b\u00f6y\u00fck acl\u0131qlara s\u0259b\u0259b olur.<\/p>\n<p><em><strong>34 milyon insan t\u0259hl\u00fck\u0259d\u0259<\/strong><\/em><\/p>\n<p>D\u00fcnyan\u0131n yeni acl\u0131q n\u00f6qt\u0259l\u0259ri qeyd edil\u0259n hesabatda, Y\u0259m\u0259nd\u0259 v\u0259 C\u0259nubi Sudanda ya\u015fayan ail\u0259l\u0259rin haz\u0131rda acl\u0131qla m\u00fcbariz\u0259 apard\u0131qlar\u0131, t\u0259qrib\u0259n 34 milyon insan\u0131n k\u0259skin acl\u0131q s\u0259viyy\u0259sind\u0259 oldu\u011fu vur\u011fulan\u0131b.<\/p>\n<p><em><strong>COVID-19 \u0259n \u00e7ox Lat\u0131n Amerikas\u0131n\u0131n iqtisadiyyat\u0131n\u0131 \u00e7\u00f6kd\u00fcr\u00fcb<\/strong><\/em><\/p>\n<p>H\u0259m\u00e7inin hesabatda, COVID-19 pandemiyas\u0131 s\u0259b\u0259biyl\u0259 Lat\u0131n Amerikas\u0131n\u0131n iqtisadi t\u0259n\u0259zz\u00fcld\u0259n \u0259n \u00e7ox t\u0259sirl\u0259n\u0259n v\u0259 \u0259n gec toparlanacaq b\u00f6lg\u0259 olaca\u011f\u0131 bildirilib. Bundan \u0259lav\u0259, Yax\u0131n \u015e\u0259rq, Y\u0259m\u0259n, Suriya v\u0259 Livan\u0131n m\u0259z\u0259nn\u0259nin s\u00fcr\u0259tl\u0259 d\u00fc\u015fm\u0259si v\u0259 inflyasiyan\u0131n artmas\u0131ndan ciddi \u015f\u0259kild\u0259 t\u0259sirl\u0259ndiyi qeyd edilib.<\/p>\n<p>Aprel-iyul aylar\u0131nda C\u0259nubi Sudanda 7 milyondan \u00e7ox insan\u0131n k\u0259skin qida t\u0259hl\u00fck\u0259sizliyi il\u0259 b\u00f6hran s\u0259viyy\u0259sind\u0259 qar\u015f\u0131la\u015faca\u011f\u0131 proqnozla\u015fd\u0131r\u0131l\u0131r, 16 milyondan \u00e7ox y\u0259m\u0259nlinin is\u0259 iyun ay\u0131na q\u0259d\u0259r y\u00fcks\u0259k s\u0259viyy\u0259d\u0259 qida t\u0259hl\u00fck\u0259sizliyi ya\u015famas\u0131 g\u00f6zl\u0259nilir. \u018fn \u00e7ox acl\u0131\u011f\u0131n ya\u015fanaca\u011f\u0131 \u00f6lk\u0259l\u0259r s\u0131ras\u0131nda Burkina Faso, \u018ffqan\u0131stan, Konqo Demokratik Respublikas\u0131, Efiopiya, Haiti, Sudan v\u0259 Suriya da yer al\u0131r.<\/p>\n<p><img loading=\"lazy\" src=\"https:\/\/publika.az\/storage\/2021\/03\/25\/acliq2.png\" alt=\"\" width=\"700\" height=\"409\" \/><\/p>\n<p><em><strong>M\u00fcbariz\u0259 etm\u0259k ham\u0131m\u0131z\u0131n borcudur<\/strong><\/em><\/p>\n<p>BMT-nin n\u0259zdind\u0259 Qida v\u0259 K\u0259nd T\u0259s\u0259rr\u00fcfat\u0131 T\u0259\u015fkilat\u0131n\u0131n icra\u00e7\u0131 direktoru Qu Donqyu hesabatla ba\u011fl\u0131 bel\u0259 bir a\u00e7\u0131qlama verib: &#8220;Ya\u015fanan ac\u0131n\u0131n b\u00f6y\u00fckl\u00fcy\u00fc \u00e7ox narahatedicidir. \u0130nsanlar\u0131n h\u0259yat\u0131n\u0131 xilas etm\u0259k, onlar\u0131 t\u0259hl\u00fck\u0259d\u0259n qorumaq v\u0259 ya\u015fanacaq bu \u00e7\u0259tin v\u0259ziyy\u0259tin qar\u015f\u0131s\u0131n\u0131 almaq \u00fc\u00e7\u00fcn d\u0259rhal h\u0259r\u0259k\u0259t\u0259 ke\u00e7m\u0259k v\u0259 \u0259ld\u0259 olan ehtiyat qaynaqlar\u0131 qorumaq h\u0259r birimizin borcudur&#8221;.<\/p>\n<p>\u00dcmumd\u00fcnya Qida Proqram\u0131n\u0131n icra\u00e7\u0131 direktoru Devid Beasley is\u0259 bunlar\u0131 deyib: &#8220;G\u00f6z\u00fcm\u00fcz\u00fcn qar\u015f\u0131s\u0131nda f\u0259lak\u0259tin ba\u015f verdiyini g\u00f6r\u00fcr\u00fck. Bu, h\u0259rbi qar\u015f\u0131durmalar, iqlim d\u0259yi\u015fikliyi v\u0259 pandemiyadan qaynaqlan\u0131r v\u0259 milyonlarla ail\u0259ni narahat edir&#8221;.<\/p>\n<p><em><strong>\u00dc\u00e7 faktora ehtiyac var<\/strong><\/em><\/p>\n<p>Devid Beasley 30 milyondan \u00e7ox insan\u0131n ac\u0131ndan h\u0259yatlar\u0131n\u0131 itirm\u0259m\u0259si \u00fc\u00e7\u00fcn \u00fc\u00e7 amil\u0259 ehtiyac oldu\u011funu s\u00f6yl\u0259yib: m\u00fcharib\u0259l\u0259r\u0259 son qoymaq, c\u0259miyy\u0259tin h\u0259ssas t\u0259b\u0259q\u0259sin\u0259 daha \u0259l\u00e7at\u0131ml\u0131 olmaq v\u0259 yoxsul \u00f6lk\u0259l\u0259r\u0259 edil\u0259n ian\u0259l\u0259rin art\u0131rmaq.<\/p>\n<p>Bu ay\u0131n \u0259vv\u0259lind\u0259 BMT-nin n\u0259zdind\u0259 Qida v\u0259 K\u0259nd T\u0259s\u0259rr\u00fcfat\u0131 T\u0259\u015fkilat\u0131 il\u0259 \u00dcmumd\u00fcnya Qida Proqram\u0131 humanitar qida yard\u0131m\u0131, na\u011fd pul v\u0259 t\u0259cili ya\u015fam qaynaqlar\u0131 vasit\u0259si il\u0259 acl\u0131\u011f\u0131n qar\u015f\u0131s\u0131n\u0131 almaq \u00fc\u00e7\u00fcn 5,5 milyard dollar yard\u0131m \u00e7a\u011f\u0131r\u0131\u015f\u0131 edib.<\/p>\n","protected":false},"excerpt":{"rendered":"<p>BMT yax\u0131n bir ne\u00e7\u0259 ayda 20-d\u0259n \u00e7ox \u00f6lk\u0259d\u0259 acl\u0131\u011f\u0131n k\u0259skin artaca\u011f\u0131 il\u0259 ba\u011fl\u0131 x\u0259b\u0259rdarl\u0131q edib. ARANTV.AZ\u00a0 x\u0259b\u0259r verir ki, bu bar\u0259d\u0259 BMT-nin n\u0259zdind\u0259 Qida v\u0259 K\u0259nd T\u0259s\u0259rr\u00fcfat\u0131 T\u0259\u015fkilat\u0131 il\u0259 \u00dcmumd\u00fcnya Qida Proqram\u0131 hesabat yay\u0131b. Hesabata g\u00f6r\u0259, t\u0259xmin\u0259n 34 milyon insan COVID-19 v\u0259 bununla \u0259laq\u0259dar iqtisadi \u00e7\u0259tinlikl\u0259r s\u0259b\u0259bi il\u0259 acl\u0131qla \u00fcz-\u00fcz\u0259 qalacaq. K\u0259skin acl\u0131q \u0259rzaq \u00e7at\u0131\u015fmazl\u0131\u011f\u0131n\u0131n \u00f6l\u00fcmc\u00fcl hala g\u0259lm\u0259si dem\u0259kdir ki, bu da h\u0259rbi qar\u015f\u0131durmalar, iqlim d\u0259yi\u015fikliyi v\u0259 COVID-19 pandemiyas\u0131 t\u0259r\u0259find\u0259n idar\u0259 olunur. Ayr\u0131ca, b\u0259zi yerl\u0259rd\u0259 s\u0259hra \u00e7\u0259yirtk\u0259l\u0259ri d\u0259 b\u00f6y\u00fck acl\u0131qlara s\u0259b\u0259b olur. 34 milyon insan t\u0259hl\u00fck\u0259d\u0259 D\u00fcnyan\u0131n yeni acl\u0131q n\u00f6qt\u0259l\u0259ri&hellip;<\/p>\n","protected":false},"author":2,"featured_media":318019,"comment_status":"closed","ping_status":"closed","sticky":false,"template":"","format":"standard","meta":{"om_disable_all_campaigns":false,"_monsterinsights_skip_tracking":false,"_monsterinsights_sitenote_active":false,"_monsterinsights_sitenote_note":"","_monsterinsights_sitenote_category":0},"categories":[26],"tags":[],"aioseo_notices":[],"gutentor_comment":0,"rttpg_featured_image_url":{"full":["https:\/\/arantv.az\/wp-content\/uploads\/2021\/03\/acliq.png",800,450,false],"landscape":["https:\/\/arantv.az\/wp-content\/uploads\/2021\/03\/acliq.png",800,450,false],"portraits":["https:\/\/arantv.az\/wp-content\/uploads\/2021\/03\/acliq.png",800,450,false],"thumbnail":["https:\/\/arantv.az\/wp-content\/uploads\/2021\/03\/acliq-150x150.png",150,150,true],"medium":["https:\/\/arantv.az\/wp-content\/uploads\/2021\/03\/acliq-300x169.png",300,169,true],"large":["https:\/\/arantv.az\/wp-content\/uploads\/2021\/03\/acliq.png",640,360,false],"1536x1536":["https:\/\/arantv.az\/wp-content\/uploads\/2021\/03\/acliq.png",800,450,false],"2048x2048":["https:\/\/arantv.az\/wp-content\/uploads\/2021\/03\/acliq.png",800,450,false],"post-thumbnail":["https:\/\/arantv.az\/wp-content\/uploads\/2021\/03\/acliq-240x172.png",240,172,true],"advps-thumb-one":["https:\/\/arantv.az\/wp-content\/uploads\/2021\/03\/acliq.png",800,450,false]},"rttpg_author":{"display_name":"V\u00fcsal Rafiqo\u011flu","author_link":"https:\/\/arantv.az\/?author=2"},"rttpg_comment":0,"rttpg_category":"<a href=\"https:\/\/arantv.az\/?cat=26\" rel=\"category\">Sosial<\/a>","rttpg_excerpt":"BMT yax\u0131n bir ne\u00e7\u0259 ayda 20-d\u0259n \u00e7ox \u00f6lk\u0259d\u0259 acl\u0131\u011f\u0131n k\u0259skin artaca\u011f\u0131 il\u0259 ba\u011fl\u0131 x\u0259b\u0259rdarl\u0131q edib. ARANTV.AZ\u00a0 x\u0259b\u0259r verir ki, bu bar\u0259d\u0259 BMT-nin n\u0259zdind\u0259 Qida v\u0259 K\u0259nd T\u0259s\u0259rr\u00fcfat\u0131 T\u0259\u015fkilat\u0131 il\u0259 \u00dcmumd\u00fcnya Qida Proqram\u0131 hesabat yay\u0131b. Hesabata g\u00f6r\u0259, t\u0259xmin\u0259n 34 milyon insan COVID-19 v\u0259 bununla \u0259laq\u0259dar iqtisadi \u00e7\u0259tinlikl\u0259r s\u0259b\u0259bi il\u0259 acl\u0131qla \u00fcz-\u00fcz\u0259 qalacaq. K\u0259skin acl\u0131q \u0259rzaq \u00e7at\u0131\u015fmazl\u0131\u011f\u0131n\u0131n&hellip;","_links":{"self":[{"href":"https:\/\/arantv.az\/index.php?rest_route=\/wp\/v2\/posts\/318018"}],"collection":[{"href":"https:\/\/arantv.az\/index.php?rest_route=\/wp\/v2\/posts"}],"about":[{"href":"https:\/\/arantv.az\/index.php?rest_route=\/wp\/v2\/types\/post"}],"author":[{"embeddable":true,"href":"https:\/\/arantv.az\/index.php?rest_route=\/wp\/v2\/users\/2"}],"replies":[{"embeddable":true,"href":"https:\/\/arantv.az\/index.php?rest_route=%2Fwp%2Fv2%2Fcomments&post=318018"}],"version-history":[{"count":0,"href":"https:\/\/arantv.az\/index.php?rest_route=\/wp\/v2\/posts\/318018\/revisions"}],"wp:featuredmedia":[{"embeddable":true,"href":"https:\/\/arantv.az\/index.php?rest_route=\/wp\/v2\/media\/318019"}],"wp:attachment":[{"href":"https:\/\/arantv.az\/index.php?rest_route=%2Fwp%2Fv2%2Fmedia&parent=318018"}],"wp:term":[{"taxonomy":"category","embeddable":true,"href":"https:\/\/arantv.az\/index.php?rest_route=%2Fwp%2Fv2%2Fcategories&post=318018"},{"taxonomy":"post_tag","embeddable":true,"href":"https:\/\/arantv.az\/index.php?rest_route=%2Fwp%2Fv2%2Ftags&post=318018"}],"curies":[{"name":"wp","href":"https:\/\/api.w.org\/{rel}","templated":true}]}}