{"id":318384,"date":"2021-03-25T18:20:51","date_gmt":"2021-03-25T15:20:51","guid":{"rendered":"http:\/\/arantv.az\/?p=318384"},"modified":"2021-03-25T18:20:51","modified_gmt":"2021-03-25T15:20:51","slug":"hulusi-akarla-sergey-soyqu-arasinda-telefon-danisigi-olub","status":"publish","type":"post","link":"https:\/\/arantv.az\/?p=318384","title":{"rendered":"Hulusi Akarla Sergey \u015eoyqu aras\u0131nda telefon dan\u0131\u015f\u0131\u011f\u0131 olub"},"content":{"rendered":"<p>T\u00fcrkiy\u0259 M\u00fcdafi\u0259 naziri, ordu general\u0131 Hulusi Akarla Rusiyan\u0131n M\u00fcdafi\u0259 naziri, ordu general\u0131 Sergey \u015eoyqu aras\u0131nda telefon dan\u0131\u015f\u0131\u011f\u0131 olub.<\/p>\n<p>\u201cMilliyet\u201din m\u0259lumat\u0131na g\u00f6r\u0259, bar\u0259d\u0259 jurnalistl\u0259r\u0259 H.Akar a\u00e7\u0131qlama verib.<\/p>\n<div id=\"AdviadNativeVideo0\" class=\"AdviadNativeVideo\"><\/div>\n<p>Onun s\u00f6zl\u0259rin\u0259 g\u00f6r\u0259, rusiyal\u0131 h\u0259mkar\u0131 il\u0259 telefon dan\u0131\u015f\u0131\u011f\u0131 zaman\u0131 Suriyadak\u0131 v\u0259ziyy\u0259ti m\u00fczakir\u0259 edibl\u0259r.<\/p>\n<p>Dan\u0131\u015f\u0131q zaman\u0131 oradak\u0131 terror qruplar\u0131n\u0131n q\u0131sa m\u00fcdd\u0259td\u0259 n\u0259zar\u0259t alt\u0131na al\u0131nmas\u0131 v\u0259 onlara qar\u015f\u0131 bir s\u0131ra m\u00fcbariz\u0259 t\u0259dbirl\u0259rinin q\u00fcvv\u0259y\u0259 minm\u0259sinin z\u0259ruriliyi ifad\u0259 edilib.<\/p>\n<p>Nazir bununla ba\u011fl\u0131 rusiyal\u0131 h\u0259mkar\u0131 il\u0259 h\u0259mfikir olduqlar\u0131n\u0131 bildirib: \u201cM\u00fczakir\u0259l\u0259r qar\u015f\u0131l\u0131ql\u0131 anla\u015fma \u015f\u0259raitind\u0259 ke\u00e7di. Suriyada t\u0259dbirl\u0259rin g\u00f6r\u00fclm\u0259si il\u0259 ba\u011fl\u0131 razl\u0131\u011fa g\u0259ldik. F\u0259aliyy\u0259timizi bu istiqam\u0259td\u0259 davam etdiririk. Suriyada zaman-zaman at\u0259\u015fk\u0259s pozulur. T\u00fcrkiy\u0259 Silahl\u0131 Q\u00fcv\u0259ll\u0259ri bel\u0259 hallara imkan verm\u0259y\u0259c\u0259k. At\u0259\u015fk\u0259sin pozulmas\u0131 hallar\u0131n\u0131n qar\u015f\u0131s\u0131n\u0131 almaq \u00fc\u00e7\u00fcn laz\u0131m\u0131 add\u0131mlar at\u0131r\u0131q\u201d.<\/p>\n","protected":false},"excerpt":{"rendered":"<p>T\u00fcrkiy\u0259 M\u00fcdafi\u0259 naziri, ordu general\u0131 Hulusi Akarla Rusiyan\u0131n M\u00fcdafi\u0259 naziri, ordu general\u0131 Sergey \u015eoyqu aras\u0131nda telefon dan\u0131\u015f\u0131\u011f\u0131 olub. \u201cMilliyet\u201din m\u0259lumat\u0131na g\u00f6r\u0259, bar\u0259d\u0259 jurnalistl\u0259r\u0259 H.Akar a\u00e7\u0131qlama verib. Onun s\u00f6zl\u0259rin\u0259 g\u00f6r\u0259, rusiyal\u0131 h\u0259mkar\u0131 il\u0259 telefon dan\u0131\u015f\u0131\u011f\u0131 zaman\u0131 Suriyadak\u0131 v\u0259ziyy\u0259ti m\u00fczakir\u0259 edibl\u0259r. Dan\u0131\u015f\u0131q zaman\u0131 oradak\u0131 terror qruplar\u0131n\u0131n q\u0131sa m\u00fcdd\u0259td\u0259 n\u0259zar\u0259t alt\u0131na al\u0131nmas\u0131 v\u0259 onlara qar\u015f\u0131 bir s\u0131ra m\u00fcbariz\u0259 t\u0259dbirl\u0259rinin q\u00fcvv\u0259y\u0259 minm\u0259sinin z\u0259ruriliyi ifad\u0259 edilib. Nazir bununla ba\u011fl\u0131 rusiyal\u0131 h\u0259mkar\u0131 il\u0259 h\u0259mfikir olduqlar\u0131n\u0131 bildirib: \u201cM\u00fczakir\u0259l\u0259r qar\u015f\u0131l\u0131ql\u0131 anla\u015fma \u015f\u0259raitind\u0259 ke\u00e7di. Suriyada t\u0259dbirl\u0259rin g\u00f6r\u00fclm\u0259si il\u0259 ba\u011fl\u0131 razl\u0131\u011fa g\u0259ldik. F\u0259aliyy\u0259timizi bu istiqam\u0259td\u0259 davam etdiririk. Suriyada zaman-zaman at\u0259\u015fk\u0259s&hellip;<\/p>\n","protected":false},"author":2,"featured_media":318385,"comment_status":"closed","ping_status":"closed","sticky":false,"template":"","format":"standard","meta":{"om_disable_all_campaigns":false,"_monsterinsights_skip_tracking":false,"_monsterinsights_sitenote_active":false,"_monsterinsights_sitenote_note":"","_monsterinsights_sitenote_category":0},"categories":[7],"tags":[],"aioseo_notices":[],"gutentor_comment":0,"rttpg_featured_image_url":{"full":["https:\/\/arantv.az\/wp-content\/uploads\/2021\/03\/95b61267-855a-3d69-b0bc-b286f3133ba6_850.jpg",620,387,false],"landscape":["https:\/\/arantv.az\/wp-content\/uploads\/2021\/03\/95b61267-855a-3d69-b0bc-b286f3133ba6_850.jpg",620,387,false],"portraits":["https:\/\/arantv.az\/wp-content\/uploads\/2021\/03\/95b61267-855a-3d69-b0bc-b286f3133ba6_850.jpg",620,387,false],"thumbnail":["https:\/\/arantv.az\/wp-content\/uploads\/2021\/03\/95b61267-855a-3d69-b0bc-b286f3133ba6_850-150x150.jpg",150,150,true],"medium":["https:\/\/arantv.az\/wp-content\/uploads\/2021\/03\/95b61267-855a-3d69-b0bc-b286f3133ba6_850-300x187.jpg",300,187,true],"large":["https:\/\/arantv.az\/wp-content\/uploads\/2021\/03\/95b61267-855a-3d69-b0bc-b286f3133ba6_850.jpg",620,387,false],"1536x1536":["https:\/\/arantv.az\/wp-content\/uploads\/2021\/03\/95b61267-855a-3d69-b0bc-b286f3133ba6_850.jpg",620,387,false],"2048x2048":["https:\/\/arantv.az\/wp-content\/uploads\/2021\/03\/95b61267-855a-3d69-b0bc-b286f3133ba6_850.jpg",620,387,false],"post-thumbnail":["https:\/\/arantv.az\/wp-content\/uploads\/2021\/03\/95b61267-855a-3d69-b0bc-b286f3133ba6_850-240x172.jpg",240,172,true],"advps-thumb-one":["https:\/\/arantv.az\/wp-content\/uploads\/2021\/03\/95b61267-855a-3d69-b0bc-b286f3133ba6_850.jpg",620,387,false]},"rttpg_author":{"display_name":"V\u00fcsal Rafiqo\u011flu","author_link":"https:\/\/arantv.az\/?author=2"},"rttpg_comment":0,"rttpg_category":"<a href=\"https:\/\/arantv.az\/?cat=7\" rel=\"category\">D\u00fcnya<\/a>","rttpg_excerpt":"T\u00fcrkiy\u0259 M\u00fcdafi\u0259 naziri, ordu general\u0131 Hulusi Akarla Rusiyan\u0131n M\u00fcdafi\u0259 naziri, ordu general\u0131 Sergey \u015eoyqu aras\u0131nda telefon dan\u0131\u015f\u0131\u011f\u0131 olub. \u201cMilliyet\u201din m\u0259lumat\u0131na g\u00f6r\u0259, bar\u0259d\u0259 jurnalistl\u0259r\u0259 H.Akar a\u00e7\u0131qlama verib. Onun s\u00f6zl\u0259rin\u0259 g\u00f6r\u0259, rusiyal\u0131 h\u0259mkar\u0131 il\u0259 telefon dan\u0131\u015f\u0131\u011f\u0131 zaman\u0131 Suriyadak\u0131 v\u0259ziyy\u0259ti m\u00fczakir\u0259 edibl\u0259r. Dan\u0131\u015f\u0131q zaman\u0131 oradak\u0131 terror qruplar\u0131n\u0131n q\u0131sa m\u00fcdd\u0259td\u0259 n\u0259zar\u0259t alt\u0131na al\u0131nmas\u0131 v\u0259 onlara qar\u015f\u0131 bir s\u0131ra m\u00fcbariz\u0259&hellip;","_links":{"self":[{"href":"https:\/\/arantv.az\/index.php?rest_route=\/wp\/v2\/posts\/318384"}],"collection":[{"href":"https:\/\/arantv.az\/index.php?rest_route=\/wp\/v2\/posts"}],"about":[{"href":"https:\/\/arantv.az\/index.php?rest_route=\/wp\/v2\/types\/post"}],"author":[{"embeddable":true,"href":"https:\/\/arantv.az\/index.php?rest_route=\/wp\/v2\/users\/2"}],"replies":[{"embeddable":true,"href":"https:\/\/arantv.az\/index.php?rest_route=%2Fwp%2Fv2%2Fcomments&post=318384"}],"version-history":[{"count":0,"href":"https:\/\/arantv.az\/index.php?rest_route=\/wp\/v2\/posts\/318384\/revisions"}],"wp:featuredmedia":[{"embeddable":true,"href":"https:\/\/arantv.az\/index.php?rest_route=\/wp\/v2\/media\/318385"}],"wp:attachment":[{"href":"https:\/\/arantv.az\/index.php?rest_route=%2Fwp%2Fv2%2Fmedia&parent=318384"}],"wp:term":[{"taxonomy":"category","embeddable":true,"href":"https:\/\/arantv.az\/index.php?rest_route=%2Fwp%2Fv2%2Fcategories&post=318384"},{"taxonomy":"post_tag","embeddable":true,"href":"https:\/\/arantv.az\/index.php?rest_route=%2Fwp%2Fv2%2Ftags&post=318384"}],"curies":[{"name":"wp","href":"https:\/\/api.w.org\/{rel}","templated":true}]}}