{"id":318456,"date":"2021-03-26T08:01:37","date_gmt":"2021-03-26T05:01:37","guid":{"rendered":"http:\/\/arantv.az\/?p=318456"},"modified":"2021-03-26T08:01:37","modified_gmt":"2021-03-26T05:01:37","slug":"hikm%c9%99t-haciyev-erm%c9%99nistan-az%c9%99rbaycan-xalqi-qarsisinda-uzr-ist%c9%99m%c9%99lidir-foto","status":"publish","type":"post","link":"https:\/\/arantv.az\/?p=318456","title":{"rendered":"Hikm\u0259t Hac\u0131yev: \u201cErm\u0259nistan Az\u0259rbaycan xalq\u0131 qar\u015f\u0131s\u0131nda \u00fczr ist\u0259m\u0259lidir\u201d &#8211; FOTO"},"content":{"rendered":"<p>\u201c\u0130\u015f\u011fal etdiyi \u0259razil\u0259rd\u0259 xalq\u0131n irsi v\u0259 \u0259mlak\u0131na qar\u015f\u0131 a\u011flas\u0131\u011fmaz vandalizm, ekoloji soyq\u0131r\u0131m\u0131 h\u0259yata ke\u00e7irdikd\u0259n sonra Erm\u0259nistan\u0131n h\u0259r hans\u0131 bir iddia ir\u0259li s\u00fcrm\u0259k \u00fc\u00e7\u00fcn m\u0259n\u0259vi haqq\u0131 yoxdur\u201d.<\/p>\n<p>Bu s\u00f6zl\u0259ri Az\u0259rbaycan Respublikas\u0131 Prezidentinin k\u00f6m\u0259k\u00e7isi, Prezident Administrasiyas\u0131n\u0131n Xarici siyas\u0259t m\u0259s\u0259l\u0259l\u0259ri \u015f\u00f6b\u0259sinin m\u00fcdiri Hikm\u0259t Hac\u0131yev \u201cTwitter\u201d hesab\u0131nda qeyd edib.<\/p>\n<p>\u201cErm\u0259nistan II D\u00fcnya m\u00fcharib\u0259sinin i\u015f\u011fal\u00e7\u0131 d\u00f6vl\u0259tl\u0259ri kimi m\u0259suliyy\u0259ti \u00f6z \u00fcz\u0259rin\u0259 g\u00f6t\u00fcrm\u0259li v\u0259 Az\u0259rbaycan xalq\u0131 qar\u015f\u0131s\u0131nda \u00fczr ist\u0259m\u0259lidir\u201d, &#8211; dey\u0259 H.Hac\u0131yev bildirib.<\/p>\n<div>\n<div class=\"twitter-tweet twitter-tweet-rendered\"><iframe id=\"twitter-widget-0\" class=\"\" title=\"Twitter Tweet\" src=\"https:\/\/platform.twitter.com\/embed\/Tweet.html?creatorScreenName=oxuaz&amp;dnt=false&amp;embedId=twitter-widget-0&amp;frame=false&amp;hideCard=false&amp;hideThread=false&amp;id=1375122971732414466&amp;lang=en&amp;origin=https%3A%2F%2Foxu.az%2Fpolitics%2F478998&amp;siteScreenName=oxuaz&amp;theme=light&amp;widgetsVersion=e1ffbdb%3A1614796141937&amp;width=550px\" frameborder=\"0\" scrolling=\"no\" allowfullscreen=\"allowfullscreen\" data-tweet-id=\"1375122971732414466\" data-mce-fragment=\"1\"><\/iframe><\/div>\n<\/div>\n<p>&nbsp;<\/p>\n","protected":false},"excerpt":{"rendered":"<p>\u201c\u0130\u015f\u011fal etdiyi \u0259razil\u0259rd\u0259 xalq\u0131n irsi v\u0259 \u0259mlak\u0131na qar\u015f\u0131 a\u011flas\u0131\u011fmaz vandalizm, ekoloji soyq\u0131r\u0131m\u0131 h\u0259yata ke\u00e7irdikd\u0259n sonra Erm\u0259nistan\u0131n h\u0259r hans\u0131 bir iddia ir\u0259li s\u00fcrm\u0259k \u00fc\u00e7\u00fcn m\u0259n\u0259vi haqq\u0131 yoxdur\u201d. Bu s\u00f6zl\u0259ri Az\u0259rbaycan Respublikas\u0131 Prezidentinin k\u00f6m\u0259k\u00e7isi, Prezident Administrasiyas\u0131n\u0131n Xarici siyas\u0259t m\u0259s\u0259l\u0259l\u0259ri \u015f\u00f6b\u0259sinin m\u00fcdiri Hikm\u0259t Hac\u0131yev \u201cTwitter\u201d hesab\u0131nda qeyd edib. \u201cErm\u0259nistan II D\u00fcnya m\u00fcharib\u0259sinin i\u015f\u011fal\u00e7\u0131 d\u00f6vl\u0259tl\u0259ri kimi m\u0259suliyy\u0259ti \u00f6z \u00fcz\u0259rin\u0259 g\u00f6t\u00fcrm\u0259li v\u0259 Az\u0259rbaycan xalq\u0131 qar\u015f\u0131s\u0131nda \u00fczr ist\u0259m\u0259lidir\u201d, &#8211; dey\u0259 H.Hac\u0131yev bildirib. &nbsp;<\/p>\n","protected":false},"author":2,"featured_media":288268,"comment_status":"closed","ping_status":"closed","sticky":false,"template":"","format":"standard","meta":{"om_disable_all_campaigns":false,"_monsterinsights_skip_tracking":false,"_monsterinsights_sitenote_active":false,"_monsterinsights_sitenote_note":"","_monsterinsights_sitenote_category":0},"categories":[4],"tags":[],"aioseo_notices":[],"gutentor_comment":0,"rttpg_featured_image_url":{"full":["https:\/\/arantv.az\/wp-content\/uploads\/2021\/02\/hikmet1.jpg",620,387,false],"landscape":["https:\/\/arantv.az\/wp-content\/uploads\/2021\/02\/hikmet1.jpg",620,387,false],"portraits":["https:\/\/arantv.az\/wp-content\/uploads\/2021\/02\/hikmet1.jpg",620,387,false],"thumbnail":["https:\/\/arantv.az\/wp-content\/uploads\/2021\/02\/hikmet1-150x150.jpg",150,150,true],"medium":["https:\/\/arantv.az\/wp-content\/uploads\/2021\/02\/hikmet1-300x187.jpg",300,187,true],"large":["https:\/\/arantv.az\/wp-content\/uploads\/2021\/02\/hikmet1.jpg",620,387,false],"1536x1536":["https:\/\/arantv.az\/wp-content\/uploads\/2021\/02\/hikmet1.jpg",620,387,false],"2048x2048":["https:\/\/arantv.az\/wp-content\/uploads\/2021\/02\/hikmet1.jpg",620,387,false],"post-thumbnail":["https:\/\/arantv.az\/wp-content\/uploads\/2021\/02\/hikmet1-240x172.jpg",240,172,true],"advps-thumb-one":["https:\/\/arantv.az\/wp-content\/uploads\/2021\/02\/hikmet1.jpg",620,387,false]},"rttpg_author":{"display_name":"V\u00fcsal Rafiqo\u011flu","author_link":"https:\/\/arantv.az\/?author=2"},"rttpg_comment":0,"rttpg_category":"<a href=\"https:\/\/arantv.az\/?cat=4\" rel=\"category\">Siyas\u0259t<\/a>","rttpg_excerpt":"\u201c\u0130\u015f\u011fal etdiyi \u0259razil\u0259rd\u0259 xalq\u0131n irsi v\u0259 \u0259mlak\u0131na qar\u015f\u0131 a\u011flas\u0131\u011fmaz vandalizm, ekoloji soyq\u0131r\u0131m\u0131 h\u0259yata ke\u00e7irdikd\u0259n sonra Erm\u0259nistan\u0131n h\u0259r hans\u0131 bir iddia ir\u0259li s\u00fcrm\u0259k \u00fc\u00e7\u00fcn m\u0259n\u0259vi haqq\u0131 yoxdur\u201d. Bu s\u00f6zl\u0259ri Az\u0259rbaycan Respublikas\u0131 Prezidentinin k\u00f6m\u0259k\u00e7isi, Prezident Administrasiyas\u0131n\u0131n Xarici siyas\u0259t m\u0259s\u0259l\u0259l\u0259ri \u015f\u00f6b\u0259sinin m\u00fcdiri Hikm\u0259t Hac\u0131yev \u201cTwitter\u201d hesab\u0131nda qeyd edib. \u201cErm\u0259nistan II D\u00fcnya m\u00fcharib\u0259sinin i\u015f\u011fal\u00e7\u0131 d\u00f6vl\u0259tl\u0259ri kimi m\u0259suliyy\u0259ti \u00f6z \u00fcz\u0259rin\u0259&hellip;","_links":{"self":[{"href":"https:\/\/arantv.az\/index.php?rest_route=\/wp\/v2\/posts\/318456"}],"collection":[{"href":"https:\/\/arantv.az\/index.php?rest_route=\/wp\/v2\/posts"}],"about":[{"href":"https:\/\/arantv.az\/index.php?rest_route=\/wp\/v2\/types\/post"}],"author":[{"embeddable":true,"href":"https:\/\/arantv.az\/index.php?rest_route=\/wp\/v2\/users\/2"}],"replies":[{"embeddable":true,"href":"https:\/\/arantv.az\/index.php?rest_route=%2Fwp%2Fv2%2Fcomments&post=318456"}],"version-history":[{"count":0,"href":"https:\/\/arantv.az\/index.php?rest_route=\/wp\/v2\/posts\/318456\/revisions"}],"wp:featuredmedia":[{"embeddable":true,"href":"https:\/\/arantv.az\/index.php?rest_route=\/wp\/v2\/media\/288268"}],"wp:attachment":[{"href":"https:\/\/arantv.az\/index.php?rest_route=%2Fwp%2Fv2%2Fmedia&parent=318456"}],"wp:term":[{"taxonomy":"category","embeddable":true,"href":"https:\/\/arantv.az\/index.php?rest_route=%2Fwp%2Fv2%2Fcategories&post=318456"},{"taxonomy":"post_tag","embeddable":true,"href":"https:\/\/arantv.az\/index.php?rest_route=%2Fwp%2Fv2%2Ftags&post=318456"}],"curies":[{"name":"wp","href":"https:\/\/api.w.org\/{rel}","templated":true}]}}