{"id":318885,"date":"2021-03-26T15:14:35","date_gmt":"2021-03-26T12:14:35","guid":{"rendered":"http:\/\/arantv.az\/?p=318885"},"modified":"2021-03-26T15:14:35","modified_gmt":"2021-03-26T12:14:35","slug":"erm%c9%99nil%c9%99rin-31-mart-milli-ideoloji-terroru","status":"publish","type":"post","link":"https:\/\/arantv.az\/?p=318885","title":{"rendered":"\u201cErm\u0259nil\u0259rin 31 mart milli-ideoloji terroru\u201d"},"content":{"rendered":"<div class=\"content lead font-weight-normal\">\n<p>\u201cSoyq\u0131r\u0131m H\u0259qiq\u0259tl\u0259rinin Tan\u0131d\u0131lmas\u0131&#8221; \u0130ctimai Birliyi \u201cErm\u0259nil\u0259rin 31 mart milli-ideoloji terroru\u201d adl\u0131 t\u0259dbir ke\u00e7irib. ZOOM Proqram\u0131 vasit\u0259si il\u0259 ba\u015f tutan t\u0259dbird\u0259 mill\u0259t v\u0259kill\u0259ri il\u0259 yana\u015f\u0131 ilahiyyat\u00e7\u0131 Hac\u0131 \u015eahin, Xocal\u0131 \u0130cra Hakimiyy\u0259ti ba\u015f\u00e7\u0131s\u0131n\u0131n m\u00fcavini Vahid \u018fliyev v\u0259 dig\u0259r r\u0259smi \u015f\u0259xsl\u0259r i\u015ftirak edib.<\/p>\n<p><strong>ARANTV.AZ<\/strong>\u00a0 Trend-\u0259 istinad\u0259n x\u0259b\u0259r verir ki,\u00a0 t\u0259dbird\u0259 \u00e7\u0131x\u0131\u015f ed\u0259n \u0130ctimai Birliyin s\u0259dr m\u00fcavini Ay\u015f\u0259n F\u0259xr\u0259ddinq\u0131z\u0131 t\u0259msil etdiyi t\u0259\u015fkilat\u0131n soyq\u0131r\u0131m h\u0259qiq\u0259tl\u0259rinin tan\u0131d\u0131lmas\u0131 istiqam\u0259tind\u0259 i\u015f apard\u0131\u011f\u0131n\u0131 qeyd edib. Bildirib ki, t\u0259\u015fkilat \u00f6t\u0259n ill\u0259rd\u0259 Macar\u0131standa, el\u0259c\u0259d\u0259 bir s\u0131ra Avropa \u00f6lk\u0259l\u0259rind\u0259 silsil\u0259 t\u0259dbirl\u0259r h\u0259yata ke\u00e7irib. Onun s\u00f6zl\u0259rin\u0259 g\u00f6r\u0259, \u201cErm\u0259nil\u0259rin 31 mart milli-ideoloji terroru\u201d t\u0259dbirin m\u0259qs\u0259di 31 mart soyq\u0131r\u0131mlar\u0131na yenid\u0259n n\u0259z\u0259r salmaq, soyq\u0131r\u0131mlar\u0131n beyn\u0259lxalq arenada tan\u0131d\u0131lmas\u0131 istiqam\u0259tind\u0259 h\u00f6kum\u0259timizin apard\u0131\u011f\u0131 siyas\u0259t\u0259 d\u0259st\u0259k olmaqdan ibar\u0259tdir.<\/p>\n<p>31 mart soyq\u0131r\u0131m\u0131 bar\u0259sind\u0259 dan\u0131\u015fan A.F\u0259xr\u0259ddinq\u0131z\u0131 qeyd edib ki, bu soyq\u0131r\u0131m \u00f6z amans\u0131zl\u0131\u011f\u0131na v\u0259 miqyas\u0131na g\u00f6r\u0259 t\u0259kc\u0259 Az\u0259rbaycan tarixind\u0259 deyil, b\u0259\u015f\u0259r tarixind\u0259 d\u0259 \u0259n qanl\u0131 faci\u0259l\u0259rd\u0259n biridir: \u201c\u018fll\u0259rin\u0259 d\u00fc\u015f\u0259n f\u00fcrs\u0259td\u0259n istifad\u0259 ed\u0259n erm\u0259nil\u0259r u\u015faq, qoca, qad\u0131n dem\u0259d\u0259n minl\u0259rl\u0259 insan\u0131 q\u0131l\u0131ncdan, s\u00fcng\u00fcd\u0259n ke\u00e7irdil\u0259r, diri-diri yand\u0131rd\u0131lar. Milli memarl\u0131q incil\u0259rini, m\u0259kt\u0259bl\u0259ri, x\u0259st\u0259xanalar\u0131, m\u0259scid v\u0259 dig\u0259r abid\u0259l\u0259ri da\u011f\u0131td\u0131lar. Bak\u0131n\u0131n b\u00f6y\u00fck bir hiss\u0259sini xarabal\u0131\u011fa \u00e7evirdil\u0259r. Az\u0259rbaycanl\u0131lar\u0131n soyq\u0131r\u0131m\u0131 t\u0259kc\u0259 Bak\u0131da deyil, \u015eamax\u0131, Quba q\u0259zalar\u0131nda, Qaraba\u011fda, Z\u0259ng\u0259zurda, Nax\u00e7\u0131vanda, L\u0259nk\u0259randa, G\u0259nc\u0259d\u0259 v\u0259 dig\u0259r b\u00f6lg\u0259l\u0259rd\u0259 x\u00fcsusi q\u0259ddarl\u0131qla h\u0259yata ke\u00e7irildi. Bu \u0259razil\u0259rd\u0259 dinc \u0259hali k\u00fctl\u0259vi sur\u0259td\u0259 q\u0259tl\u0259 yetirildi, \u015f\u0259h\u0259r v\u0259 k\u0259ndl\u0259r yand\u0131r\u0131ld\u0131, milli m\u0259d\u0259niyy\u0259t abid\u0259l\u0259ri da\u011f\u0131d\u0131l\u0131b m\u0259hv edildi. H\u0259min d\u0259h\u015f\u0259tli g\u00fcnl\u0259rin \u015fahidi olmu\u015f alman A.Y.Kluqe qeyd edirdi ki, erm\u0259nil\u0259r m\u00fcs\u0259lman (az\u0259rbaycanl\u0131) m\u0259h\u0259ll\u0259l\u0259rin\u0259 soxularaq h\u0259r k\u0259si \u00f6ld\u00fcr\u00fcr, q\u0131l\u0131ncla par\u00e7alay\u0131r, s\u00fcng\u00fc il\u0259 d\u0259lm\u0259-de\u015fik edirdil\u0259r. Q\u0131r\u011f\u0131ndan bir ne\u00e7\u0259 g\u00fcn sonra bir \u00e7uxurdan \u00e7\u0131xar\u0131lan 87 az\u0259rbaycanl\u0131 c\u0259s\u0259dinin qulaqlar\u0131, burunlar\u0131 k\u0259silmi\u015f, qar\u0131nlar\u0131 y\u0131rt\u0131lm\u0131\u015fd\u0131. Erm\u0259nil\u0259r u\u015faqlara ac\u0131mad\u0131qlar\u0131 kimi, ya\u015fl\u0131lara da r\u0259hm etm\u0259mi\u015fdil\u0259r.<\/p>\n<p>Britaniya briqada general\u0131 R.Qortonun Londona g\u00f6nd\u0259rdiyi 1918-ci il 8 dekabr tarixli s\u0259n\u0259dd\u0259 20 min, F\u00f6vq\u0259lad\u0259 \u0130stintaq Komissiyas\u0131n\u0131n s\u0259n\u0259dl\u0259rind\u0259 30 min, Az\u0259rbaycan Respublikas\u0131 Milli M\u0259clisinin n\u0259\u015fr etdiyi kitabda is\u0259 50 mind\u0259n \u00e7ox m\u00fcs\u0259lman\u0131n soyq\u0131r\u0131m\u0131na m\u0259ruz qald\u0131\u011f\u0131 g\u00f6st\u0259rilir. Y\u0259qin ki, bu da son r\u0259q\u0259ml\u0259r deyil.<\/p>\n<p>Paris S\u00fclh konfrans\u0131nda Az\u0259rbaycan n\u00fcmay\u0259nd\u0259 hey\u0259tinin r\u0259hb\u0259ri \u018f.Top\u00e7uba\u015fov AB\u015e Prezidenti V.Vilsona 1919-cu il 28 may tarixli m\u00fcraci\u0259tind\u0259 ona dig\u0259r s\u0259n\u0259dl\u0259rl\u0259 yana\u015f\u0131, F\u00f6vq\u0259lad\u0259 \u0130stintaq Komissiyas\u0131n\u0131n materiallar\u0131n\u0131 da t\u0259qdim etmi\u015fdi. Bundan sonra obyektiv informasiya toplamaq \u00fc\u00e7\u00fcn C\u0259nubi Qafqaza AB\u015e n\u00fcmay\u0259nd\u0259 hey\u0259tinin g\u00f6nd\u0259rilm\u0259si m\u0259qs\u0259d\u0259uy\u011fun say\u0131lm\u0131\u015fd\u0131. H\u0259min ilin yay\u0131nda Bak\u0131ya g\u00f6nd\u0259ril\u0259n general Harbord hadis\u0259l\u0259r bar\u0259d\u0259 obyektiv m\u0259lumat toplamaq \u00fc\u00e7\u00fcn m\u00fcxt\u0259lif \u015f\u0259xsl\u0259rl\u0259 g\u00f6r\u00fc\u015fm\u00fc\u015fd\u00fc. \u00dcmumiyy\u0259tl\u0259, Bak\u0131da f\u0259aliyy\u0259t g\u00f6st\u0259r\u0259n rus v\u0259 erm\u0259ni t\u0259\u015fkilatlar\u0131 F\u00f6vq\u0259lad\u0259 \u0130stintaq Komissiyas\u0131n\u0131n normal i\u015fin\u0259 mane\u0259l\u0259r t\u00f6r\u0259dir, t\u0259zyiq kampaniyalar\u0131 t\u0259\u015fkil edirdil\u0259r. Lakin b\u00fct\u00fcn \u00e7\u0259tinlikl\u0259r\u0259 baxmayaraq, komissiya q\u0131sa m\u00fcdd\u0259td\u0259 \u00e7ox b\u00f6y\u00fck i\u015fl\u0259r g\u00f6r\u0259 bildi.<br \/>\n1998-ci il mart\u0131n 26-da Ulu \u00d6nd\u0259r Heyd\u0259r \u018fliyevin \u201cAz\u0259rbaycanl\u0131lar\u0131n soyq\u0131r\u0131m\u0131 haqq\u0131nda\u201d F\u0259rman\u0131n\u0131 ruslar Az\u0259rbaycan\u0131n genosid konsepsiyas\u0131 kimi q\u0259bul edib. Bu F\u0259rman daxil\u0259 hesablanm\u0131\u015f s\u0259n\u0259d deyildi. \u00dcmummilli Lider Heyd\u0259r \u018fliyevin dili il\u0259 des\u0259k, biz erm\u0259nil\u0259rd\u0259n f\u0259rqli olaraq, soyq\u0131r\u0131m\u0131 il\u0259 xaricd\u0259n \u00f6z\u00fcm\u00fcz\u0259 maliyy\u0259 yard\u0131m\u0131 almaq deyil, h\u0259qiq\u0259ti d\u00fcnyaya \u00e7atd\u0131rma\u011fa \u00e7al\u0131\u015f\u0131r\u0131q. M\u0259\u015fhur frans\u0131z diplomat\u0131 Lores deyir: \u201cDan\u0131\u015fmaq laz\u0131md\u0131r ki, h\u0259qiq\u0259t a\u00e7\u0131ls\u0131n\u201d.<\/p>\n<p>Ulu \u00f6nd\u0259r Heyd\u0259r \u018fliyevin tarixi F\u0259rman\u0131ndan \u00f6t\u0259n ill\u0259r \u0259rzind\u0259 apar\u0131lm\u0131\u015f ara\u015fd\u0131rmalar say\u0259sind\u0259 bir \u00e7ox yeni faktlar v\u0259 s\u0259n\u0259dl\u0259r toplan\u0131b, Quba \u015f\u0259h\u0259rind\u0259 k\u00fctl\u0259vi m\u0259zarl\u0131q a\u015fkarlan\u0131b. \u00dcz\u0259 \u00e7\u0131xm\u0131\u015f tarixi faktlar 1918-ci ilin mart-aprel aylar\u0131nda v\u0259 sonrak\u0131 d\u00f6vrl\u0259rd\u0259 erm\u0259ni mill\u0259t\u00e7il\u0259rinin h\u0259yata ke\u00e7irdikl\u0259ri qanl\u0131 aksiyalar\u0131n co\u011frafiyas\u0131n\u0131n daha geni\u015f v\u0259 faci\u0259 qurbanlar\u0131n\u0131n say\u0131n\u0131n qat-qat \u00e7ox oldu\u011funu s\u00fcbuta yetirir.<\/p>\n<p>Prezident \u0130lham \u018fliyevin 2018-ci il yanvar\u0131n 28-d\u0259 imzalad\u0131\u011f\u0131 S\u0259r\u0259ncama \u0259sas\u0259n, 1918-ci il az\u0259rbaycanl\u0131lar\u0131n soyq\u0131r\u0131m\u0131n\u0131n 100 illiyi t\u0259kc\u0259 Az\u0259rbaycanda deyil, d\u00fcnyan\u0131n bir \u00e7ox gu\u015f\u0259l\u0259rind\u0259 ya\u015fayan h\u0259mv\u0259t\u0259nl\u0259rimiz, diaspor t\u0259\u015fkilatlar\u0131, xaricd\u0259ki s\u0259firlikl\u0259rimiz t\u0259r\u0259find\u0259n geni\u015f qeyd olunub\u201d.<\/p>\n<p>T\u0259dbird\u0259 t\u0259\u015fkilat t\u0259r\u0259find\u0259n 31 mart soyq\u0131r\u0131m\u0131za h\u0259sr olunan q\u0131sa metrojl\u0131 film n\u00fcmayi\u015f olunub.<\/p>\n<p>AMEA-n\u0131n m\u00fcxbir \u00fczv\u00fc, Professor Musa Qas\u0131ml\u0131 soyq\u0131r\u0131m tarixi v\u0259 ba\u015f verm\u0259 s\u0259b\u0259bl\u0259ri bar\u0259sind\u0259 \u0259trafl\u0131 m\u0259lumat verib.<\/p>\n<p>Milli M\u0259clisin Ail\u0259, qad\u0131n v\u0259 u\u015faq m\u0259s\u0259l\u0259l\u0259ri komit\u0259sinin s\u0259dri, Professor Hicran H\u00fcseynova -Soyq\u0131r\u0131mlar zaman\u0131 qad\u0131n v\u0259 u\u015faq h\u00fcquqlar\u0131n\u0131n pozulmas\u0131, Beyn\u0259lxalq konvensiyalar\u0131n bu y\u00f6nd\u0259 h\u00fcquqi bazas\u0131 v\u0259 qad\u0131n v\u0259 u\u015faq h\u00fcquqlar\u0131n\u0131n pozulmas\u0131 il\u0259 ba\u011fl\u0131 i\u015f\u011fal\u00e7\u0131 \u00f6lk\u0259y\u0259 qar\u015f\u0131 qald\u0131ra bil\u0259c\u0259yimiz iddialar m\u00f6vzusunda \u00e7\u0131x\u0131\u015f edib.<br \/>\n\u0130lahiyyat\u00e7\u0131, din xadimi Hac\u0131 \u015eahin 31 mart s\u0131yq\u0131r\u0131m\u0131 zaman\u0131 Quran kitablar\u0131n\u0131n yand\u0131r\u0131lmas\u0131, dini obyektl\u0259r\u0259 vurulan z\u0259r\u0259r m\u00f6vzusunda t\u0259dbir i\u015ftirak\u00e7\u0131lar\u0131na m\u0259lumat verib.<\/p>\n<p>&#8220;Yeni Az\u0259rbaycan&#8221; q\u0259zetinin ba\u015f redaktoru, Milli M\u0259clisin deputat\u0131, siyasi elml\u0259r doktoru, professor Hikm\u0259t Babao\u011flu-31 mart soyq\u0131r\u0131m\u0131n\u0131n milli-ideoloji t\u0259sirl\u0259ri m\u00f6vzusunda dan\u0131\u015f\u0131b.<\/p>\n<p>Milli M\u0259clisin deputat\u0131 Arzu Na\u011f\u0131yev-31 mart soyq\u0131r\u0131m\u0131 zaman\u0131 q\u0259zet arxivl\u0259rinin yand\u0131rlmas\u0131, d\u00fc\u015fm\u0259nin bu siyas\u0259tinin p\u0259rd\u0259 arxas\u0131 m\u0259qamlar\u0131na toxunub.<br \/>\nMilli M\u0259clisin deputat\u0131 Cavan\u015fir Feyziyev-31 Mart soyq\u0131r\u0131m\u0131n\u0131n beyn\u0259lxalq arenada tan\u0131d\u0131lmas\u0131 istiqam\u0259tind\u0259 g\u00f6r\u00fcl\u0259n i\u015fl\u0259rd\u0259n dan\u0131\u015f\u0131b.<br \/>\nMilli M\u0259clisin deputat\u0131 \u018fmin\u0259 A\u011fazad\u0259- 31 mart soyq\u0131r\u0131m\u0131n\u0131n h\u00fcquqi \u0259saslar\u0131, milli v\u0259 beyn\u0259lxalq qanunvericilikd\u0259 soyq\u0131r\u0131m\u0131n h\u00fcquqi t\u0259mziml\u0259nm\u0259si m\u00f6vzusunda \u00e7\u0131x\u0131\u015f edib.<br \/>\nSonda t\u0259dbir i\u015ftirak\u00e7\u0131lar\u0131n\u0131 maraqland\u0131ran suallara cavab verilib.<\/p>\n<div class=\"clearfix\"><\/div>\n<\/div>\n<div class=\"fotorama--hidden\"><\/div>\n<div id=\"galleryList\" class=\"fotorama fotorama1616760771148\" data-nav=\"thumbs\" data-width=\"100%\" data-thumbwidth=\"90\" data-thumbheight=\"60\" data-allowfullscreen=\"true\" data-autoplay=\"3000\" data-ratio=\"1.5\" data-keyboard=\"true\" data-fit=\"contain\">\n<div class=\"fotorama__wrap fotorama__wrap--css3 fotorama__wrap--slide fotorama__wrap--toggle-arrows fotorama__wrap--no-controls\">\n<div class=\"fotorama__stage fotorama__pointer\">\n<div class=\"fotorama__fullscreen-icon\" tabindex=\"0\" role=\"button\"><\/div>\n<div class=\"fotorama__stage__shaft\">\n<div class=\"fotorama__stage__frame fotorama__loaded fotorama__loaded--img\"><img class=\"fotorama__img\" src=\"https:\/\/ikisahil.az\/photo\/0x0_2\/upload\/gallery\/2021\/03\/26\/-23ad3e31161675855034698182310107719.jpg\" \/><\/div>\n<div class=\"fotorama__stage__frame fotorama__loaded fotorama__loaded--img fotorama__active\"><img class=\"fotorama__img\" src=\"https:\/\/ikisahil.az\/photo\/0x0_2\/upload\/gallery\/2021\/03\/26\/-eba237ec161675855043169274810333666.jpg\" \/><\/div>\n<div class=\"fotorama__stage__frame fotorama__loaded fotorama__loaded--img\"><img class=\"fotorama__img\" src=\"https:\/\/ikisahil.az\/photo\/0x0_2\/upload\/gallery\/2021\/03\/26\/-317d17f1161675855067339348110673358.jpg\" \/><\/div>\n<\/div>\n<div class=\"fotorama__arr fotorama__arr--prev\" tabindex=\"0\" role=\"button\"><\/div>\n<div class=\"fotorama__arr fotorama__arr--next\" tabindex=\"0\" role=\"button\"><\/div>\n<div class=\"fotorama__video-close\"><\/div>\n<\/div>\n<div class=\"fotorama__nav-wrap\">\n<div class=\"fotorama__nav fotorama__nav--thumbs\">\n<div class=\"fotorama__nav__shaft\">\n<div class=\"fotorama__thumb-border\"><\/div>\n<div class=\"fotorama__nav__frame fotorama__nav__frame--thumb\" tabindex=\"0\" role=\"button\">\n<div class=\"fotorama__thumb fotorama__loaded fotorama__loaded--img\"><img class=\"fotorama__img\" src=\"https:\/\/ikisahil.az\/photo\/150x100_2\/upload\/gallery\/2021\/03\/26\/-254a5ecb161675854999695860510444463.jpg\" \/><\/div>\n<\/div>\n<div class=\"fotorama__nav__frame fotorama__nav__frame--thumb\" tabindex=\"0\" role=\"button\">\n<div class=\"fotorama__thumb fotorama__loaded fotorama__loaded--img\"><img class=\"fotorama__img\" src=\"https:\/\/ikisahil.az\/photo\/150x100_2\/upload\/gallery\/2021\/03\/26\/-9bab7341161675855052166963010944693.jpg\" \/><\/div>\n<\/div>\n<div class=\"fotorama__nav__frame fotorama__nav__frame--thumb\" tabindex=\"0\" role=\"button\">\n<div class=\"fotorama__thumb fotorama__loaded fotorama__loaded--img\"><img class=\"fotorama__img\" src=\"https:\/\/ikisahil.az\/photo\/150x100_2\/upload\/gallery\/2021\/03\/26\/-23ad3e31161675855034698182310107719.jpg\" \/><\/div>\n<\/div>\n<div class=\"fotorama__nav__frame fotorama__nav__frame--thumb fotorama__active\" tabindex=\"0\" role=\"button\">\n<div class=\"fotorama__thumb fotorama__loaded fotorama__loaded--img\"><img class=\"fotorama__img\" src=\"https:\/\/ikisahil.az\/photo\/150x100_2\/upload\/gallery\/2021\/03\/26\/-eba237ec161675855043169274810333666.jpg\" \/><\/div>\n<\/div>\n<div class=\"fotorama__nav__frame fotorama__nav__frame--thumb\" tabindex=\"0\" role=\"button\">\n<div class=\"fotorama__thumb fotorama__loaded fotorama__loaded--img\"><img class=\"fotorama__img\" src=\"https:\/\/ikisahil.az\/photo\/150x100_2\/upload\/gallery\/2021\/03\/26\/-317d17f1161675855067339348110673358.jpg\" \/><\/div>\n<\/div>\n<\/div>\n<\/div>\n<\/div>\n<\/div>\n<\/div>\n<div class=\"sharing my-2 row no-gutters d-print-none\">\n<div class=\"col-md-3\"><\/div>\n<\/div>\n","protected":false},"excerpt":{"rendered":"<p>\u201cSoyq\u0131r\u0131m H\u0259qiq\u0259tl\u0259rinin Tan\u0131d\u0131lmas\u0131&#8221; \u0130ctimai Birliyi \u201cErm\u0259nil\u0259rin 31 mart milli-ideoloji terroru\u201d adl\u0131 t\u0259dbir ke\u00e7irib. ZOOM Proqram\u0131 vasit\u0259si il\u0259 ba\u015f tutan t\u0259dbird\u0259 mill\u0259t v\u0259kill\u0259ri il\u0259 yana\u015f\u0131 ilahiyyat\u00e7\u0131 Hac\u0131 \u015eahin, Xocal\u0131 \u0130cra Hakimiyy\u0259ti ba\u015f\u00e7\u0131s\u0131n\u0131n m\u00fcavini Vahid \u018fliyev v\u0259 dig\u0259r r\u0259smi \u015f\u0259xsl\u0259r i\u015ftirak edib. ARANTV.AZ\u00a0 Trend-\u0259 istinad\u0259n x\u0259b\u0259r verir ki,\u00a0 t\u0259dbird\u0259 \u00e7\u0131x\u0131\u015f ed\u0259n \u0130ctimai Birliyin s\u0259dr m\u00fcavini Ay\u015f\u0259n F\u0259xr\u0259ddinq\u0131z\u0131 t\u0259msil etdiyi t\u0259\u015fkilat\u0131n soyq\u0131r\u0131m h\u0259qiq\u0259tl\u0259rinin tan\u0131d\u0131lmas\u0131 istiqam\u0259tind\u0259 i\u015f apard\u0131\u011f\u0131n\u0131 qeyd edib. Bildirib ki, t\u0259\u015fkilat \u00f6t\u0259n ill\u0259rd\u0259 Macar\u0131standa, el\u0259c\u0259d\u0259 bir s\u0131ra Avropa \u00f6lk\u0259l\u0259rind\u0259 silsil\u0259 t\u0259dbirl\u0259r h\u0259yata ke\u00e7irib. Onun s\u00f6zl\u0259rin\u0259 g\u00f6r\u0259, \u201cErm\u0259nil\u0259rin 31 mart milli-ideoloji terroru\u201d t\u0259dbirin&hellip;<\/p>\n","protected":false},"author":2,"featured_media":318886,"comment_status":"closed","ping_status":"closed","sticky":false,"template":"","format":"standard","meta":{"om_disable_all_campaigns":false,"_monsterinsights_skip_tracking":false,"_monsterinsights_sitenote_active":false,"_monsterinsights_sitenote_note":"","_monsterinsights_sitenote_category":0},"categories":[4],"tags":[],"aioseo_notices":[],"gutentor_comment":0,"rttpg_featured_image_url":{"full":["https:\/\/arantv.az\/wp-content\/uploads\/2021\/03\/ae87a54e161675850343495367410203050.jpg",975,540,false],"landscape":["https:\/\/arantv.az\/wp-content\/uploads\/2021\/03\/ae87a54e161675850343495367410203050.jpg",975,540,false],"portraits":["https:\/\/arantv.az\/wp-content\/uploads\/2021\/03\/ae87a54e161675850343495367410203050.jpg",975,540,false],"thumbnail":["https:\/\/arantv.az\/wp-content\/uploads\/2021\/03\/ae87a54e161675850343495367410203050-150x150.jpg",150,150,true],"medium":["https:\/\/arantv.az\/wp-content\/uploads\/2021\/03\/ae87a54e161675850343495367410203050-300x166.jpg",300,166,true],"large":["https:\/\/arantv.az\/wp-content\/uploads\/2021\/03\/ae87a54e161675850343495367410203050.jpg",640,354,false],"1536x1536":["https:\/\/arantv.az\/wp-content\/uploads\/2021\/03\/ae87a54e161675850343495367410203050.jpg",975,540,false],"2048x2048":["https:\/\/arantv.az\/wp-content\/uploads\/2021\/03\/ae87a54e161675850343495367410203050.jpg",975,540,false],"post-thumbnail":["https:\/\/arantv.az\/wp-content\/uploads\/2021\/03\/ae87a54e161675850343495367410203050-240x172.jpg",240,172,true],"advps-thumb-one":["https:\/\/arantv.az\/wp-content\/uploads\/2021\/03\/ae87a54e161675850343495367410203050.jpg",975,540,false]},"rttpg_author":{"display_name":"V\u00fcsal Rafiqo\u011flu","author_link":"https:\/\/arantv.az\/?author=2"},"rttpg_comment":0,"rttpg_category":"<a href=\"https:\/\/arantv.az\/?cat=4\" rel=\"category\">Siyas\u0259t<\/a>","rttpg_excerpt":"\u201cSoyq\u0131r\u0131m H\u0259qiq\u0259tl\u0259rinin Tan\u0131d\u0131lmas\u0131&#8221; \u0130ctimai Birliyi \u201cErm\u0259nil\u0259rin 31 mart milli-ideoloji terroru\u201d adl\u0131 t\u0259dbir ke\u00e7irib. ZOOM Proqram\u0131 vasit\u0259si il\u0259 ba\u015f tutan t\u0259dbird\u0259 mill\u0259t v\u0259kill\u0259ri il\u0259 yana\u015f\u0131 ilahiyyat\u00e7\u0131 Hac\u0131 \u015eahin, Xocal\u0131 \u0130cra Hakimiyy\u0259ti ba\u015f\u00e7\u0131s\u0131n\u0131n m\u00fcavini Vahid \u018fliyev v\u0259 dig\u0259r r\u0259smi \u015f\u0259xsl\u0259r i\u015ftirak edib. ARANTV.AZ\u00a0 Trend-\u0259 istinad\u0259n x\u0259b\u0259r verir ki,\u00a0 t\u0259dbird\u0259 \u00e7\u0131x\u0131\u015f ed\u0259n \u0130ctimai Birliyin s\u0259dr m\u00fcavini Ay\u015f\u0259n F\u0259xr\u0259ddinq\u0131z\u0131&hellip;","_links":{"self":[{"href":"https:\/\/arantv.az\/index.php?rest_route=\/wp\/v2\/posts\/318885"}],"collection":[{"href":"https:\/\/arantv.az\/index.php?rest_route=\/wp\/v2\/posts"}],"about":[{"href":"https:\/\/arantv.az\/index.php?rest_route=\/wp\/v2\/types\/post"}],"author":[{"embeddable":true,"href":"https:\/\/arantv.az\/index.php?rest_route=\/wp\/v2\/users\/2"}],"replies":[{"embeddable":true,"href":"https:\/\/arantv.az\/index.php?rest_route=%2Fwp%2Fv2%2Fcomments&post=318885"}],"version-history":[{"count":0,"href":"https:\/\/arantv.az\/index.php?rest_route=\/wp\/v2\/posts\/318885\/revisions"}],"wp:featuredmedia":[{"embeddable":true,"href":"https:\/\/arantv.az\/index.php?rest_route=\/wp\/v2\/media\/318886"}],"wp:attachment":[{"href":"https:\/\/arantv.az\/index.php?rest_route=%2Fwp%2Fv2%2Fmedia&parent=318885"}],"wp:term":[{"taxonomy":"category","embeddable":true,"href":"https:\/\/arantv.az\/index.php?rest_route=%2Fwp%2Fv2%2Fcategories&post=318885"},{"taxonomy":"post_tag","embeddable":true,"href":"https:\/\/arantv.az\/index.php?rest_route=%2Fwp%2Fv2%2Ftags&post=318885"}],"curies":[{"name":"wp","href":"https:\/\/api.w.org\/{rel}","templated":true}]}}