{"id":318910,"date":"2021-03-26T15:22:52","date_gmt":"2021-03-26T12:22:52","guid":{"rendered":"http:\/\/arantv.az\/?p=318910"},"modified":"2021-03-26T15:22:52","modified_gmt":"2021-03-26T12:22:52","slug":"az%c9%99rbaycanli-mug%c9%99nni-turkiy%c9%99li-ulduzla-duet-oxudu-video","status":"publish","type":"post","link":"https:\/\/arantv.az\/?p=318910","title":{"rendered":"Az\u0259rbaycanl\u0131 m\u00fc\u011f\u0259nni t\u00fcrkiy\u0259li ulduzla duet oxudu &#8211; V\u0130DEO"},"content":{"rendered":"<article class=\"news\">\n<div class=\"news-inner\">\n<p>M\u00fc\u011f\u0259nni T\u00fcrkan V\u0259lizad\u0259 bir ilk\u0259 imza at\u0131b.<\/p>\n<p>Bel\u0259 ki, g\u0259nc v\u0259 tan\u0131nan ifa\u00e7\u0131 T\u00fcrkan, T\u00fcrkiy\u0259nin ulduz m\u00fc\u011f\u0259nnisi\u00a0Do\u011fu\u015fla duet oxuyub. \u0130kili kamera \u00f6n\u00fcn\u0259 ke\u00e7\u0259r\u0259k \u201cBaka-Baka\u201d adl\u0131 mahn\u0131ya klip \u00e7\u0259kdirib.<\/p>\n<div id=\"AdviadNativeVideo0\" class=\"AdviadNativeVideo\"><\/div>\n<p>Qeyd ed\u0259k ki, klip ilk d\u0259f\u0259 ARB TV-nin Youtube kanal\u0131nda yay\u0131mlan\u0131b.<\/p>\n<p>S\u00f6z\u00fcged\u0259n klipi\u00a0siz\u0259 t\u0259qdim edirik:<\/p>\n<div><iframe loading=\"lazy\" title=\"YouTube video player\" src=\"https:\/\/www.youtube.com\/embed\/fEUwFkaJ3SE\" width=\"560\" height=\"315\" frameborder=\"0\" allowfullscreen=\"allowfullscreen\" data-mce-fragment=\"1\"><\/iframe><\/div>\n<\/div>\n<\/article>\n<h2 class=\"news-share-title\"><\/h2>\n","protected":false},"excerpt":{"rendered":"<p>M\u00fc\u011f\u0259nni T\u00fcrkan V\u0259lizad\u0259 bir ilk\u0259 imza at\u0131b. Bel\u0259 ki, g\u0259nc v\u0259 tan\u0131nan ifa\u00e7\u0131 T\u00fcrkan, T\u00fcrkiy\u0259nin ulduz m\u00fc\u011f\u0259nnisi\u00a0Do\u011fu\u015fla duet oxuyub. \u0130kili kamera \u00f6n\u00fcn\u0259 ke\u00e7\u0259r\u0259k \u201cBaka-Baka\u201d adl\u0131 mahn\u0131ya klip \u00e7\u0259kdirib. Qeyd ed\u0259k ki, klip ilk d\u0259f\u0259 ARB TV-nin Youtube kanal\u0131nda yay\u0131mlan\u0131b. S\u00f6z\u00fcged\u0259n klipi\u00a0siz\u0259 t\u0259qdim edirik:<\/p>\n","protected":false},"author":2,"featured_media":318911,"comment_status":"closed","ping_status":"closed","sticky":false,"template":"","format":"standard","meta":{"om_disable_all_campaigns":false,"_monsterinsights_skip_tracking":false,"_monsterinsights_sitenote_active":false,"_monsterinsights_sitenote_note":"","_monsterinsights_sitenote_category":0},"categories":[20],"tags":[],"aioseo_notices":[],"gutentor_comment":0,"rttpg_featured_image_url":{"full":["https:\/\/arantv.az\/wp-content\/uploads\/2021\/03\/FotoJet-28.jpg",620,442,false],"landscape":["https:\/\/arantv.az\/wp-content\/uploads\/2021\/03\/FotoJet-28.jpg",620,442,false],"portraits":["https:\/\/arantv.az\/wp-content\/uploads\/2021\/03\/FotoJet-28.jpg",620,442,false],"thumbnail":["https:\/\/arantv.az\/wp-content\/uploads\/2021\/03\/FotoJet-28-150x150.jpg",150,150,true],"medium":["https:\/\/arantv.az\/wp-content\/uploads\/2021\/03\/FotoJet-28-300x214.jpg",300,214,true],"large":["https:\/\/arantv.az\/wp-content\/uploads\/2021\/03\/FotoJet-28.jpg",620,442,false],"1536x1536":["https:\/\/arantv.az\/wp-content\/uploads\/2021\/03\/FotoJet-28.jpg",620,442,false],"2048x2048":["https:\/\/arantv.az\/wp-content\/uploads\/2021\/03\/FotoJet-28.jpg",620,442,false],"post-thumbnail":["https:\/\/arantv.az\/wp-content\/uploads\/2021\/03\/FotoJet-28-240x172.jpg",240,172,true],"advps-thumb-one":["https:\/\/arantv.az\/wp-content\/uploads\/2021\/03\/FotoJet-28.jpg",620,442,false]},"rttpg_author":{"display_name":"V\u00fcsal Rafiqo\u011flu","author_link":"https:\/\/arantv.az\/?author=2"},"rttpg_comment":0,"rttpg_category":"<a href=\"https:\/\/arantv.az\/?cat=20\" rel=\"category\">\u015eou biznes<\/a>","rttpg_excerpt":"M\u00fc\u011f\u0259nni T\u00fcrkan V\u0259lizad\u0259 bir ilk\u0259 imza at\u0131b. Bel\u0259 ki, g\u0259nc v\u0259 tan\u0131nan ifa\u00e7\u0131 T\u00fcrkan, T\u00fcrkiy\u0259nin ulduz m\u00fc\u011f\u0259nnisi\u00a0Do\u011fu\u015fla duet oxuyub. \u0130kili kamera \u00f6n\u00fcn\u0259 ke\u00e7\u0259r\u0259k \u201cBaka-Baka\u201d adl\u0131 mahn\u0131ya klip \u00e7\u0259kdirib. Qeyd ed\u0259k ki, klip ilk d\u0259f\u0259 ARB TV-nin Youtube kanal\u0131nda yay\u0131mlan\u0131b. S\u00f6z\u00fcged\u0259n klipi\u00a0siz\u0259 t\u0259qdim edirik:","_links":{"self":[{"href":"https:\/\/arantv.az\/index.php?rest_route=\/wp\/v2\/posts\/318910"}],"collection":[{"href":"https:\/\/arantv.az\/index.php?rest_route=\/wp\/v2\/posts"}],"about":[{"href":"https:\/\/arantv.az\/index.php?rest_route=\/wp\/v2\/types\/post"}],"author":[{"embeddable":true,"href":"https:\/\/arantv.az\/index.php?rest_route=\/wp\/v2\/users\/2"}],"replies":[{"embeddable":true,"href":"https:\/\/arantv.az\/index.php?rest_route=%2Fwp%2Fv2%2Fcomments&post=318910"}],"version-history":[{"count":0,"href":"https:\/\/arantv.az\/index.php?rest_route=\/wp\/v2\/posts\/318910\/revisions"}],"wp:featuredmedia":[{"embeddable":true,"href":"https:\/\/arantv.az\/index.php?rest_route=\/wp\/v2\/media\/318911"}],"wp:attachment":[{"href":"https:\/\/arantv.az\/index.php?rest_route=%2Fwp%2Fv2%2Fmedia&parent=318910"}],"wp:term":[{"taxonomy":"category","embeddable":true,"href":"https:\/\/arantv.az\/index.php?rest_route=%2Fwp%2Fv2%2Fcategories&post=318910"},{"taxonomy":"post_tag","embeddable":true,"href":"https:\/\/arantv.az\/index.php?rest_route=%2Fwp%2Fv2%2Ftags&post=318910"}],"curies":[{"name":"wp","href":"https:\/\/api.w.org\/{rel}","templated":true}]}}