{"id":318918,"date":"2021-03-26T15:30:19","date_gmt":"2021-03-26T12:30:19","guid":{"rendered":"http:\/\/arantv.az\/?p=318918"},"modified":"2021-03-26T15:30:19","modified_gmt":"2021-03-26T12:30:19","slug":"vaksinasiya-prosesi-bu-tarixd%c9%99-basa-catacaq-%c9%99rdogan-aciqladi","status":"publish","type":"post","link":"https:\/\/arantv.az\/?p=318918","title":{"rendered":"Vaksinasiya prosesi bu tarixd\u0259 ba\u015fa \u00e7atacaq &#8211; \u018frdo\u011fan A\u00c7IQLADI"},"content":{"rendered":"<p>T\u00fcrkiy\u0259 Prezidenti R\u0259c\u0259b Tayyib \u018frdo\u011fan T\u00fcrkiy\u0259d\u0259 COV\u0130D-19 virusuna qar\u015f\u0131 vaksinasiyan\u0131n n\u0259 vaxt bit\u0259c\u0259yin\u0259 ayd\u0131nl\u0131q g\u0259tirib.<\/p>\n<p><strong>ARANTV.AZ<\/strong>\u00a0\u00a0<a title=\"xeberler son xeberler 2021\" href=\"https:\/\/big.az\/\" target=\"_blank\" rel=\"noopener\">x\u0259b\u0259r<\/a>\u00a0verir ki, \u018frdo\u011fan jurnalistl\u0259rin sual\u0131na cavab\u0131nda vaksinasiya prosesinin may-iyun aylar\u0131nda ba\u015fa \u00e7ataca\u011f\u0131n\u0131 t\u0259xmin etdiyini bildirib.<\/p>\n<div id=\"AdviadNativeVideo0\" class=\"AdviadNativeVideo\"><\/div>\n<p>&#8220;D\u00fc\u015f\u00fcn\u00fcr\u00fck ki, may-iyun aylar\u0131nda bu proses bitsin v\u0259 yay f\u0259slin\u0259 daha rahat girmi\u015f olaq&#8221;, &#8211; dey\u0259 T\u00fcrkiy\u0259 lideri qeyd edib. \/Unikal.org<\/p>\n","protected":false},"excerpt":{"rendered":"<p>T\u00fcrkiy\u0259 Prezidenti R\u0259c\u0259b Tayyib \u018frdo\u011fan T\u00fcrkiy\u0259d\u0259 COV\u0130D-19 virusuna qar\u015f\u0131 vaksinasiyan\u0131n n\u0259 vaxt bit\u0259c\u0259yin\u0259 ayd\u0131nl\u0131q g\u0259tirib. ARANTV.AZ\u00a0\u00a0x\u0259b\u0259r\u00a0verir ki, \u018frdo\u011fan jurnalistl\u0259rin sual\u0131na cavab\u0131nda vaksinasiya prosesinin may-iyun aylar\u0131nda ba\u015fa \u00e7ataca\u011f\u0131n\u0131 t\u0259xmin etdiyini bildirib. &#8220;D\u00fc\u015f\u00fcn\u00fcr\u00fck ki, may-iyun aylar\u0131nda bu proses bitsin v\u0259 yay f\u0259slin\u0259 daha rahat girmi\u015f olaq&#8221;, &#8211; dey\u0259 T\u00fcrkiy\u0259 lideri qeyd edib. \/Unikal.org<\/p>\n","protected":false},"author":2,"featured_media":318919,"comment_status":"closed","ping_status":"closed","sticky":false,"template":"","format":"standard","meta":{"om_disable_all_campaigns":false,"_monsterinsights_skip_tracking":false,"_monsterinsights_sitenote_active":false,"_monsterinsights_sitenote_note":"","_monsterinsights_sitenote_category":0},"categories":[7],"tags":[],"aioseo_notices":[],"gutentor_comment":0,"rttpg_featured_image_url":{"full":["https:\/\/arantv.az\/wp-content\/uploads\/2021\/03\/erdogan_11616761485.jpg",550,390,false],"landscape":["https:\/\/arantv.az\/wp-content\/uploads\/2021\/03\/erdogan_11616761485.jpg",550,390,false],"portraits":["https:\/\/arantv.az\/wp-content\/uploads\/2021\/03\/erdogan_11616761485.jpg",550,390,false],"thumbnail":["https:\/\/arantv.az\/wp-content\/uploads\/2021\/03\/erdogan_11616761485-150x150.jpg",150,150,true],"medium":["https:\/\/arantv.az\/wp-content\/uploads\/2021\/03\/erdogan_11616761485-300x213.jpg",300,213,true],"large":["https:\/\/arantv.az\/wp-content\/uploads\/2021\/03\/erdogan_11616761485.jpg",550,390,false],"1536x1536":["https:\/\/arantv.az\/wp-content\/uploads\/2021\/03\/erdogan_11616761485.jpg",550,390,false],"2048x2048":["https:\/\/arantv.az\/wp-content\/uploads\/2021\/03\/erdogan_11616761485.jpg",550,390,false],"post-thumbnail":["https:\/\/arantv.az\/wp-content\/uploads\/2021\/03\/erdogan_11616761485-240x172.jpg",240,172,true],"advps-thumb-one":["https:\/\/arantv.az\/wp-content\/uploads\/2021\/03\/erdogan_11616761485.jpg",550,390,false]},"rttpg_author":{"display_name":"V\u00fcsal Rafiqo\u011flu","author_link":"https:\/\/arantv.az\/?author=2"},"rttpg_comment":0,"rttpg_category":"<a href=\"https:\/\/arantv.az\/?cat=7\" rel=\"category\">D\u00fcnya<\/a>","rttpg_excerpt":"T\u00fcrkiy\u0259 Prezidenti R\u0259c\u0259b Tayyib \u018frdo\u011fan T\u00fcrkiy\u0259d\u0259 COV\u0130D-19 virusuna qar\u015f\u0131 vaksinasiyan\u0131n n\u0259 vaxt bit\u0259c\u0259yin\u0259 ayd\u0131nl\u0131q g\u0259tirib. ARANTV.AZ\u00a0\u00a0x\u0259b\u0259r\u00a0verir ki, \u018frdo\u011fan jurnalistl\u0259rin sual\u0131na cavab\u0131nda vaksinasiya prosesinin may-iyun aylar\u0131nda ba\u015fa \u00e7ataca\u011f\u0131n\u0131 t\u0259xmin etdiyini bildirib. &#8220;D\u00fc\u015f\u00fcn\u00fcr\u00fck ki, may-iyun aylar\u0131nda bu proses bitsin v\u0259 yay f\u0259slin\u0259 daha rahat girmi\u015f olaq&#8221;, &#8211; dey\u0259 T\u00fcrkiy\u0259 lideri qeyd edib. \/Unikal.org","_links":{"self":[{"href":"https:\/\/arantv.az\/index.php?rest_route=\/wp\/v2\/posts\/318918"}],"collection":[{"href":"https:\/\/arantv.az\/index.php?rest_route=\/wp\/v2\/posts"}],"about":[{"href":"https:\/\/arantv.az\/index.php?rest_route=\/wp\/v2\/types\/post"}],"author":[{"embeddable":true,"href":"https:\/\/arantv.az\/index.php?rest_route=\/wp\/v2\/users\/2"}],"replies":[{"embeddable":true,"href":"https:\/\/arantv.az\/index.php?rest_route=%2Fwp%2Fv2%2Fcomments&post=318918"}],"version-history":[{"count":0,"href":"https:\/\/arantv.az\/index.php?rest_route=\/wp\/v2\/posts\/318918\/revisions"}],"wp:featuredmedia":[{"embeddable":true,"href":"https:\/\/arantv.az\/index.php?rest_route=\/wp\/v2\/media\/318919"}],"wp:attachment":[{"href":"https:\/\/arantv.az\/index.php?rest_route=%2Fwp%2Fv2%2Fmedia&parent=318918"}],"wp:term":[{"taxonomy":"category","embeddable":true,"href":"https:\/\/arantv.az\/index.php?rest_route=%2Fwp%2Fv2%2Fcategories&post=318918"},{"taxonomy":"post_tag","embeddable":true,"href":"https:\/\/arantv.az\/index.php?rest_route=%2Fwp%2Fv2%2Ftags&post=318918"}],"curies":[{"name":"wp","href":"https:\/\/api.w.org\/{rel}","templated":true}]}}