{"id":318944,"date":"2021-03-26T15:52:24","date_gmt":"2021-03-26T12:52:24","guid":{"rendered":"http:\/\/arantv.az\/?p=318944"},"modified":"2021-03-26T15:52:24","modified_gmt":"2021-03-26T12:52:24","slug":"sabir-rust%c9%99mxanli-c%c9%99brayilda-hec-vaxt-erm%c9%99ni-kils%c9%99si-olmayib","status":"publish","type":"post","link":"https:\/\/arantv.az\/?p=318944","title":{"rendered":"Sabir R\u00fcst\u0259mxanl\u0131: C\u0259bray\u0131lda he\u00e7 vaxt erm\u0259ni kils\u0259si olmay\u0131b"},"content":{"rendered":"<h2 class=\"my-4\">Sabir R\u00fcst\u0259mxanl\u0131: C\u0259bray\u0131lda he\u00e7 vaxt erm\u0259ni kils\u0259si olmay\u0131b<\/h2>\n<div class=\"content lead font-weight-normal\">\n<p>\u201cErm\u0259nil\u0259rin tarixl\u0259ri, iddialar\u0131, bir s\u00f6zl\u0259 h\u0259r \u015feyl\u0259ri saxtad\u0131r, indi d\u0259 C\u0259bray\u0131lda saxta kils\u0259 ara\u015fd\u0131r\u0131rlar. C\u0259f\u0259ngiyyatd\u0131r! C\u0259bray\u0131lda he\u00e7 vaxt erm\u0259ni kils\u0259si olmay\u0131b\u201d.<\/p>\n<p><strong>\u201c\u0130ki sahil\u201din m\u0259lumat\u0131na g\u00f6r\u0259,\u00a0bunu\u00a0Pravda.az-a Milli M\u0259clisin deputat\u0131, V\u0259t\u0259nda\u015f H\u0259mr\u0259yliyi Partiyas\u0131n\u0131n s\u0259dri\u00a0Sabir R\u00fcst\u0259mxanl\u0131\u00a0deyib.<\/strong><\/p>\n<p>Deputat bildirib ki, k\u00f6hn\u0259 s\u0259lib, xa\u00e7p\u0259r\u0259stlik havas\u0131 h\u0259l\u0259 d\u0259 Q\u0259rbin ba\u015f\u0131n\u0131n \u00fcst\u00fcnd\u0259 dola\u015fd\u0131\u011f\u0131 \u00fc\u00e7\u00fcn kils\u0259 onlar\u0131n yaral\u0131 yeridir: \u201cBu s\u0259b\u0259bd\u0259n, \u201ckils\u0259\u201d s\u00f6z\u00fc g\u0259l\u0259n kimi Q\u0259rb haqq\u0131-nahaqq\u0131 unudur v\u0259 he\u00e7 bir ara\u015fd\u0131rma aparmadan erm\u0259nil\u0259ri m\u00fcdafi\u0259 etm\u0259y\u0259 ba\u015flay\u0131r. C\u0259bray\u0131l \u015f\u0259h\u0259rini \u00e7ox yax\u015f\u0131 tan\u0131y\u0131ram, oran\u0131n f\u0259xri v\u0259t\u0259nda\u015f\u0131yam.\u00a0 Erm\u0259nil\u0259rin C\u0259bray\u0131lda he\u00e7 vaxt he\u00e7 bir tarixi abid\u0259si olmay\u0131b. Torpaqlar\u0131m\u0131z i\u015f\u011fal alt\u0131nda oldu\u011fu d\u00f6vrd\u0259 in\u015fa etdikl\u0259ri hans\u0131sa qondarma kils\u0259 tarixi abid\u0259 say\u0131la bilm\u0259z. Bu abid\u0259 he\u00e7 bir d\u0259y\u0259ri v\u0259 qiym\u0259ti olamayan bir \u015feydir. Y\u0259ni erm\u0259nil\u0259rin hay-k\u00fcy salmas\u0131na he\u00e7 bir \u0259sas yoxdur. Onlar bel\u0259 m\u0259s\u0259l\u0259l\u0259rd\u0259, ad\u0259t\u0259n, bizi qabaqlay\u0131rlar. \u00d6zl\u0259ri bizim y\u00fczl\u0259rl\u0259 abid\u0259mizi da\u011f\u0131d\u0131blar, amma b\u00fct\u00fcn d\u00fcnyaya q\u0131\u015fq\u0131r\u0131rlar ki, Az\u0259rbaycan kils\u0259mizi \u201cyox edib\u201d. Ordumuz torpaqlar\u0131m\u0131z\u0131 azad edib. Erm\u0259nistan da bilm\u0259lidir ki, h\u0259min \u0259razil\u0259r h\u00fcquqi c\u0259h\u0259td\u0259n Az\u0259rbaycan torpaqlar\u0131d\u0131r v\u0259 bizim torpaqlarda says\u0131z-hesabs\u0131z qanunsuzluqlar t\u00f6r\u0259dibl\u0259r. Bel\u0259 \u00e7\u0131x\u0131r ki, torpaqdan \u0259ll\u0259rini \u00fczd\u00fcl\u0259r, indi d\u0259 ba\u015flay\u0131blar ki, erm\u0259ni kils\u0259l\u0259ri \u201cda\u011f\u0131d\u0131l\u0131r\u201d\u201d.<\/p>\n<p>S.R\u00fcst\u0259mxanl\u0131 \u0259lav\u0259 edib ki, Qaraba\u011fdak\u0131 kils\u0259l\u0259rin erm\u0259nil\u0259r\u0259 aiddiyat\u0131 yoxdur: \u201cErm\u0259nil\u0259rin t\u0259kt\u00fck tikilil\u0259ri var, onlar\u0131 da bilirik, tan\u0131y\u0131r\u0131q. Qalanlar\u0131 is\u0259 ham\u0131s\u0131 alban kils\u0259l\u0259ridir. Tarixi saxtala\u015fd\u0131rmaq olmaz. Erm\u0259nil\u0259rin b\u00fct\u00fcn tarixl\u0259ri, iddialar\u0131, bir s\u00f6zl\u0259 h\u0259r \u015feyl\u0259ri saxtad\u0131r, indi d\u0259 C\u0259bray\u0131lda saxta kils\u0259 ara\u015fd\u0131r\u0131rlar. C\u0259f\u0259ngiyyatd\u0131r! Fikrimc\u0259, bu m\u0259s\u0259l\u0259y\u0259 ciddi yana\u015fmaq laz\u0131m deyil\u201d.<\/p>\n<p><strong>Qeyd:\u00a0<\/strong><em>Mart\u0131n 25-d\u0259 BBC News C\u0259bray\u0131l \u015f\u0259h\u0259rind\u0259 &#8220;Erm\u0259ni kils\u0259sinin yoxa \u00e7\u0131xmas\u0131\u201d bar\u0259d\u0259 x\u0259b\u0259r yay\u0131b. Az\u0259rbaycan X\u0130N YUNESKO \u00fczr\u0259 Erm\u0259nistan Milli Komissiyas\u0131n\u0131n Az\u0259rbaycan t\u0259r\u0259find\u0259n h\u0259r hans\u0131 bir \u201cm\u0259d\u0259niyy\u0259t cinay\u0259ti\u201d t\u00f6r\u0259dilm\u0259si bar\u0259d\u0259 iddialar\u0131n\u0131 q\u0259tiyy\u0259tl\u0259 r\u0259dd edir.<\/em><\/p>\n<\/div>\n","protected":false},"excerpt":{"rendered":"<p>Sabir R\u00fcst\u0259mxanl\u0131: C\u0259bray\u0131lda he\u00e7 vaxt erm\u0259ni kils\u0259si olmay\u0131b \u201cErm\u0259nil\u0259rin tarixl\u0259ri, iddialar\u0131, bir s\u00f6zl\u0259 h\u0259r \u015feyl\u0259ri saxtad\u0131r, indi d\u0259 C\u0259bray\u0131lda saxta kils\u0259 ara\u015fd\u0131r\u0131rlar. C\u0259f\u0259ngiyyatd\u0131r! C\u0259bray\u0131lda he\u00e7 vaxt erm\u0259ni kils\u0259si olmay\u0131b\u201d. \u201c\u0130ki sahil\u201din m\u0259lumat\u0131na g\u00f6r\u0259,\u00a0bunu\u00a0Pravda.az-a Milli M\u0259clisin deputat\u0131, V\u0259t\u0259nda\u015f H\u0259mr\u0259yliyi Partiyas\u0131n\u0131n s\u0259dri\u00a0Sabir R\u00fcst\u0259mxanl\u0131\u00a0deyib. Deputat bildirib ki, k\u00f6hn\u0259 s\u0259lib, xa\u00e7p\u0259r\u0259stlik havas\u0131 h\u0259l\u0259 d\u0259 Q\u0259rbin ba\u015f\u0131n\u0131n \u00fcst\u00fcnd\u0259 dola\u015fd\u0131\u011f\u0131 \u00fc\u00e7\u00fcn kils\u0259 onlar\u0131n yaral\u0131 yeridir: \u201cBu s\u0259b\u0259bd\u0259n, \u201ckils\u0259\u201d s\u00f6z\u00fc g\u0259l\u0259n kimi Q\u0259rb haqq\u0131-nahaqq\u0131 unudur v\u0259 he\u00e7 bir ara\u015fd\u0131rma aparmadan erm\u0259nil\u0259ri m\u00fcdafi\u0259 etm\u0259y\u0259 ba\u015flay\u0131r. C\u0259bray\u0131l \u015f\u0259h\u0259rini \u00e7ox yax\u015f\u0131 tan\u0131y\u0131ram, oran\u0131n f\u0259xri v\u0259t\u0259nda\u015f\u0131yam.\u00a0 Erm\u0259nil\u0259rin C\u0259bray\u0131lda he\u00e7 vaxt he\u00e7&hellip;<\/p>\n","protected":false},"author":2,"featured_media":318949,"comment_status":"closed","ping_status":"closed","sticky":false,"template":"","format":"standard","meta":{"om_disable_all_campaigns":false,"_monsterinsights_skip_tracking":false,"_monsterinsights_sitenote_active":false,"_monsterinsights_sitenote_note":"","_monsterinsights_sitenote_category":0},"categories":[19],"tags":[],"aioseo_notices":[],"gutentor_comment":0,"rttpg_featured_image_url":{"full":["https:\/\/arantv.az\/wp-content\/uploads\/2021\/03\/db53e24f158928812952855235410591405.jpg",975,540,false],"landscape":["https:\/\/arantv.az\/wp-content\/uploads\/2021\/03\/db53e24f158928812952855235410591405.jpg",975,540,false],"portraits":["https:\/\/arantv.az\/wp-content\/uploads\/2021\/03\/db53e24f158928812952855235410591405.jpg",975,540,false],"thumbnail":["https:\/\/arantv.az\/wp-content\/uploads\/2021\/03\/db53e24f158928812952855235410591405-150x150.jpg",150,150,true],"medium":["https:\/\/arantv.az\/wp-content\/uploads\/2021\/03\/db53e24f158928812952855235410591405-300x166.jpg",300,166,true],"large":["https:\/\/arantv.az\/wp-content\/uploads\/2021\/03\/db53e24f158928812952855235410591405.jpg",640,354,false],"1536x1536":["https:\/\/arantv.az\/wp-content\/uploads\/2021\/03\/db53e24f158928812952855235410591405.jpg",975,540,false],"2048x2048":["https:\/\/arantv.az\/wp-content\/uploads\/2021\/03\/db53e24f158928812952855235410591405.jpg",975,540,false],"post-thumbnail":["https:\/\/arantv.az\/wp-content\/uploads\/2021\/03\/db53e24f158928812952855235410591405-240x172.jpg",240,172,true],"advps-thumb-one":["https:\/\/arantv.az\/wp-content\/uploads\/2021\/03\/db53e24f158928812952855235410591405.jpg",975,540,false]},"rttpg_author":{"display_name":"V\u00fcsal Rafiqo\u011flu","author_link":"https:\/\/arantv.az\/?author=2"},"rttpg_comment":0,"rttpg_category":"<a href=\"https:\/\/arantv.az\/?cat=19\" rel=\"category\">G\u00fcnd\u0259m<\/a>","rttpg_excerpt":"Sabir R\u00fcst\u0259mxanl\u0131: C\u0259bray\u0131lda he\u00e7 vaxt erm\u0259ni kils\u0259si olmay\u0131b \u201cErm\u0259nil\u0259rin tarixl\u0259ri, iddialar\u0131, bir s\u00f6zl\u0259 h\u0259r \u015feyl\u0259ri saxtad\u0131r, indi d\u0259 C\u0259bray\u0131lda saxta kils\u0259 ara\u015fd\u0131r\u0131rlar. C\u0259f\u0259ngiyyatd\u0131r! C\u0259bray\u0131lda he\u00e7 vaxt erm\u0259ni kils\u0259si olmay\u0131b\u201d. \u201c\u0130ki sahil\u201din m\u0259lumat\u0131na g\u00f6r\u0259,\u00a0bunu\u00a0Pravda.az-a Milli M\u0259clisin deputat\u0131, V\u0259t\u0259nda\u015f H\u0259mr\u0259yliyi Partiyas\u0131n\u0131n s\u0259dri\u00a0Sabir R\u00fcst\u0259mxanl\u0131\u00a0deyib. Deputat bildirib ki, k\u00f6hn\u0259 s\u0259lib, xa\u00e7p\u0259r\u0259stlik havas\u0131 h\u0259l\u0259 d\u0259 Q\u0259rbin ba\u015f\u0131n\u0131n \u00fcst\u00fcnd\u0259 dola\u015fd\u0131\u011f\u0131 \u00fc\u00e7\u00fcn&hellip;","_links":{"self":[{"href":"https:\/\/arantv.az\/index.php?rest_route=\/wp\/v2\/posts\/318944"}],"collection":[{"href":"https:\/\/arantv.az\/index.php?rest_route=\/wp\/v2\/posts"}],"about":[{"href":"https:\/\/arantv.az\/index.php?rest_route=\/wp\/v2\/types\/post"}],"author":[{"embeddable":true,"href":"https:\/\/arantv.az\/index.php?rest_route=\/wp\/v2\/users\/2"}],"replies":[{"embeddable":true,"href":"https:\/\/arantv.az\/index.php?rest_route=%2Fwp%2Fv2%2Fcomments&post=318944"}],"version-history":[{"count":0,"href":"https:\/\/arantv.az\/index.php?rest_route=\/wp\/v2\/posts\/318944\/revisions"}],"wp:featuredmedia":[{"embeddable":true,"href":"https:\/\/arantv.az\/index.php?rest_route=\/wp\/v2\/media\/318949"}],"wp:attachment":[{"href":"https:\/\/arantv.az\/index.php?rest_route=%2Fwp%2Fv2%2Fmedia&parent=318944"}],"wp:term":[{"taxonomy":"category","embeddable":true,"href":"https:\/\/arantv.az\/index.php?rest_route=%2Fwp%2Fv2%2Fcategories&post=318944"},{"taxonomy":"post_tag","embeddable":true,"href":"https:\/\/arantv.az\/index.php?rest_route=%2Fwp%2Fv2%2Ftags&post=318944"}],"curies":[{"name":"wp","href":"https:\/\/api.w.org\/{rel}","templated":true}]}}